{"id":38763,"date":"2011-07-25T13:59:01","date_gmt":"2011-07-25T11:59:01","guid":{"rendered":"http:\/\/kulturbloggen.com\/?p=38763"},"modified":"2011-07-25T13:59:01","modified_gmt":"2011-07-25T11:59:01","slug":"tre-sommarnatter-med-la-traviata-pa-opera-hedeland-vid-roskilde-med-borjan-29-juli","status":"publish","type":"post","link":"https:\/\/kulturbloggen.com\/?p=38763","title":{"rendered":"Tre sommarn\u00e4tter med &#8221;La Traviata&#8221; p\u00e5 Opera Hedeland vid Roskilde med b\u00f6rjan 29 juli"},"content":{"rendered":"<p><a href=\"http:\/\/kulturbloggen.com\/wp-content\/uploads\/2011\/07\/LaTraviata-operahedeland.jpg\"><img loading=\"lazy\" decoding=\"async\" src=\"http:\/\/kulturbloggen.com\/wp-content\/uploads\/2011\/07\/LaTraviata-operahedeland-212x300.jpg\" alt=\"\" title=\"LaTraviata operahedeland\" width=\"212\" height=\"300\" class=\"aligncenter size-medium wp-image-38764\" \/><\/a><br \/>\nP\u00e5 fredagkv\u00e4ll den 29 juli \u00e4r det premi\u00e4r p\u00e5 \u00e5rets operaupps\u00e4ttning p\u00e5 Opera Hedeland , den stora utomhus arenan i n\u00e4rheten av Roskilde n\u00e5gra mil fr\u00e5n K\u00f6penhamn.  \u00c5rets upps\u00e4ttning \u00e4r Giuseppe Verdis \u201dLa Traviata\u201d. Det \u00e4r sommarens andra upps\u00e4ttning eftersom Sk\u00e5nska Operan just nu \u00e4r p\u00e5 turn\u00e9 runt om i Sk\u00e5ne med just \u201dLa Traviata\u201d.<\/p>\n<p>Som Violetta \u201d den vilsef\u00f6rda\u201d h\u00f6r vi den norska sopranen Kari Postma som senast hade en ledande roll i Jonas Forsells nyskrivna opera \u201dHemligheter\u201d som hade urpremi\u00e4r p\u00e5 Malm\u00f6 Opera i februari i \u00e5r.Kari Postma har ocks\u00e5 tidigare sjungit p\u00e5 Hedeland n\u00e4mligen Li\u00fa:s parti i Puccinis Turandot\u201d, men ocks\u00e5 Pamina i Mozart\u00b4s \u201dTrollfl\u00f6jten\u201d. <a href=\"http:\/\/teatermagasinet.se\/?p=2591\">Mer om Kari Postma kan du l\u00e4sa h\u00e4r<\/a>.<\/p>\n<p>Som hennes \u00e4lskare f\u00e5r vi h\u00f6ra Daniel Johansson som nu senast hade stor framg\u00e5ng som Rodolfo i Stockholmsoperans upps\u00e4ttning av Giacomo Puccinis \u201dBoheme\u201d. Som hans far h\u00f6r vi  Fredrik Zetterstr\u00f6m som nu senast har gjort succ\u00e9 som Wotan i Wermland Operas upps\u00e4ttning av  Richard Wagners \u201dNibelungens ring\u201d. Tidigare i \u00e5r gjorde Fredrik \u00e4ven storsucc\u00e9 som Posa i Giuseppe Verdis \u201dDon Carlos\u201d i Staffan Waldemar Holms upps\u00e4ttning p\u00e5 G\u00f6teborgsOperan.<\/p>\n<p>F\u00f6r musiken svarar Collegium Musicum en av Danmarks fr\u00e4msta orkester, en g\u00e5ng bildad av DKT:s tidigare musikchef Michael Sch\u00f6nwandt. Orkesterns medlemmar best\u00e5r av de fr\u00e4msta musikerna i Radiosymfoniorkestret och Det Kongelige Kapel. Dirigent \u00e4r amerikanaren Erik Nielsen som till vardags \u00e4r kapellm\u00e4stare p\u00e5 Frankfurt- operan.<\/p>\n<p>Regiss\u00f6r \u00e4r Vibeke Wrede som ju i grunden mest regisserar talteater, men det \u00e4r inte f\u00f6rsta g\u00e5ngen hon \u00e4gnar sig \u00e5t opera eftersom hon regisserade \u201dNabucco\u201d 2006 p\u00e5 Opera Hedeland.<br \/>\nKoreograf \u00e4r Martin Forsberg och f\u00f6r scenografin svarar Martin Eriksson, medan Laur\u00e9line D\u00e9monet svarar f\u00f6r kostymdesignen.<\/p>\n<p>Det blir ytterligare tv\u00e5 f\u00f6rest\u00e4llningar ut\u00f6ver premi\u00e4ren den 29 juli, blir det f\u00f6rest\u00e4llning den 5 och 6 augusti. Alla f\u00f6rest\u00e4llningar b\u00f6rjar klockan 21:00.<\/p>\n<p>Vill du l\u00e4sa mer om handlingen i operan kan du <a href=\"http:\/\/www.mogensoperasidor.se\/latraviatamalmo1.htm#latraviatamalmo1\">bes\u00f6ka Mogens Operasidor<\/a><\/p>\n<p>Beh\u00f6ver du veta mer om arrangemanget bes\u00f6k <a href=\"http:\/\/www.operahedeland.dk\">Opera Hedeland<\/a><\/p>\n","protected":false},"excerpt":{"rendered":"<p>P\u00e5 fredagkv\u00e4ll den 29 juli \u00e4r det premi\u00e4r p\u00e5 \u00e5rets operaupps\u00e4ttning p\u00e5 Opera Hedeland , den stora utomhus arenan i n\u00e4rheten av Roskilde n\u00e5gra mil fr\u00e5n K\u00f6penhamn. \u00c5rets upps\u00e4ttning \u00e4r Giuseppe Verdis \u201dLa Traviata\u201d. Det \u00e4r sommarens andra upps\u00e4ttning eftersom Sk\u00e5nska Operan just nu \u00e4r p\u00e5 turn\u00e9 runt om i Sk\u00e5ne med just \u201dLa Traviata\u201d. [&hellip;]<\/p>\n","protected":false},"author":13,"featured_media":0,"comment_status":"open","ping_status":"open","sticky":false,"template":"","format":"standard","meta":{"_genesis_hide_title":false,"_genesis_hide_breadcrumbs":false,"_genesis_hide_singular_image":false,"_genesis_hide_footer_widgets":false,"_genesis_custom_body_class":"","_genesis_custom_post_class":"","_genesis_layout":"","footnotes":""},"categories":[20],"tags":[3201],"class_list":["post-38763","post","type-post","status-publish","format-standard","category-film","tag-la-traviata","entry"],"_links":{"self":[{"href":"https:\/\/kulturbloggen.com\/index.php?rest_route=\/wp\/v2\/posts\/38763","targetHints":{"allow":["GET"]}}],"collection":[{"href":"https:\/\/kulturbloggen.com\/index.php?rest_route=\/wp\/v2\/posts"}],"about":[{"href":"https:\/\/kulturbloggen.com\/index.php?rest_route=\/wp\/v2\/types\/post"}],"author":[{"embeddable":true,"href":"https:\/\/kulturbloggen.com\/index.php?rest_route=\/wp\/v2\/users\/13"}],"replies":[{"embeddable":true,"href":"https:\/\/kulturbloggen.com\/index.php?rest_route=%2Fwp%2Fv2%2Fcomments&post=38763"}],"version-history":[{"count":0,"href":"https:\/\/kulturbloggen.com\/index.php?rest_route=\/wp\/v2\/posts\/38763\/revisions"}],"wp:attachment":[{"href":"https:\/\/kulturbloggen.com\/index.php?rest_route=%2Fwp%2Fv2%2Fmedia&parent=38763"}],"wp:term":[{"taxonomy":"category","embeddable":true,"href":"https:\/\/kulturbloggen.com\/index.php?rest_route=%2Fwp%2Fv2%2Fcategories&post=38763"},{"taxonomy":"post_tag","embeddable":true,"href":"https:\/\/kulturbloggen.com\/index.php?rest_route=%2Fwp%2Fv2%2Ftags&post=38763"}],"curies":[{"name":"wp","href":"https:\/\/api.w.org\/{rel}","templated":true}]}}