{"id":38710,"date":"2011-07-22T16:30:36","date_gmt":"2011-07-22T14:30:36","guid":{"rendered":"http:\/\/kulturbloggen.com\/?p=38710"},"modified":"2011-07-22T16:30:36","modified_gmt":"2011-07-22T14:30:36","slug":"urpremiar-pa-daniel-nelsons-nyskrivna-opera-stolthet-och-fordom-i-brollopssalen-pa-vadstena-slott","status":"publish","type":"post","link":"https:\/\/kulturbloggen.com\/?p=38710","title":{"rendered":"Intryck fr\u00e5n urpremi\u00e4ren p\u00e5 Daniel Nelsons f\u00f6rsta opera &#8221;Stolthet och f\u00f6rdom&#8221; i Br\u00f6llopssalen p\u00e5 Vadstena slott"},"content":{"rendered":"<p><a href=\"http:\/\/kulturbloggen.com\/wp-content\/uploads\/2011\/07\/stolthetochf\u00f6rdomdamerna.jpg\"><img loading=\"lazy\" decoding=\"async\" src=\"http:\/\/kulturbloggen.com\/wp-content\/uploads\/2011\/07\/stolthetochf\u00f6rdomdamerna.jpg\" alt=\"\" title=\"stolthetochf\u00f6rdomdamerna\" width=\"210\" height=\"140\" class=\"aligncenter size-full wp-image-38715\" \/><\/a><br \/>\nUrpremi\u00e4ren p\u00e5 Daniel Nelsons f\u00f6rsta opera \u201dStolthet och f\u00f6rdom\u201d blev en succ\u00e9 \u00e5tminstone bland en del av premi\u00e4rpubliken, s\u00e4rskilt den delen av publiken som satt h\u00f6gst upp till h\u00f6ger om oss. Ja, jag \u00e4r inte helt s\u00e4ker p\u00e5 att urpremi\u00e4ren blev en succ\u00e9 i min operav\u00e4rld.<\/p>\n<p>Att skriva musik till Jane Austen\u00b4s k\u00e4nda roman \u00e4r f\u00f6rmodligen inte heller den enklaste sak i v\u00e4rlden.  Musiken \u00e4r bitvis mycket vacker och helt enkelt helt fantastisk ljuvlig, ja n\u00e4stan magisk, men f\u00f6r det mesta l\u00e4mnar musiken mig totalt ober\u00f6rd. Enligt programbladet beskrivs Nelsons musik som pulsorienterat och med en nyromantisk \u00e5dra. Detta omd\u00f6me g\u00e4ller ju hans tidigare komponerade symfoniska musik. Kanske \u00e4r musiken alltf\u00f6r modern f\u00f6r en musik\u00e4lskare som \u00e4lskar Puccini, Verdi och Wagner och SJ Petterssons musik, inte n\u00f6dv\u00e4ndigtvis i denna ordning. <\/p>\n<p>Mitt f\u00f6rsta intryck av f\u00f6rest\u00e4llningen \u00e4r att operan mer \u00e4r att betrakta som ett \u201dteaterst\u00fcck mit musiek\u201d. Det beh\u00f6ver n\u00f6dv\u00e4ndigtvis inte betraktas som ett negativt omd\u00f6me utan mer som ett konstaterande. Det dansas ocks\u00e5 en hel del i f\u00f6rest\u00e4llningen och det \u00e4r ju ganska naturligt eftersom f\u00f6rsta akten utspelar sig p\u00e5 en bal. Det ser realistiskt och trov\u00e4rdigt ut.En eloge vill jag ocks\u00e5 l\u00e4mna till samtliga agerande f\u00f6r ett full\u00e4ndat och tr\u00e4ffs\u00e4kert agerande.<\/p>\n<p>Operan sjungs p\u00e5 svenska och \u00e4r uppblandad med talade dialoger och detta \u00e4r f\u00f6rmodligen helt n\u00f6dv\u00e4ndigt f\u00f6r f\u00f6rst\u00e5elsen av verket och att f\u00f6ra  handlingen fram\u00e5t. Sj\u00e4lva handlingen \u00e4r ju ganska l\u00e4tt att sammanfatta: det handlar om att f\u00e5 paret Bennets d\u00f6ttrar bortgifta s\u00e5 fort som m\u00f6jligt och detta med tanke p\u00e5 att om fadern d\u00f6r s\u00e5 st\u00e4lls b\u00e5de fru Bennett och d\u00f6ttrarna p\u00e5 bar backe. Orsaken till detta \u00e4r att ett fideikommiss endast kan \u00e4rvas av m\u00e4n och eftersom det inte finns n\u00e5gon yngling s\u00e5 \u00e4rvs fideikommisset av en annan manlig sl\u00e4ktning.  <\/p>\n<p>I operan sjunger nio av morgondagens operastj\u00e4rnor och den rutinerade Mikael Axelsson. P\u00e5 s\u00e5ngarprestationerna kan jag inte klaga och som helhet var det en mycket bra prestation av de inblandade. Jag har h\u00f6rt flera av s\u00e5ngarna tidigare och egentligen var det bara H\u00e9l\u00e8ne Kimblad som jag h\u00f6rde f\u00f6r f\u00f6rsta g\u00e5ngen. Visst fanns det n\u00e5gra som skiljde sig fr\u00e5n m\u00e4ngden och h\u00e4r t\u00e4nker jag fr\u00e4mst p\u00e5 Jesper S\u00e4ll f\u00f6rra \u00e5rets Romeo i 2010-\u00e5rs operaupps\u00e4ttning i Vadstena, men ocks\u00e5 Thomas Sepp gjorde ett bejublat framtr\u00e4dande i andra och tredje akten. John Kinell och  Martin Vanberg gjorde ocks\u00e5 en mycket gedigen insats. I John Kinells fall \u00e4r det framf\u00f6rallt hans sceniska framst\u00e4llning som imponerar och sedan \u00e4r han ju en utomordentlig s\u00e5ngare med en mycket vacker r\u00f6st. <\/p>\n<p>Bland damerna hittade jag egentligen inte en enda svag punkt, m\u00f6jligen lite premi\u00e4rnervositet h\u00e4r och d\u00e4r. I slutet av andra akten sj\u00f6ng damerna sig rakt in i mitt hj\u00e4rta, s\u00e5 vackert var det.<\/p>\n<p>\u00c4ven om jag inte gillade musiken helt fullt och fast s\u00e5 beror detta kanske p\u00e5 att det \u00e4r sv\u00e5rt att ta till sig helt ny musik bara s\u00e5 d\u00e4r och n\u00e5gon m\u00f6jlighet att lyssna in sig p\u00e5 musiken har ju inte heller varit m\u00f6jligt.<\/p>\n<p>Inte heller finns det anledning att klaga p\u00e5 det musikaliska framf\u00f6randet. Tv\u00e4rtom! Den tretton man starka orkestern, under ledning av dirigenten David Bj\u00f6rkman svarade f\u00f6r en gedigen insats.<\/p>\n<p>Sammanfattningsvis var det en ganska fin operaupplevelse och skulle det vara m\u00f6jligt att se f\u00f6rest\u00e4llningen en g\u00e5ng till skulle jag f\u00f6rmodligen inte tveka att ta den chansen.Tyv\u00e4rr \u00e4r detta inte m\u00f6jligt eftersom alla f\u00f6rest\u00e4llningarna redan nu \u00e4r uts\u00e5lda, men det g\u00e5r att lyssna p\u00e5 verket genom att SR P2 spelar in f\u00f6rest\u00e4llningen. <\/p>\n<p>Produktionsteam<br \/>\nTons\u00e4ttare: Daniel Nelson (2011).<br \/>\nLibrettist: Sofia Fred\u00e9n.<br \/>\nDirigent: David Bj\u00f6rkman.<br \/>\nLibrettodramaturg: Lucia Cajachanov\u00e1<br \/>\nRegikoncept: Clara Sv\u00e4rd.<br \/>\nRegi- &#038; koreografteam: Johanna Hybinette, Nils Spangenberg och Clara Sv\u00e4rd<br \/>\nScenografi och kostym: Ulrika Wedin.<br \/>\nLjuss\u00e4ttare: Jimmy Str\u00f6m.<br \/>\nMaskdesign: Katrin Wahlberg.<\/p>\n<p>Ensemble:<br \/>\nLizzy &#8211; Elisabeth Meyer (sopran).<br \/>\nMr Darcy &#8211; John Kinell (baryton).<br \/>\nLydia &#8211; Sofie Asplund (sopran).<br \/>\nMr Wickham &#8211; Martin Vanberg (tenor).<br \/>\nCharlotte &#8211; Sara P Eriksson (mezzosopran).<br \/>\nMr Collins &#8211; Thomas Sepp (baryton).<br \/>\nMrs Bennet &#8211; H\u00e9l\u00e8ne Kimblad (mezzosopran).<br \/>\nMr Bennet: Mikael Axelsson (basbaryton &#8211; g\u00e4st).<br \/>\nJane &#8211; Magdalena Risberg (sopran).<br \/>\nMr Bingley &#8211; Jesper S\u00e4ll (tenor).<\/p>\n<p><b>RECENSIONER<\/b><br \/>\n<a href=\"http:\/\/www.svd.se\/kultur\/scen\/maffig-austen-opera_6341814.svd\">Svd<\/a><br \/>\n<a href=\"http:\/\/mvt.se\/kulturnoje\/recensioner\/teater\/1.1293753--stolthet-och-fordom-\">MTV Motala &#038; Vadstena Tidning <\/a><br \/>\n<a href=\"http:\/\/sverigesradio.se\/sida\/artikel.aspx?programid=478&#038;artikel=4611892\">Kulturnytts recension<\/a><br \/>\n<a href=\"http:\/\/www.dn.se\/kultur-noje\/scenrecensioner\/stolthet-och-fordom-baserad-pa-jane-austens-roman\">DN:s recension<\/a><br \/>\n<a href=\"http:\/\/www.gp.se\/kulturnoje\/scenkonst\/1.683884-stolthet-och-fordom-vadstena-slott\">GP:s recension<\/a><\/p>\n","protected":false},"excerpt":{"rendered":"<p>Urpremi\u00e4ren p\u00e5 Daniel Nelsons f\u00f6rsta opera \u201dStolthet och f\u00f6rdom\u201d blev en succ\u00e9 \u00e5tminstone bland en del av premi\u00e4rpubliken, s\u00e4rskilt den delen av publiken som satt h\u00f6gst upp till h\u00f6ger om oss. Ja, jag \u00e4r inte helt s\u00e4ker p\u00e5 att urpremi\u00e4ren blev en succ\u00e9 i min operav\u00e4rld. Att skriva musik till Jane Austen\u00b4s k\u00e4nda roman \u00e4r [&hellip;]<\/p>\n","protected":false},"author":13,"featured_media":0,"comment_status":"open","ping_status":"open","sticky":false,"template":"","format":"standard","meta":{"_genesis_hide_title":false,"_genesis_hide_breadcrumbs":false,"_genesis_hide_singular_image":false,"_genesis_hide_footer_widgets":false,"_genesis_custom_body_class":"","_genesis_custom_post_class":"","_genesis_layout":"","footnotes":""},"categories":[20],"tags":[],"class_list":{"0":"post-38710","1":"post","2":"type-post","3":"status-publish","4":"format-standard","6":"category-film","7":"entry"},"_links":{"self":[{"href":"https:\/\/kulturbloggen.com\/index.php?rest_route=\/wp\/v2\/posts\/38710","targetHints":{"allow":["GET"]}}],"collection":[{"href":"https:\/\/kulturbloggen.com\/index.php?rest_route=\/wp\/v2\/posts"}],"about":[{"href":"https:\/\/kulturbloggen.com\/index.php?rest_route=\/wp\/v2\/types\/post"}],"author":[{"embeddable":true,"href":"https:\/\/kulturbloggen.com\/index.php?rest_route=\/wp\/v2\/users\/13"}],"replies":[{"embeddable":true,"href":"https:\/\/kulturbloggen.com\/index.php?rest_route=%2Fwp%2Fv2%2Fcomments&post=38710"}],"version-history":[{"count":0,"href":"https:\/\/kulturbloggen.com\/index.php?rest_route=\/wp\/v2\/posts\/38710\/revisions"}],"wp:attachment":[{"href":"https:\/\/kulturbloggen.com\/index.php?rest_route=%2Fwp%2Fv2%2Fmedia&parent=38710"}],"wp:term":[{"taxonomy":"category","embeddable":true,"href":"https:\/\/kulturbloggen.com\/index.php?rest_route=%2Fwp%2Fv2%2Fcategories&post=38710"},{"taxonomy":"post_tag","embeddable":true,"href":"https:\/\/kulturbloggen.com\/index.php?rest_route=%2Fwp%2Fv2%2Ftags&post=38710"}],"curies":[{"name":"wp","href":"https:\/\/api.w.org\/{rel}","templated":true}]}}