{"id":38685,"date":"2011-07-21T22:05:48","date_gmt":"2011-07-21T20:05:48","guid":{"rendered":"http:\/\/kulturbloggen.com\/?p=38685"},"modified":"2011-07-21T22:05:48","modified_gmt":"2011-07-21T20:05:48","slug":"pa-skrattfest-pa-parkteatern-med-anna-pettersson","status":"publish","type":"post","link":"https:\/\/kulturbloggen.com\/?p=38685","title":{"rendered":"P\u00e5 skrattfest p\u00e5 Parkteatern med Anna Pettersson"},"content":{"rendered":"<p><a href=\"http:\/\/kulturbloggen.com\/wp-content\/uploads\/2011\/07\/parkteatern_anna.jpg\"><img loading=\"lazy\" decoding=\"async\" class=\"aligncenter size-medium wp-image-38687\" title=\"parkteatern_anna\" src=\"http:\/\/kulturbloggen.com\/wp-content\/uploads\/2011\/07\/parkteatern_anna-300x225.jpg\" alt=\"\" width=\"300\" height=\"225\" \/><\/a><br \/>\nFriluftsteatern p\u00e5 L\u00e5ngholmen ligger mysigt inramad av lummiga tr\u00e4d s\u00e5 h\u00e4r \u00e5rs. P\u00e5 torsdagskv\u00e4llen hade Parkteatern premi\u00e4r d\u00e4r p\u00e5 f\u00f6rest\u00e4llningen &#8221;N\u00e4stan en helkv\u00e4ll&#8221; av och med Anna Pettersson.<\/p>\n<p>Det hade regnat hela dagen men p\u00e5 eftermiddagen klarnade det upp n\u00e5got och v\u00e4dergudarna verkade ta h\u00e4nsyn till teaterns och publikens f\u00f6rhoppningar och h\u00f6ll regnet d\u00e4rifr\u00e5n.<br \/>\nVisserligen passade n\u00e5gra helikoptrar p\u00e5 att v\u00e4snas on\u00f6digt mycket n\u00e4r de for p\u00e5 skyn \u00f6ver friluftsteatern, men hellre det \u00e4n regn.<\/p>\n<p>Scenen var sp\u00e4nnande f\u00e4rgsprakande inredd med lyckohjul, gammaldags barnvagn, en stor porslinshund och en j\u00e4ttestor pappersfisk som h\u00e4ngde i scentaket. De tre m\u00e4nnen i orkestern kom in p\u00e5 scen f\u00f6rst och de var kl\u00e4dda i svarta kl\u00e4der med lysande r\u00f6da slipsar och matchande r\u00f6da gummist\u00f6vlar och n\u00e4r Anna Pettersson sj\u00e4lv kom in p\u00e5 scenen var hon grandios i svarta kl\u00e4der med stora orange tygblommor.<\/p>\n<p>Hon h\u00e4lsade oss v\u00e4lkomna till Helvetet, som \u00e4r en plats d\u00e4r all v\u00e4rldens bloggar spelas upp p\u00e5 en stor sk\u00e4rm och alla v\u00e5ra misstag som spelats in p\u00e5 youtube upprepar sig i all evighet p\u00e5 en annan stor sk\u00e4rm.<\/p>\n<p>Anna Pettersson och hennes musiker tog oss med p\u00e5 en skrattfest med mycket allvar i. Jag tror det \u00e4r nyttigt av en m\u00e4ngd orsaker att anv\u00e4nda skrattmusklerna och att se p\u00e5 saker med humor och v\u00e4rme.<\/p>\n<p>I en sketch pekade Anna p\u00e5 hur mycket poliser har att l\u00e4sa av sk\u00e5despelare idag. De flesta sk\u00e5despelare har ju en hel del erfarenhet av att spela polis eller brottsoffer.<\/p>\n<p>&#8211; Som vi kvinnliga sk\u00e5despelare har ju ofta stor erfarenhet av att spela brottsoffer som utsatt f\u00f6r sv\u00e5rt v\u00e5ld, sade hon.<br \/>\nHon visade ocks\u00e5 hur sk\u00e5despelare har en hel del att l\u00e4ra poliser hur de ska utstr\u00e5la trov\u00e4rdighet vid tillslag, med r\u00e4tt magst\u00f6d och vapnet i r\u00e4tt h\u00f6jd, med g\u00e5ngen lagom nonchalant och den \u00f6gonbrynen med den r\u00e4tta polisrynkan.<\/p>\n<p>Ja det var mycket att le och skratta \u00e5t och ibland vet vi som publik inte om hon skojar eller inte n\u00e4r Anna Pettersson leker med sin roll som sk\u00e5despelare. Har hon gl\u00f6mt replikerna p\u00e5 riktigt och verkligen beh\u00f6ver sina fusklappar eller \u00e4r det ett sk\u00e5despel om sk\u00e5despel?<\/p>\n<p>I vilket fall som helst, det var underh\u00e5llande och samtidigt tr\u00e4ffs\u00e4kra visdomsord och sketcher om samh\u00e4llet och om relationer mellan m\u00e4nniskor.<\/p>\n<p>Det \u00e4r sv\u00e5rt att v\u00e4lja vad som var roligast, det var en dryg timme underh\u00e5llande skarpsinne.<br \/>\nKanske beskrivningen av chefer idag var h\u00f6jdpunkten?<br \/>\n&#8221;F\u00f6rr var chefer n\u00e5n som var vuxen och ledde oss som var mer som barn. Idag \u00e4r chefer mer som barn som vi anst\u00e4llda ska ta hand om som vuxna.&#8221;<\/p>\n<p>Lite om f\u00f6rest\u00e4llningen fr\u00e5n ett pressutskick:<\/p>\n<p>N\u00c4STAN EN HELKV\u00c4LL<br \/>\nAv och med: Anna Pettersson<br \/>\nMusiker: Alexander Schmidt (piano), Andreas Lundh\u00e4ll (bas), Fredrik<br \/>\nMyhr (trummor).<\/p>\n<p>I ett sn\u00e4llt paket med bitvis giftigt inneh\u00e5ll f\u00e5r vi n\u00e4stan en helkv\u00e4ll med Anna Pettersson och tre musiker. Hon styr oss fram i ett samtal som sp\u00e5rar mellan det realistiska, drastiska och surrealistiska \u2013 fr\u00e5n klassisk underh\u00e5llning till \u201d\u00f6verunderh\u00e5llning\u201d!<\/p>\n<p>TURN\u00c9 JULI<br \/>\n21 torsd kl 19 L\u00e5ngholmen Premi\u00e4r!<br \/>\n22 fred kl 19 L\u00e5ngholmen<br \/>\n23 l\u00f6rd kl 19 \u00c5keshovs slott<br \/>\n24 s\u00f6nd kl 19 \u00c5keshovs slott<br \/>\n26 tisd kl 19 \u00c5rsta torg<br \/>\n27 onsd kl 19 \u00c5rsta torg<br \/>\n28 torsd kl 19 Vinterviken<br \/>\n29 fred kl 19 Vinterviken<br \/>\n30 l\u00f6rd kl 18.30 Under Eken\/Gal\u00e4rparken<br \/>\n31 s\u00f6nd kl 18.30 Under Eken\/Gal\u00e4rparken<\/p>\n<p><a href=\"http:\/\/www.stadsteatern.stockholm.se\/index.asp?parkteatern\/parkteatern.asp&amp;main\">Mer om Parkteatern p\u00e5 dess del p\u00e5 Stadsteaterns hemsida.<\/a><\/p>\n<p>L\u00e4s \u00e4ven andra bloggares \u00e5sikter om <a href=\"http:\/\/bloggar.se\/om\/Parkteaterns\" rel=\"tag\">Parkteaterns<\/a>, <a href=\"http:\/\/bloggar.se\/om\/Anna+Pettersson\" rel=\"tag\">Anna Pettersson<\/a>, <a href=\"http:\/\/bloggar.se\/om\/skrattfest\" rel=\"tag\">skrattfest<\/a>, <a href=\"http:\/\/bloggar.se\/om\/humor\" rel=\"tag\">humor<\/a>, <a href=\"http:\/\/bloggar.se\/om\/absurt\" rel=\"tag\">absurt<\/a><\/p>\n","protected":false},"excerpt":{"rendered":"<p>Friluftsteatern p\u00e5 L\u00e5ngholmen ligger mysigt inramad av lummiga tr\u00e4d s\u00e5 h\u00e4r \u00e5rs. P\u00e5 torsdagskv\u00e4llen hade Parkteatern premi\u00e4r d\u00e4r p\u00e5 f\u00f6rest\u00e4llningen &#8221;N\u00e4stan en helkv\u00e4ll&#8221; av och med Anna Pettersson. Det hade regnat hela dagen men p\u00e5 eftermiddagen klarnade det upp n\u00e5got och v\u00e4dergudarna verkade ta h\u00e4nsyn till teaterns och publikens f\u00f6rhoppningar och h\u00f6ll regnet d\u00e4rifr\u00e5n. Visserligen [&hellip;]<\/p>\n","protected":false},"author":2,"featured_media":0,"comment_status":"open","ping_status":"open","sticky":false,"template":"","format":"standard","meta":{"_genesis_hide_title":false,"_genesis_hide_breadcrumbs":false,"_genesis_hide_singular_image":false,"_genesis_hide_footer_widgets":false,"_genesis_custom_body_class":"","_genesis_custom_post_class":"","_genesis_layout":"","footnotes":""},"categories":[16,20,30,31],"tags":[312,4263,5148],"class_list":{"0":"post-38685","1":"post","2":"type-post","3":"status-publish","4":"format-standard","6":"category-recension","7":"category-film","8":"category-teater","9":"category-teaterrecension","10":"tag-anna-pettersson","11":"tag-parkteaterns","12":"tag-skrattfest","13":"entry"},"_links":{"self":[{"href":"https:\/\/kulturbloggen.com\/index.php?rest_route=\/wp\/v2\/posts\/38685","targetHints":{"allow":["GET"]}}],"collection":[{"href":"https:\/\/kulturbloggen.com\/index.php?rest_route=\/wp\/v2\/posts"}],"about":[{"href":"https:\/\/kulturbloggen.com\/index.php?rest_route=\/wp\/v2\/types\/post"}],"author":[{"embeddable":true,"href":"https:\/\/kulturbloggen.com\/index.php?rest_route=\/wp\/v2\/users\/2"}],"replies":[{"embeddable":true,"href":"https:\/\/kulturbloggen.com\/index.php?rest_route=%2Fwp%2Fv2%2Fcomments&post=38685"}],"version-history":[{"count":0,"href":"https:\/\/kulturbloggen.com\/index.php?rest_route=\/wp\/v2\/posts\/38685\/revisions"}],"wp:attachment":[{"href":"https:\/\/kulturbloggen.com\/index.php?rest_route=%2Fwp%2Fv2%2Fmedia&parent=38685"}],"wp:term":[{"taxonomy":"category","embeddable":true,"href":"https:\/\/kulturbloggen.com\/index.php?rest_route=%2Fwp%2Fv2%2Fcategories&post=38685"},{"taxonomy":"post_tag","embeddable":true,"href":"https:\/\/kulturbloggen.com\/index.php?rest_route=%2Fwp%2Fv2%2Ftags&post=38685"}],"curies":[{"name":"wp","href":"https:\/\/api.w.org\/{rel}","templated":true}]}}