{"id":38616,"date":"2011-07-19T14:14:24","date_gmt":"2011-07-19T12:14:24","guid":{"rendered":"http:\/\/kulturbloggen.com\/?p=38616"},"modified":"2011-07-19T14:14:24","modified_gmt":"2011-07-19T12:14:24","slug":"eu-ar-ett-hot-mot-oppenheten","status":"publish","type":"post","link":"https:\/\/kulturbloggen.com\/?p=38616","title":{"rendered":"EU \u00e4r ett hot mot \u00f6ppenheten"},"content":{"rendered":"<p><a href=\"http:\/\/kulturbloggen.com\/wp-content\/uploads\/2011\/07\/Sk\u00e4rmavbild-2011-07-19-kl.-14.09.04.png\"><img loading=\"lazy\" decoding=\"async\" class=\"aligncenter size-medium wp-image-38619\" title=\"Sk\u00e4rmavbild 2011-07-19 kl. 14.09.04\" src=\"http:\/\/kulturbloggen.com\/wp-content\/uploads\/2011\/07\/Sk\u00e4rmavbild-2011-07-19-kl.-14.09.04-300x187.png\" alt=\"\" width=\"300\" height=\"187\" \/><\/a><\/p>\n<p>S\u00e4kerhetsregler f\u00f6r klassificerade handlingar i EU ska ocks\u00e5 g\u00e4lla f\u00f6r svenska myndigheter. Uppgifter som klassats att vara till &#8221;endast ringa men&#8221; f\u00f6r EU ska inte l\u00e4mnas ut. Det har regeringen g\u00e5tt med p\u00e5, <a href=\"http:\/\/www.journalisten.se\/artikel\/28242\/eus-hemligstaemplar-ska-gaella-i-sverige\">skriver Journalisten<\/a>.<\/p>\n<p>Kanske kommer fr\u00e5gan att avg\u00f6ras av riksdagen.<\/p>\n<p>Det \u00e4r ot\u00e4ckt n\u00e4r EU:s makthavare p\u00e5 det h\u00e4r s\u00e4ttet vill strypa \u00f6ppenheten och g\u00f6ra det sv\u00e5rare f\u00f6r medier och allm\u00e4nhet att f\u00e5 insyn i \u00e4renden som har med EU att g\u00f6ra.<\/p>\n<p>Ur Journalisten:<\/p>\n<blockquote><p>Ett avtal underskrivet av de 27 EU-ambassad\u00f6rerna i Bryssel inneb\u00e4r att medlemsl\u00e4nderna i forts\u00e4ttningen ska till\u00e4mpa samma s\u00e4kerhetsregler f\u00f6r handlingar, och samma s\u00e4kerhetskontroll av personal som hittills enbart har g\u00e4llt internt i Bryssel.<br \/>\nAvtalet skrevs under den 4 maj i \u00e5r men tr\u00e4der f\u00f6rst i kraft efter att det har godk\u00e4nts i medlemsl\u00e4nderna.<\/p><\/blockquote>\n<p>Det ska bli mycket intressant att f\u00f6lja svenska politikers agerande h\u00e4r. Vilka \u00e4r f\u00f6r att ge makthavare mer makt att hemligst\u00e4mpla fler dokument? Vilka politiker \u00e4r f\u00f6r transparens och vilka vill strypa \u00f6ppenheten?<\/p>\n<p>N\u00e4r vi gick med i EU var ett av de stora argumenten att r\u00f6rligheten skulle \u00f6ka mellan l\u00e4nder &#8211; men ingen politiker som var f\u00f6r EU talade om att den stora europeiska sammanslutningen skulle minska folks och mediers insyn i politikers beslut. Ingen politiker stod upp och marknadsf\u00f6rde EU som ett projekt som skulle ge makthavare mer makt och folket mindre makt och mindre insyn.<\/p>\n<p>Det \u00e4r dags f\u00f6r politikerna att bek\u00e4nna f\u00e4rg nu. Vad vill de med EU? \u00c4r EU p\u00e5 v\u00e4g att mer och mer bli en \u00f6verstat som har drag Storsovjet?<\/p>\n<p>Visst, jag kan g\u00e5 med p\u00e5 att det finns dokument som ska ha sekretess. Men det \u00e4r mycket f\u00e5. \u00d6ppenhet och transparens \u00e4r allra oftast en b\u00e4ttre v\u00e4g att g\u00e5. Att makthavare har tilltro till medborgarna ger b\u00e4ttre f\u00f6ruts\u00e4ttningar f\u00f6r ett bra samh\u00e4lle \u00e4n att medborgare omyndigf\u00f6rklaras genom att inte anses ha f\u00f6rm\u00e5ga att f\u00f6rst\u00e5 dokument.<\/p>\n<p>Och vart tog integritetsfr\u00e5gorna v\u00e4gen? Det har varit v\u00e4ldigt tyst kring detta p\u00e5 sistone, <a href=\"http:\/\/henrikalexandersson.blogspot.com\/2011\/07\/som-vanligt-bryr-sig-ingen.html\">p\u00e5pekar HAX:<\/a><\/p>\n<blockquote><p>Det h\u00e4r med EU:s nya &#8221;bank-FRA&#8221; (EU-TFTP) g\u00f6r mig en smula matt och uppgiven, p\u00e5 flera s\u00e4tt.<\/p>\n<p><strong>Bortsett fr\u00e5n att\u00a0<a href=\"http:\/\/henrikalexandersson.blogspot.com\/2011\/07\/engstrom-vs-malmstrom-rond-3.html\" target=\"_blank\">Pirate MEP Christian Engstr\u00f6m och EU-Kommission\u00e4r Cecilia Malmstr\u00f6m brottas lite p\u00e5\u00a0<em>SVT Rapports<\/em>\u00a0hemsida<\/a>, s\u00e5 r\u00e5der tystnad om saken i svenska media. Total tystnad.<\/strong><\/p>\n<p>EU t\u00e4nker allts\u00e5 s\u00e4tta upp ett system som kommer att \u00f6vervaka europeiska medborgares, f\u00f6retags och organisationers bankkonton och banktransaktioner. Vilket \u00e4r r\u00e4tt oerh\u00f6rt. Men ingen verkar bry sig.<\/p><\/blockquote>\n<p>F\u00f6r mig \u00e4r detta en annan sida av samma mynt: det vill s\u00e4ga EU-statens misstroende mot dess medborgare och makthavarnas strategi f\u00f6r att minska \u00f6ppenhet och \u00f6ka \u00f6vervakningen &#8211; helt enkelt skapa ett mindre fritt samh\u00e4lle.<\/p>\n<p>L\u00e4s \u00e4ven andra bloggares \u00e5sikter om <a href=\"http:\/\/bloggar.se\/om\/storebror\" rel=\"tag\">storebror<\/a>, <a href=\"http:\/\/bloggar.se\/om\/EU\" rel=\"tag\">EU<\/a>, <a href=\"http:\/\/bloggar.se\/om\/%F6ppenhet\" rel=\"tag\">\u00f6ppenhet<\/a>, <a href=\"http:\/\/bloggar.se\/om\/hemligst%E4mpling\" rel=\"tag\">hemligst\u00e4mpling<\/a>, <a href=\"http:\/\/bloggar.se\/om\/sekretess\" rel=\"tag\">sekretess<\/a><\/p>\n","protected":false},"excerpt":{"rendered":"<p>S\u00e4kerhetsregler f\u00f6r klassificerade handlingar i EU ska ocks\u00e5 g\u00e4lla f\u00f6r svenska myndigheter. Uppgifter som klassats att vara till &#8221;endast ringa men&#8221; f\u00f6r EU ska inte l\u00e4mnas ut. Det har regeringen g\u00e5tt med p\u00e5, skriver Journalisten. Kanske kommer fr\u00e5gan att avg\u00f6ras av riksdagen. Det \u00e4r ot\u00e4ckt n\u00e4r EU:s makthavare p\u00e5 det h\u00e4r s\u00e4ttet vill strypa \u00f6ppenheten [&hellip;]<\/p>\n","protected":false},"author":2,"featured_media":0,"comment_status":"open","ping_status":"open","sticky":false,"template":"","format":"standard","meta":{"_genesis_hide_title":false,"_genesis_hide_breadcrumbs":false,"_genesis_hide_singular_image":false,"_genesis_hide_footer_widgets":false,"_genesis_custom_body_class":"","_genesis_custom_post_class":"","_genesis_layout":"","footnotes":""},"categories":[44,62],"tags":[1581,2250,6536,5432],"class_list":{"0":"post-38616","1":"post","2":"type-post","3":"status-publish","4":"format-standard","6":"category-chadie","7":"category-medie-och-kulturpolitik","8":"tag-eu","9":"tag-hemligstampling","10":"tag-oppenhet","11":"tag-storebror","12":"entry"},"_links":{"self":[{"href":"https:\/\/kulturbloggen.com\/index.php?rest_route=\/wp\/v2\/posts\/38616","targetHints":{"allow":["GET"]}}],"collection":[{"href":"https:\/\/kulturbloggen.com\/index.php?rest_route=\/wp\/v2\/posts"}],"about":[{"href":"https:\/\/kulturbloggen.com\/index.php?rest_route=\/wp\/v2\/types\/post"}],"author":[{"embeddable":true,"href":"https:\/\/kulturbloggen.com\/index.php?rest_route=\/wp\/v2\/users\/2"}],"replies":[{"embeddable":true,"href":"https:\/\/kulturbloggen.com\/index.php?rest_route=%2Fwp%2Fv2%2Fcomments&post=38616"}],"version-history":[{"count":0,"href":"https:\/\/kulturbloggen.com\/index.php?rest_route=\/wp\/v2\/posts\/38616\/revisions"}],"wp:attachment":[{"href":"https:\/\/kulturbloggen.com\/index.php?rest_route=%2Fwp%2Fv2%2Fmedia&parent=38616"}],"wp:term":[{"taxonomy":"category","embeddable":true,"href":"https:\/\/kulturbloggen.com\/index.php?rest_route=%2Fwp%2Fv2%2Fcategories&post=38616"},{"taxonomy":"post_tag","embeddable":true,"href":"https:\/\/kulturbloggen.com\/index.php?rest_route=%2Fwp%2Fv2%2Ftags&post=38616"}],"curies":[{"name":"wp","href":"https:\/\/api.w.org\/{rel}","templated":true}]}}