{"id":38595,"date":"2011-07-18T16:05:28","date_gmt":"2011-07-18T14:05:28","guid":{"rendered":"http:\/\/kulturbloggen.com\/?p=38595"},"modified":"2011-07-18T16:05:28","modified_gmt":"2011-07-18T14:05:28","slug":"prial-scream-spelar-screamadelica-i-stockholm-29-augusti","status":"publish","type":"post","link":"https:\/\/kulturbloggen.com\/?p=38595","title":{"rendered":"Primal Scream spelar Screamadelica i Stockholm 29 augusti"},"content":{"rendered":"<p><a href=\"http:\/\/kulturbloggen.com\/wp-content\/uploads\/2011\/07\/screamadelica-live-lug.jpg\"><img loading=\"lazy\" decoding=\"async\" src=\"http:\/\/kulturbloggen.com\/wp-content\/uploads\/2011\/07\/screamadelica-live-lug-300x166.jpg\" alt=\"\" title=\"screamadelica-live-lug\" width=\"300\" height=\"166\" class=\"aligncenter size-medium wp-image-38596\" \/><\/a><\/p>\n<p>Primal Scream fick v\u00e4ldigt bra kritik f\u00f6r sin spelning i Hultsfred. F\u00f6r alla dess fans kommer nu ett kul besked, bandet spelar i Stockholm den 29 augusti p\u00e5 M\u00fcnchenbryggeriet.<\/p>\n<p>H\u00e4r \u00e4r pressmeddelandet: <\/p>\n<blockquote><p>N\u00e4r min kompis Gustavs f\u00f6r\u00e4ldrar var borta brukade vi springa in i hans lilla ombonade rum, skruva upp volymen till max och spela sp\u00e5r nummer sju \u2013 Loaded \u2013 p\u00e5 Primal Screams &#8221;Screamadelica&#8221;. N\u00e4r samplingen fr\u00e5n Peter Fondas karakt\u00e4r i The Wild Angels g\u00e5r \u00f6ver till brasset och gospelk\u00f6rerna och forts\u00e4tter i den smittande trumsamplingen, b\u00f6rjade dansen inom oss. \u201dWe wanna be free, we wanna be free to do what we wanna to do. And we wanna get loaded and we want to have a good time.\u201d <\/p>\n<p>&#8221;Screamadelica&#8221; kom 1991 och sl\u00e4pptes p\u00e5 mytomspunna Creation Records (The Jesus and Mary Chain, Oasis, My Bloody Valentine med flera). Det blev inte bara Primal Screams stora genombrott, utan markerade ocks\u00e5 Acid Housens v\u00e4g fr\u00e5n de engelska klubbarna till den breda massans vardagsrum och rockmusikens b\u00f6rjan till att experimentera med elektroscenen. Kort sagt: &#8221;Screamadelica&#8221; f\u00f6r\u00e4ndrade det musikaliska landskapet. <\/p>\n<p>Efter &#8221;Screamadelica&#8221; fortsatte Primal Scream i en musikalisk bana som st\u00e4ndigt tog nya riktningar. Men lika frustrerande som det ibland har varit, har detta st\u00e4ndiga s\u00f6kande efter att skapa nytt har ocks\u00e5 lett till att Primal Scream \u2013 med sin karakteristiska frontfigur Bobby Gillespie \u2013 alltid fortsatt att vara intressanta. <\/p>\n<p>Tjugo \u00e5r och sex plattor efter releasen kommer nu Primal Scream spela hela &#8221;Screamadelica&#8221; fr\u00e5n b\u00f6rjan till slut. Ut\u00f6ver en ut\u00f6kad lineup, som bland annat inkluderar en bl\u00e5ssektion och perkussionister, s\u00e5 regisseras konserten av den Turner Prize nominerade Jim Lambie och inleds av den legendariska DJ Andrew Weatherall (som bland annat remixat Bj\u00f6rk, Siouxsie Sioux, New Order med flera). <\/p>\n<p>S\u00e5 f\u00f6r att \u00e5terkoppla till inledningen av Andrew Weatherall producerade \u201dLoaded\u201d:<br \/>\n\u2013 Just what is it that you want to do?<br \/>\n\u2013 We wanna be free, we wanna be free to do what we wanna to do. And we wanna get loaded and we want to have a good time.<br \/>\n\u2013 So that\u2019s what we\u2019re gonna do. We\u2019re gonna have a good time, we\u2019re gonna have a party. <\/p>\n<p>Primal Scream spelade nyligen i Hultsfred och Aftonbladet gav spelningen h\u00f6gsta betyg!<br \/>\n&#8221;Varenda l\u00e5t h\u00e5ller p\u00e5 att sj\u00e4lvant\u00e4nda. Varje ton, varje ljudeffekt, varje ackord levereras med en helt kn\u00e4ckande attack &#8230; Det h\u00e4r \u00e4r bland det b\u00e4sta jag sett. N\u00e5gonsin.&#8221;<br \/>\n<a href=\"http:\/\/www.aftonbladet.se\/nojesbladet\/musik\/rockbjornen2011\/article13327384.ab\">Markus Larsson, Aftonbladet<\/a>. <\/p><\/blockquote>\n<p><strong><a href=\"http:\/\/kulturbloggen.com\/?p=38442\">Du har v\u00e4l inte missat Kulturbloggens recension av Primal Screams spelning p\u00e5 Hultsfred?<\/a><\/strong><\/p>\n<p>L\u00e4s \u00e4ven andra bloggares \u00e5sikter om <a href=\"http:\/\/bloggar.se\/om\/M%FCnchenbryggeriet\" rel=\"tag\">M\u00fcnchenbryggeriet<\/a>, <a href=\"http:\/\/bloggar.se\/om\/Primal+Scream\" rel=\"tag\">Primal Scream<\/a><\/p>\n","protected":false},"excerpt":{"rendered":"<p>Primal Scream fick v\u00e4ldigt bra kritik f\u00f6r sin spelning i Hultsfred. F\u00f6r alla dess fans kommer nu ett kul besked, bandet spelar i Stockholm den 29 augusti p\u00e5 M\u00fcnchenbryggeriet. H\u00e4r \u00e4r pressmeddelandet: N\u00e4r min kompis Gustavs f\u00f6r\u00e4ldrar var borta brukade vi springa in i hans lilla ombonade rum, skruva upp volymen till max och spela [&hellip;]<\/p>\n","protected":false},"author":13,"featured_media":0,"comment_status":"open","ping_status":"open","sticky":false,"template":"","format":"standard","meta":{"_genesis_hide_title":false,"_genesis_hide_breadcrumbs":false,"_genesis_hide_singular_image":false,"_genesis_hide_footer_widgets":false,"_genesis_custom_body_class":"","_genesis_custom_post_class":"","_genesis_layout":"","footnotes":""},"categories":[7],"tags":[3878,4494],"class_list":{"0":"post-38595","1":"post","2":"type-post","3":"status-publish","4":"format-standard","6":"category-musik","7":"tag-munchenbryggeriet","8":"tag-primal-scream","9":"entry"},"_links":{"self":[{"href":"https:\/\/kulturbloggen.com\/index.php?rest_route=\/wp\/v2\/posts\/38595","targetHints":{"allow":["GET"]}}],"collection":[{"href":"https:\/\/kulturbloggen.com\/index.php?rest_route=\/wp\/v2\/posts"}],"about":[{"href":"https:\/\/kulturbloggen.com\/index.php?rest_route=\/wp\/v2\/types\/post"}],"author":[{"embeddable":true,"href":"https:\/\/kulturbloggen.com\/index.php?rest_route=\/wp\/v2\/users\/13"}],"replies":[{"embeddable":true,"href":"https:\/\/kulturbloggen.com\/index.php?rest_route=%2Fwp%2Fv2%2Fcomments&post=38595"}],"version-history":[{"count":0,"href":"https:\/\/kulturbloggen.com\/index.php?rest_route=\/wp\/v2\/posts\/38595\/revisions"}],"wp:attachment":[{"href":"https:\/\/kulturbloggen.com\/index.php?rest_route=%2Fwp%2Fv2%2Fmedia&parent=38595"}],"wp:term":[{"taxonomy":"category","embeddable":true,"href":"https:\/\/kulturbloggen.com\/index.php?rest_route=%2Fwp%2Fv2%2Fcategories&post=38595"},{"taxonomy":"post_tag","embeddable":true,"href":"https:\/\/kulturbloggen.com\/index.php?rest_route=%2Fwp%2Fv2%2Ftags&post=38595"}],"curies":[{"name":"wp","href":"https:\/\/api.w.org\/{rel}","templated":true}]}}