{"id":38528,"date":"2011-07-16T02:27:45","date_gmt":"2011-07-16T00:27:45","guid":{"rendered":"http:\/\/kulturbloggen.com\/?p=38528"},"modified":"2011-07-16T02:27:45","modified_gmt":"2011-07-16T00:27:45","slug":"en-ny-blogg-om-att-foda-barn","status":"publish","type":"post","link":"https:\/\/kulturbloggen.com\/?p=38528","title":{"rendered":"En ny blogg om att f\u00f6da barn"},"content":{"rendered":"<p><a href=\"http:\/\/kulturbloggen.com\/wp-content\/uploads\/2011\/07\/vallmo.jpg\"><img loading=\"lazy\" decoding=\"async\" class=\"aligncenter size-medium wp-image-38530\" title=\"vallmo\" src=\"http:\/\/kulturbloggen.com\/wp-content\/uploads\/2011\/07\/vallmo-300x200.jpg\" alt=\"\" width=\"300\" height=\"200\" \/><\/a><\/p>\n<p>Det var ett tag sedan jag skrev om nya bloggar eller om bloggar \u00f6verhuvudtaget. Orsaken \u00e4r inte att bloggar och bloggande har blivit ointressanta. Tv\u00e4rtom, bloggarna \u00e4r fortfarnade n\u00e5got av det v\u00e4rdefullaste som finns p\u00e5 internet och webben och jag skall f\u00f6rs\u00f6ka fokusera lite mer p\u00e5 detta ett tag fram\u00f6ver.<\/p>\n<p>Bloggen har blivit ett medium f\u00f6r all som vill publicera en mer personlig journal om sig sj\u00e4lv eller sitt yrke. Vi hittar m\u00e4ngder med forskare och experter som gjort bloggen till ett ansikte ut\u00e5t f\u00f6r sitt omr\u00e5de.<\/p>\n<p>Den senaste jag bekantat mig med \u00e4r en blogg om att f\u00f6da barn. Det \u00e4r barnmorskan och forskaren Ingegerd Hildingsson som skriver om all sidor av barnaf\u00f6dandet.<\/p>\n<p>Att v\u00e4nta barn, speciellt det f\u00f6rsta \u00e4r en mycket speciell fas i livet. Man anar att inget kommer att bli sig likt (och det blir det inte heller).<\/p>\n<p><a href=\"http:\/\/www.dn.se\/debatt\/ett-av-tre-dodfodda-barn-skulle-ha-kunnat-raddas\">Dagens Nyheter idag<\/a> g\u00f6r det klart f\u00f6r mig att vi beh\u00f6ver ett \u00f6ppet samtal kring barnaf\u00f6dande och v\u00e5rden. B\u00e4ttre plats \u00e4n webben finns knappast.<\/p>\n<p>Bes\u00f6k <a href=\"http:\/\/www.fodabarnbloggen.se\">www.fodabarnbloggen.se<\/a> och botanisera g\u00e4rna bland l\u00e4nkarna i l\u00e4nklistan. Flera av dem hade jag alldrig kommit p\u00e5 att s\u00f6ka efter sj\u00e4lv.<\/p>\n<p><a href=\"http:\/\/intressant.se\/intressant\">Intressant?<\/a> L\u00e4s \u00e4ven andra bloggares \u00e5sikter om <a href=\"http:\/\/bloggar.se\/om\/F%F6da+barn\" rel=\"tag\">F\u00f6da barn<\/a>, <a href=\"http:\/\/bloggar.se\/om\/f%F6r%E4ldraskap\" rel=\"tag\">f\u00f6r\u00e4ldraskap<\/a>, <a href=\"http:\/\/bloggar.se\/om\/webben\" rel=\"tag\">webben<\/a>, <a href=\"http:\/\/bloggar.se\/om\/F%F6dabarnbloggen\" rel=\"tag\">F\u00f6dabarnbloggen<\/a><\/p>\n","protected":false},"excerpt":{"rendered":"<p>Det var ett tag sedan jag skrev om nya bloggar eller om bloggar \u00f6verhuvudtaget. Orsaken \u00e4r inte att bloggar och bloggande har blivit ointressanta. Tv\u00e4rtom, bloggarna \u00e4r fortfarnade n\u00e5got av det v\u00e4rdefullaste som finns p\u00e5 internet och webben och jag skall f\u00f6rs\u00f6ka fokusera lite mer p\u00e5 detta ett tag fram\u00f6ver. Bloggen har blivit ett medium [&hellip;]<\/p>\n","protected":false},"author":13,"featured_media":0,"comment_status":"open","ping_status":"open","sticky":false,"template":"","format":"standard","meta":{"_genesis_hide_title":false,"_genesis_hide_breadcrumbs":false,"_genesis_hide_singular_image":false,"_genesis_hide_footer_widgets":false,"_genesis_custom_body_class":"","_genesis_custom_post_class":"","_genesis_layout":"","footnotes":""},"categories":[20],"tags":[1910,1943,6365],"class_list":{"0":"post-38528","1":"post","2":"type-post","3":"status-publish","4":"format-standard","6":"category-film","7":"tag-foda-barn","8":"tag-foraldraskap","9":"tag-webben","10":"entry"},"_links":{"self":[{"href":"https:\/\/kulturbloggen.com\/index.php?rest_route=\/wp\/v2\/posts\/38528","targetHints":{"allow":["GET"]}}],"collection":[{"href":"https:\/\/kulturbloggen.com\/index.php?rest_route=\/wp\/v2\/posts"}],"about":[{"href":"https:\/\/kulturbloggen.com\/index.php?rest_route=\/wp\/v2\/types\/post"}],"author":[{"embeddable":true,"href":"https:\/\/kulturbloggen.com\/index.php?rest_route=\/wp\/v2\/users\/13"}],"replies":[{"embeddable":true,"href":"https:\/\/kulturbloggen.com\/index.php?rest_route=%2Fwp%2Fv2%2Fcomments&post=38528"}],"version-history":[{"count":0,"href":"https:\/\/kulturbloggen.com\/index.php?rest_route=\/wp\/v2\/posts\/38528\/revisions"}],"wp:attachment":[{"href":"https:\/\/kulturbloggen.com\/index.php?rest_route=%2Fwp%2Fv2%2Fmedia&parent=38528"}],"wp:term":[{"taxonomy":"category","embeddable":true,"href":"https:\/\/kulturbloggen.com\/index.php?rest_route=%2Fwp%2Fv2%2Fcategories&post=38528"},{"taxonomy":"post_tag","embeddable":true,"href":"https:\/\/kulturbloggen.com\/index.php?rest_route=%2Fwp%2Fv2%2Ftags&post=38528"}],"curies":[{"name":"wp","href":"https:\/\/api.w.org\/{rel}","templated":true}]}}