{"id":385,"date":"2008-07-06T22:15:31","date_gmt":"2008-07-06T22:15:31","guid":{"rendered":"http:\/\/kulturbloggen.com\/?p=385"},"modified":"2011-11-18T21:13:36","modified_gmt":"2011-11-18T21:13:36","slug":"almedalsbloggar-overallt-men-bara-en-ar-almedalsbloggen","status":"publish","type":"post","link":"https:\/\/kulturbloggen.com\/?p=385","title":{"rendered":"Almedalsbloggar \u00f6verallt &#8211; men bara en \u00e4r Almedalsbloggen"},"content":{"rendered":"<p>Almedalen verkar vara en politisk happening som mer \u00e4n andra verkar passa f\u00f6r bloggens format. Eller? Jag vet inte om jag tycker det. Men det \u00e4r i alla fall s\u00e5 att varenda st\u00f6rre redaktion har en Almedalsblogg ig\u00e5ng nu.<\/p>\n<p>P\u00e5 Aftonbladet ligger till och med <a href=\"http:\/\/blogg.aftonbladet.se\/15894\/perma\/878335\/\">bloggrapporten \u00f6verst<\/a> (i alla fall just nu) bland alla tidningens rapporter fr\u00e5n Almedalen s\u00f6ndag.<\/p>\n<blockquote><p>&#8221;Du har inte disciplin p\u00e5 dina egna ungar\u201d<br \/>\nJohanna Mel\u00e9n<br \/>\nBLOGG Vem s\u00e4ger s\u00e5 till disciplinivraren Jan Bj\u00f6rklund? aftonbladet.se:s Johanna Mel\u00e9n rapporterar direkt fr\u00e5n politikerveckan i Almedalen. <\/p><\/blockquote>\n<p>Men jag har lite sv\u00e5rt att f\u00f6rst\u00e5 vitsen med att medier har bloggar om s\u00e5dant h\u00e4r. Medierna har ju sina sajter. Varf\u00f6r inte l\u00e5ta reportrarna publicera sig d\u00e4r med snabba rapporter under dagens lopp? Vad \u00e4r sj\u00e4lva vitsen att g\u00f6ra samma sak som de redan g\u00f6r och kalla det blogg? Sydsvenskan som \u00e4nd\u00e5 \u00e4r r\u00e4tt p\u00e5 hugget verkar ha insett detsamma (eller s\u00e5 dyker det upp en Almedalsblogg d\u00e4r i morgon och det visar sig att jag har helt fel om dem). De har en nyhetsartikel som \u00e4r roligare att l\u00e4sa \u00e4n alla mediebloggars bloggposter om Almedalen: <a href=\"http:\/\/sydsvenskan.se\/sverige\/article343896.ece\">Den politiska cirkusen har b\u00f6rjat.<\/a><\/p>\n<p>Dessutom saknar de traditionella mediernas bloggverktyg ofta en del grundl\u00e4ggande egenskaper. Aftonbladets redaktionella bloggares blogginl\u00e4gg har inte n\u00e5gon trackback-funktion. Inte som syns i alla fall. P\u00e5 tidningens sajts artiklar finns funktionen att visa blogginl\u00e4gg om artikeln, s\u00e5 har inte deras redaktionella bloggares artiklar\/poster.<\/p>\n<p>P\u00e5 Dagens Nyheters bloggverktyg f\u00f6r redaktionell personal finns inte kommentarsfunktion.<\/p>\n<p>Bloggverktyg \u00e4r ett verktyg som \u00e4r v\u00e4ldigt l\u00e4mpligt f\u00f6r att publicera sig p\u00e5 webben med. Men flera av de funktionerna har ju m\u00e5nga av medierna redan inf\u00f6rt p\u00e5 sina sajter, som RSS-fl\u00f6den, kommentarsm\u00f6jligheter f\u00f6r bes\u00f6kare, permal\u00e4nkar. Men inte alltid p\u00e5 sina redaktionella bloggar.<\/p>\n<p>D\u00e4rf\u00f6r tycker jag att bland alla Almedalsbloggar \u00e4r <a href=\"http:\/\/www.almedalsbloggen.se\/\">sj\u00e4lvaste Almedalsbloggen den mest sp\u00e4nnande<\/a>. Jonas Morian och Magnus har drivit den i ett par \u00e5r och i \u00e5r storsatsar den. De har en stor bloggredaktion som alla f\u00e5r kost och logi finansierade via annonser p\u00e5 bloggen.<\/p>\n<p><a href=\"http:\/\/www.almedalsbloggen.se\/2008\/07\/06\/jan-bjorklunds-tal\/\">Almedalsbloggen kommer att publicera alla partiledares tal p\u00e5 Almedalen i sin helhet.<\/a><\/p>\n<p>Relaterat:<br \/>\n<a href=\"http:\/\/www.dn.se\/DNet\/jsp\/polopoly.jsp?d=3411&#038;PERMALINK=801984\">DN:s Almedalsbloggare om Bj\u00f6rklunds tal.<\/a><\/p>\n<p>Andra bloggar om: <a href=\"http:\/\/bloggar.se\/om\/Almedalen\" rel=\"tag\">Almedalen<\/a>, <a href=\"http:\/\/bloggar.se\/om\/reklam\" rel=\"tag\">reklam<\/a>, <a href=\"http:\/\/bloggar.se\/om\/annonser\" rel=\"tag\">annonser<\/a>, <a href=\"http:\/\/bloggar.se\/om\/annonsfinasierad\" rel=\"tag\">annonsfinasierad<\/a>, <a href=\"http:\/\/bloggar.se\/om\/Almedalsbloggen\" rel=\"tag\">Almedalsbloggen<\/a>, <a href=\"http:\/\/bloggar.se\/om\/mediebloggar\" rel=\"tag\">mediebloggar<\/a>, <a href=\"http:\/\/bloggar.se\/om\/politik\" rel=\"tag\">politik<\/a><\/p>\n","protected":false},"excerpt":{"rendered":"<p>Almedalen verkar vara en politisk happening som mer \u00e4n andra verkar passa f\u00f6r bloggens format. Eller? Jag vet inte om jag tycker det. Men det \u00e4r i alla fall s\u00e5 att varenda st\u00f6rre redaktion har en Almedalsblogg ig\u00e5ng nu. P\u00e5 Aftonbladet ligger till och med bloggrapporten \u00f6verst (i alla fall just nu) bland alla tidningens [&hellip;]<\/p>\n","protected":false},"author":2,"featured_media":0,"comment_status":"open","ping_status":"open","sticky":false,"template":"","format":"standard","meta":{"_genesis_hide_title":false,"_genesis_hide_breadcrumbs":false,"_genesis_hide_singular_image":false,"_genesis_hide_footer_widgets":false,"_genesis_custom_body_class":"","_genesis_custom_post_class":"","_genesis_layout":"","footnotes":""},"categories":[20],"tags":[228,327,4696],"class_list":{"0":"post-385","1":"post","2":"type-post","3":"status-publish","4":"format-standard","6":"category-film","7":"tag-almedalen","8":"tag-annonser","9":"tag-reklam","10":"entry"},"_links":{"self":[{"href":"https:\/\/kulturbloggen.com\/index.php?rest_route=\/wp\/v2\/posts\/385","targetHints":{"allow":["GET"]}}],"collection":[{"href":"https:\/\/kulturbloggen.com\/index.php?rest_route=\/wp\/v2\/posts"}],"about":[{"href":"https:\/\/kulturbloggen.com\/index.php?rest_route=\/wp\/v2\/types\/post"}],"author":[{"embeddable":true,"href":"https:\/\/kulturbloggen.com\/index.php?rest_route=\/wp\/v2\/users\/2"}],"replies":[{"embeddable":true,"href":"https:\/\/kulturbloggen.com\/index.php?rest_route=%2Fwp%2Fv2%2Fcomments&post=385"}],"version-history":[{"count":1,"href":"https:\/\/kulturbloggen.com\/index.php?rest_route=\/wp\/v2\/posts\/385\/revisions"}],"predecessor-version":[{"id":44111,"href":"https:\/\/kulturbloggen.com\/index.php?rest_route=\/wp\/v2\/posts\/385\/revisions\/44111"}],"wp:attachment":[{"href":"https:\/\/kulturbloggen.com\/index.php?rest_route=%2Fwp%2Fv2%2Fmedia&parent=385"}],"wp:term":[{"taxonomy":"category","embeddable":true,"href":"https:\/\/kulturbloggen.com\/index.php?rest_route=%2Fwp%2Fv2%2Fcategories&post=385"},{"taxonomy":"post_tag","embeddable":true,"href":"https:\/\/kulturbloggen.com\/index.php?rest_route=%2Fwp%2Fv2%2Ftags&post=385"}],"curies":[{"name":"wp","href":"https:\/\/api.w.org\/{rel}","templated":true}]}}