{"id":38417,"date":"2011-07-14T21:11:18","date_gmt":"2011-07-14T19:11:18","guid":{"rendered":"http:\/\/kulturbloggen.com\/?p=38417"},"modified":"2011-07-14T21:11:18","modified_gmt":"2011-07-14T19:11:18","slug":"lyckad-premiar-for-nya-hultsfred-over-10-000-besokare-forsta-dagen","status":"publish","type":"post","link":"https:\/\/kulturbloggen.com\/?p=38417","title":{"rendered":"Lyckad premi\u00e4r f\u00f6r nya Hultsfred: \u00f6ver 10.000 bes\u00f6kare f\u00f6rsta dagen"},"content":{"rendered":"<p><a href=\"http:\/\/kulturbloggen.com\/wp-content\/uploads\/2011\/07\/Sk\u00e4rmavbild-2011-07-14-kl.-21.12.03.png\"><img loading=\"lazy\" decoding=\"async\" src=\"http:\/\/kulturbloggen.com\/wp-content\/uploads\/2011\/07\/Sk\u00e4rmavbild-2011-07-14-kl.-21.12.03-300x187.png\" alt=\"\" title=\"Sk\u00e4rmavbild 2011-07-14 kl. 21.12.03\" width=\"300\" height=\"187\" class=\"aligncenter size-medium wp-image-38421\" \/><\/a><\/p>\n<p>I \u00e5r firar <a href=\"http:\/\/www.hultsfredsfestivalen.se\/\">Hultsfredsfestivalen 25 \u00e5r<\/a>. R\u00e4tt coolt att festivalen verkar ha kommit tillbaka med full kraft. Den startade idag, torsdag 14 juli, och festivalen har redan s\u00e5lt mer \u00e4n 10.000 biljetter, <a href=\"http:\/\/www.svd.se\/kultur\/nostalgisk-publik-lyfter-hultsfred-igen_6320124.svd\">ber\u00e4ttar Svenska Dagbladet<\/a>.<\/p>\n<p>F\u00f6rra \u00e5ret fick Hultsfred kasta in handduken och st\u00e4lla in, alltf\u00f6r f\u00e5 biljetter hade s\u00e5lts. Ett starkt tyskt f\u00f6retag, FKP Scorpio, har g\u00e5tt in med ekonomiska resurser och Hultsfred har satsat p\u00e5 bra dragnamn och troligen r\u00e4tt publik. F\u00f6rsta kv\u00e4llen \u00e4r Suede och h Oasis-s\u00e5ngaren Liam Gallaghers nya band Beady Eye headlinjers, p\u00e5 fredag lockar nog Erasure en del &#8211; och framf\u00f6r allt p\u00e5 l\u00f6rdag \u00e4r det Morrissey p\u00e5 scen. <a href=\"http:\/\/www.expressen.se\/noje\/musik\/1.2498936\/morrissey-staller-in-spelning-pa-grund-av-regn\">Fast Morrissey \u00e4r ju inte att lita p\u00e5 alltid. Ikv\u00e4ll st\u00e4llde han in spelning i Helsingborg, sk\u00e4let var att det regnade f\u00f6r mycket<\/a>. Hmm. Just nu sitter jag och kikar ut genom f\u00f6nstret i ett rum en mil fr\u00e5n festivalomr\u00e5det och regnet smattrar mot rutan och gr\u00e4smattan \u00e4r genombl\u00f6t efter att ha utsatt f\u00f6r regn i sju timmar i str\u00e4ck nu. Det regnar ju i Hultsfred ocks\u00e5. Vad t\u00e4nker Morrissey om det? <\/p>\n<p>Den tyska festivalj\u00e4tten Skorpio har stora planer f\u00f6r Hultsfred, <a href=\"http:\/\/www.aftonbladet.se\/nojesbladet\/musik\/rockbjornen2011\/article13321574.ab\">ber\u00e4ttar Aftonbladet<\/a>:<\/p>\n<blockquote><p>Nu har det tyska f\u00f6retaget FKP Scorpio tagit \u00f6ver spakarna i Sm\u00e5land. Det blir en Hultsfredsfestival \u00e4ven i \u00e5r och f\u00f6retaget har stora planer f\u00f6r festivalen i framtiden. Ett hemligt vapen \u00e4r att antalet festivalbes\u00f6kare ska plussas p\u00e5 med hj\u00e4lp av tyska turister.<br \/>\n\u2013 Jag tror att det \u00e4r m\u00f6jligt. Vi b\u00f6rjar lite l\u00e4tt i \u00e5r och har en buss eller tv\u00e5 fr\u00e5n Tyskland. Vi jobbar p\u00e5 det h\u00e4r, men har inte hunnit s\u00e5 l\u00e5ngt, s\u00e4ger Folkert Koopmans, som \u00e4ger FKP Scorpio.<\/p><\/blockquote>\n<p>Relaterat: <a href=\"http:\/\/hogbergstankar.blogspot.com\/2011\/07\/och-hultsfred-nu-da.html\">Peter H\u00f6gberg har ocks\u00e5 bloggat om Hultsfred, ur ett lokalt perspektiv<\/a>.<\/p>\n<p>Uppdatering: Martin Moberg skriver om att Rikspolisstyrelsen kr\u00e4ver att festivaler, som den i Hultsfred, ska beh\u00f6va betala f\u00f6r polisskydd. <a href=\"http:\/\/martinmobergsblogg.blogspot.com\/2011\/07\/om-sommarens-festivaler-ja-vikten-av.html\">Martin M skriver<\/a>:<br \/>\n<em>F\u00f6r jag \u00e4r av den best\u00e4mda uppfattningen att poliskostnaderna f\u00f6r kulturella arrangemang ska ligga p\u00e5 oss alla gemensamt och riskerna med att l\u00e5ta polisen ta betalt av allt fler arrang\u00f6rer \u00e4r att det kommer att g\u00e5 ut \u00f6ver m\u00f6jligheten att under glada och ordnade former umg\u00e5s med varandra p\u00e5 offentlig plats. Det blir ett samh\u00e4lle som blir v\u00e4ldigt bisarrt &#8230;<\/em><\/p>\n<p>Mer relaterat:<br \/>\n<a href=\"http:\/\/www.expressen.se\/noje\/musik\/1.2498880\/hultsfred-over-10-000-besokare\">Expressen<\/a>, <a href=\"http:\/\/www.aftonbladet.se\/nojesbladet\/musik\/rockbjornen2011\/article13324922.ab\">Aftonbladet<\/a>.<\/p>\n<p>L\u00e4s \u00e4ven andra bloggares \u00e5sikter om <a href=\"http:\/\/bloggar.se\/om\/Hultsfredsfestivalen\" rel=\"tag\">Hultsfredsfestivalen<\/a>, <a href=\"http:\/\/bloggar.se\/om\/Morrissey\" rel=\"tag\">Morrissey<\/a>, <a href=\"http:\/\/bloggar.se\/om\/Scorpio\" rel=\"tag\">Scorpio<\/a>, <a href=\"http:\/\/bloggar.se\/om\/ekonomi\" rel=\"tag\">ekonomi<\/a>, <a href=\"http:\/\/bloggar.se\/om\/regn\" rel=\"tag\">regn<\/a><\/p>\n","protected":false},"excerpt":{"rendered":"<p>I \u00e5r firar Hultsfredsfestivalen 25 \u00e5r. R\u00e4tt coolt att festivalen verkar ha kommit tillbaka med full kraft. Den startade idag, torsdag 14 juli, och festivalen har redan s\u00e5lt mer \u00e4n 10.000 biljetter, ber\u00e4ttar Svenska Dagbladet. F\u00f6rra \u00e5ret fick Hultsfred kasta in handduken och st\u00e4lla in, alltf\u00f6r f\u00e5 biljetter hade s\u00e5lts. Ett starkt tyskt f\u00f6retag, FKP [&hellip;]<\/p>\n","protected":false},"author":13,"featured_media":0,"comment_status":"open","ping_status":"open","sticky":false,"template":"","format":"standard","meta":{"_genesis_hide_title":false,"_genesis_hide_breadcrumbs":false,"_genesis_hide_singular_image":false,"_genesis_hide_footer_widgets":false,"_genesis_custom_body_class":"","_genesis_custom_post_class":"","_genesis_layout":"","footnotes":""},"categories":[7],"tags":[1463,2333,3784,4690,4969],"class_list":{"0":"post-38417","1":"post","2":"type-post","3":"status-publish","4":"format-standard","6":"category-musik","7":"tag-ekonomi","8":"tag-hultsfredsfestivalen","9":"tag-morrissey","10":"tag-regn","11":"tag-scorpio","12":"entry"},"_links":{"self":[{"href":"https:\/\/kulturbloggen.com\/index.php?rest_route=\/wp\/v2\/posts\/38417","targetHints":{"allow":["GET"]}}],"collection":[{"href":"https:\/\/kulturbloggen.com\/index.php?rest_route=\/wp\/v2\/posts"}],"about":[{"href":"https:\/\/kulturbloggen.com\/index.php?rest_route=\/wp\/v2\/types\/post"}],"author":[{"embeddable":true,"href":"https:\/\/kulturbloggen.com\/index.php?rest_route=\/wp\/v2\/users\/13"}],"replies":[{"embeddable":true,"href":"https:\/\/kulturbloggen.com\/index.php?rest_route=%2Fwp%2Fv2%2Fcomments&post=38417"}],"version-history":[{"count":0,"href":"https:\/\/kulturbloggen.com\/index.php?rest_route=\/wp\/v2\/posts\/38417\/revisions"}],"wp:attachment":[{"href":"https:\/\/kulturbloggen.com\/index.php?rest_route=%2Fwp%2Fv2%2Fmedia&parent=38417"}],"wp:term":[{"taxonomy":"category","embeddable":true,"href":"https:\/\/kulturbloggen.com\/index.php?rest_route=%2Fwp%2Fv2%2Fcategories&post=38417"},{"taxonomy":"post_tag","embeddable":true,"href":"https:\/\/kulturbloggen.com\/index.php?rest_route=%2Fwp%2Fv2%2Ftags&post=38417"}],"curies":[{"name":"wp","href":"https:\/\/api.w.org\/{rel}","templated":true}]}}