{"id":38361,"date":"2011-07-13T01:14:55","date_gmt":"2011-07-12T23:14:55","guid":{"rendered":"http:\/\/kulturbloggen.com\/?p=38361"},"modified":"2012-02-21T20:16:17","modified_gmt":"2012-02-21T19:16:17","slug":"kulturbloggen-tycker-till-om-sista-harry-potter-filmen","status":"publish","type":"post","link":"https:\/\/kulturbloggen.com\/?p=38361","title":{"rendered":"Kulturbloggen tycker till om sista Harry Potter-filmen, Harry Potter och d\u00f6dsrelikerna, del tv\u00e5"},"content":{"rendered":"<p><em>Titel: Harry Potter och d\u00f6dsrelikerna, del tv\u00e5<br \/>\nBetyg: 4<br \/>\nBiopremi\u00e4r: 13 juli 2011<\/em><\/p>\n<p>Magin slutar h\u00e4r, men magin forts\u00e4tter p\u00e5 Kulturbloggen. Suck, n\u00e4r var senast vi fick se en hel generation v\u00e4xa upp tillsammans p\u00e5 det h\u00e4r s\u00e4ttet. Harry Potter-serien har ju blivit s\u00e5pass mycket mer \u00e4n enbart ett varum\u00e4rke, vilket regiss\u00f6ren faktiskt tagit h\u00e4nsyn till. Vid det h\u00e4r laget vet vi mer om Daniel Radcliffe \u00e4n om v\u00e5r egen familj. <\/p>\n<p>B\u00f6ckerna i all \u00e4ra, men filmerna har verkligen blivit b\u00e4ttre och b\u00e4ttre och i takt med att sk\u00e5despelarna vuxit upp s\u00e5 har filmerna \u00e4ven blivit m\u00f6rkare, mer gotiska och \u2013 framf\u00f6r allt \u2013 mer v\u00e5ldsamma. Det \u00e4r f\u00f6rst nu kampen mellan gott och ont verkligen utkristalliseras.<\/p>\n<p>Om vi v\u00e4ljer att se serien som en helhet \u00e4r det h\u00e4r bara uppl\u00f6sningen \u2013 vilket av uppenbara anledningar inneb\u00e4r att det kanske inte \u00e4r den mest v\u00e4lbalanserade av filmerna \u2013 men allt finns d\u00e4r: \u00e4ventyr, action och romantik. \u00c4nd\u00e5 k\u00e4nns det som att n\u00e5gonting saknas. <\/p>\n<p>En en sak jag gillar \u00e4r just att de l\u00e5ter dialogerna ta ut p\u00e5 tiden, men tyv\u00e4rr l\u00e4mnar actionscenerna mycket att \u00f6nska. Kunde de inte gjort filmen mer gotisk och becksvart ist\u00e4llet, Voldemort k\u00e4nns ju n\u00e4stan mer gullig \u00e4n farlig&#8230;<\/p>\n<p>Vad jag f\u00f6rs\u00f6ker s\u00e4ga \u00e4r att de borde gjort filmen l\u00e5ngsammare och fokusera p\u00e5 milj\u00f6erna i st\u00f6rre utstr\u00e4ckning, f\u00f6r i mitt tycke \u00e4r det just dessa magiska milj\u00f6er, d\u00e4r tr\u00e5den mellan det skr\u00e4mmande och det trygga \u00e4r h\u00e5rfin, som vi s\u00e5 g\u00e4rna vill \u00e5terv\u00e4nda till.<\/p>\n<p>Den sista filmen tar vid exakt d\u00e4r den f\u00f6rra slutade och blir, p\u00e5 ett s\u00e4tt som f\u00e5 andra filmer lyckas med, bara mer och mer sp\u00e4nnande f\u00f6r varje \u00f6gonblick. Efter att tillsammans med en svartalf r\u00e5nat trollkarlsbanken \u00e5terv\u00e4nder Harry till Hogwarts, men ingenting \u00e4r sig likt. Blod spills och k\u00e4ra v\u00e4nner d\u00f6r, kanske ingenting f\u00f6r de allra yngsta men en bra introduktion till att v\u00e4rlden inte bara \u00e4r regnb\u00e5gar.<\/p>\n<p>\u00c4ven om du l\u00e4st b\u00f6ckerna finns det en hel del att f\u00e5 ut av filmen. Vid det h\u00e4r laget har vi l\u00e4rt oss att relatera till karakt\u00e4rerna \u2013 till den grad att det n\u00e4stan \u00e4r sv\u00e5rt att h\u00e5lla undan t\u00e5rarna n\u00e4r filmen tar slut. Den stora fr\u00e5gan \u00e4r vilken franchise som ska ta vid d\u00e4r Harry Potter slutar. Helst ingenting \u00e4ckligt, amerikanskt och superkommersiellt.<\/p>\n<p><iframe loading=\"lazy\" width=\"560\" height=\"349\" src=\"http:\/\/www.youtube.com\/embed\/mOSIGh5TOKw\" frameborder=\"0\" allowfullscreen><\/iframe><\/p>\n","protected":false},"excerpt":{"rendered":"<p>Titel: Harry Potter och d\u00f6dsrelikerna, del tv\u00e5 Betyg: 4 Biopremi\u00e4r: 13 juli 2011 Magin slutar h\u00e4r, men magin forts\u00e4tter p\u00e5 Kulturbloggen. Suck, n\u00e4r var senast vi fick se en hel generation v\u00e4xa upp tillsammans p\u00e5 det h\u00e4r s\u00e4ttet. Harry Potter-serien har ju blivit s\u00e5pass mycket mer \u00e4n enbart ett varum\u00e4rke, vilket regiss\u00f6ren faktiskt tagit h\u00e4nsyn [&hellip;]<\/p>\n","protected":false},"author":3,"featured_media":0,"comment_status":"open","ping_status":"open","sticky":false,"template":"","format":"standard","meta":{"_genesis_hide_title":false,"_genesis_hide_breadcrumbs":false,"_genesis_hide_singular_image":false,"_genesis_hide_footer_widgets":false,"_genesis_custom_body_class":"","_genesis_custom_post_class":"","_genesis_layout":"","footnotes":""},"categories":[51],"tags":[2216,2217,2218],"class_list":{"0":"post-38361","1":"post","2":"type-post","3":"status-publish","4":"format-standard","6":"category-filmer","7":"tag-harry-potter-7","8":"tag-harry-potter-and-the-deathly-hallows","9":"tag-harry-potter-och-dodsrelikerna","10":"entry"},"_links":{"self":[{"href":"https:\/\/kulturbloggen.com\/index.php?rest_route=\/wp\/v2\/posts\/38361","targetHints":{"allow":["GET"]}}],"collection":[{"href":"https:\/\/kulturbloggen.com\/index.php?rest_route=\/wp\/v2\/posts"}],"about":[{"href":"https:\/\/kulturbloggen.com\/index.php?rest_route=\/wp\/v2\/types\/post"}],"author":[{"embeddable":true,"href":"https:\/\/kulturbloggen.com\/index.php?rest_route=\/wp\/v2\/users\/3"}],"replies":[{"embeddable":true,"href":"https:\/\/kulturbloggen.com\/index.php?rest_route=%2Fwp%2Fv2%2Fcomments&post=38361"}],"version-history":[{"count":1,"href":"https:\/\/kulturbloggen.com\/index.php?rest_route=\/wp\/v2\/posts\/38361\/revisions"}],"predecessor-version":[{"id":49195,"href":"https:\/\/kulturbloggen.com\/index.php?rest_route=\/wp\/v2\/posts\/38361\/revisions\/49195"}],"wp:attachment":[{"href":"https:\/\/kulturbloggen.com\/index.php?rest_route=%2Fwp%2Fv2%2Fmedia&parent=38361"}],"wp:term":[{"taxonomy":"category","embeddable":true,"href":"https:\/\/kulturbloggen.com\/index.php?rest_route=%2Fwp%2Fv2%2Fcategories&post=38361"},{"taxonomy":"post_tag","embeddable":true,"href":"https:\/\/kulturbloggen.com\/index.php?rest_route=%2Fwp%2Fv2%2Ftags&post=38361"}],"curies":[{"name":"wp","href":"https:\/\/api.w.org\/{rel}","templated":true}]}}