{"id":38298,"date":"2011-07-10T18:29:31","date_gmt":"2011-07-10T16:29:31","guid":{"rendered":"http:\/\/kulturbloggen.com\/?p=38298"},"modified":"2011-07-10T18:29:31","modified_gmt":"2011-07-10T16:29:31","slug":"skanska-operans-forestallning-av-la-traviata-%e2%80%93-kan-man-med-fordel-se-flera-ganger","status":"publish","type":"post","link":"https:\/\/kulturbloggen.com\/?p=38298","title":{"rendered":"Sk\u00e5nska Operans f\u00f6rest\u00e4llning av  La Traviata \u2013 kan man med f\u00f6rdel se flera g\u00e5nger."},"content":{"rendered":"<p> <a href=\"http:\/\/kulturbloggen.com\/wp-content\/uploads\/2011\/07\/latraviatahakanrojderskanskaoperan2011.png\"><img loading=\"lazy\" decoding=\"async\" src=\"http:\/\/kulturbloggen.com\/wp-content\/uploads\/2011\/07\/latraviatahakanrojderskanskaoperan2011-300x171.png\" alt=\"\" title=\"latraviatahakanrojderskanskaoperan2011\" width=\"300\" height=\"171\" class=\"aligncenter size-medium wp-image-38319\" \/><\/a> Foto: H\u00e5kan R\u00f6jder<br \/>\nMedverkande:<br \/>\nVioletta: Lona Mohr Villadsen<br \/>\nAlfredo Germont: Henrik Holmberg<br \/>\nGiorgio Germont: Johan Hallsten<br \/>\nFlora: Bervoix:Erika Tordeus<br \/>\nAnnina: Mette Bjaerang Pedersen<br \/>\nGastone: Josep Cuso<br \/>\nBaron:  Douphol:Jonas Helander<br \/>\nMarkisen d\u00b4Obigny: Sebastian Duran<br \/>\nDoktor Grenvil: Jan Ahlgren<br \/>\nEnsemble: Christina Nilsson<\/p>\n<p>Orkester<br \/>\nKapellm\u00e4stare\/piano: Max L\u00f6rstad<br \/>\nViolin 1: Tove Wadenius<br \/>\nViolin 2: Rebecka Lassbo<br \/>\nViola: Christos Pashalidis<br \/>\nCello: Daniel Fj\u00e4llstr\u00f6m<br \/>\nKontrabas: Carl Svensson<\/p>\n<p>Produktionsteam<br \/>\nRegi\/\u00d6vers\u00e4ttning: Ola H\u00f6rling<br \/>\nMusikaliskt ansvarig: Max L\u00f6rstad<br \/>\nArrangemang: Daniel Fj\u00e4llstr\u00f6m<br \/>\nScenografi: Jenny Nordberg<br \/>\nKostym: Fredrika Lillius<br \/>\nProducent: \u00c5sa Jensen<br \/>\nNu har sommaren kommit \u00e5tminstone vad det g\u00e4ller operasommaren. I g\u00e5r kv\u00e4ll var jag p\u00e5 Sk\u00e5nska Operans premi\u00e4r av Giuseppe Verdis \u201dLa Traviata\u201d. F\u00f6rest\u00e4llningen \u00e4gde rum p\u00e5 B\u00e4ckaskogs slott n.o. om Kristianstad vackert bel\u00e4gen vid Iv\u00f6sj\u00f6n.<\/p>\n<p>Som det brukar vara s\u00e5 var det som vanligt ett fantastiskt fint v\u00e4der, precis som det skall vara n\u00e4r det \u00e4r dags f\u00f6r sommaropera.<\/p>\n<p>\u201dLa Traviata\u201d \u00e4r en k\u00e4nd opera och den inneh\u00e5ller en del k\u00e4nda arior och det s\u00e4gs att Kasper Holten, tidigare operachef p\u00e5 Den Kongelige Opera i K\u00f6penhamn s\u00e4gs ha sagt att man borde s\u00e4tta upp fuktm\u00e4tare i salongen f\u00f6r att teaterledningen p\u00e5 s\u00e5 s\u00e4tt skulle veta hur mycket publiken hade gr\u00e5tit under f\u00f6rest\u00e4llningen.<\/p>\n<p>G\u00e5rdagens f\u00f6rest\u00e4llning hade nog inte haft mycket att bidra med d\u00e4r. Huvudanledningen till detta finns f\u00f6rmodligen i att s\u00f6ka i scenens och scenografins utformning inte l\u00e4mpade sig f\u00f6r den typen av scener som s\u00e4tter spr\u00e4tt p\u00e5 k\u00e4nslorna. Senast jag gr\u00e4t en skv\u00e4tt p\u00e5 en f\u00f6rest\u00e4llning av \u201dLa Traviata\u201d \u00e4r nog tio \u00e5r sedan och d\u00e5 g\u00e4llde det den \u00e4ldsta upps\u00e4ttningen p\u00e5 Den Kongelige Opera i K\u00f6penhamn.<\/p>\n<p>\u00c4ven om varken jag eller andra r\u00f6rdes till t\u00e5rar i g\u00e5r kv\u00e4ll fanns det gott om m\u00e5nga goda inslag och ansatser i f\u00f6rest\u00e4llningen. Till det mest positiva r\u00e4knar jag det musikaliska framf\u00f6randet, men d\u00e5 med en liten reservation f\u00f6r kapellm\u00e4starens pianoinsatser, det l\u00e4t mycket h\u00e5rt i anslaget. I \u00f6vrigt var det en mycket fin insats s\u00e4rskilt med tanke p\u00e5 att orkestern best\u00e5r av endast sex medlemmar.<\/p>\n<p>N\u00e4r det g\u00e4ller s\u00e5ngarnas insatser kanske man b\u00f6r t\u00e4nka p\u00e5 att handlingen i verket kretsar om i princip tre nyckelpersoner och dessa gjorde en mycket fin insats \u00e4ven om jag nog tyckte att Violetta ibland anv\u00e4nde alltf\u00f6r mycket h\u00f6jdtoner, men det kan sj\u00e4lvklart ocks\u00e5 bero p\u00e5 akustiken inte var den ultimata, \u00e5tminstone inte f\u00f6r sopranens h\u00f6jdtoner. Eller kanske p\u00e5 en viss premi\u00e4rnervositet, men att vi s\u00e4kert kommer att f\u00e5 h\u00f6ra mer av och om Lona Mohr Villadsen i framtiden \u00e4r jag ganska s\u00e4ker p\u00e5.<\/p>\n<p>De s\u00e5ngarinsatser som jag imponerades mest av var far och son Alfredo och Giorgio Germont. Sonens parti sj\u00f6ngs alldeles utm\u00e4rkt av Henrik Holmberg och Johan Hallsten blev kv\u00e4llens stora \u00f6verraskning. Det var jag nog inte ensam om att anse. Det var allts\u00e5 ingen d\u00e5lig insats de b\u00e5da herrarna presterade; det vill man ju bara h\u00f6ra mera av och det snart. F\u00e5 se om jag hinner med att se en av de sista f\u00f6rest\u00e4llningarna. Det brukar jag ju g\u00f6ra n\u00e4r det g\u00e4ller Sk\u00e5nska Operans f\u00f6rest\u00e4llningar.<\/p>\n<p>Det var dessutom ett fint ensemblespel, men de har ju alla relativt sm\u00e5 partier s\u00e5 det k\u00e4nns inte riktigt korrekt att l\u00e4mna ett s\u00e4rskilt omd\u00f6me om deras insatser, med undantag f\u00f6r de unga m\u00e4nnen, Josep Cus\u00f3 Jonas Helander och Sebastian Duran som f\u00f6rtj\u00e4nstfullt sj\u00f6ng sina partier som Gastone, baron Douphol och markis d`Obigny.<\/p>\n<p> Sammanfattningsvis var det en mycket fin operaupplevelse och publiken tackade ju ocks\u00e5 ensemble och orkester med st\u00e5ende ovationer.<\/p>\n<p>Vill du veta mer om f\u00f6rest\u00e4llningen kan du bes\u00f6ka <a href=\"http:\/\/www.skanskaoperan.se\">Sk\u00e5nska Operans hemsida<\/a><br \/>\n<b>Recensioner<\/b><br \/>\n<a href=\"http:\/\/www.svd.se\/kultur\/la-traviata-levande-kammaropera_6354356.svd\">SvD<\/a><\/p>\n","protected":false},"excerpt":{"rendered":"<p>Foto: H\u00e5kan R\u00f6jder Medverkande: Violetta: Lona Mohr Villadsen Alfredo Germont: Henrik Holmberg Giorgio Germont: Johan Hallsten Flora: Bervoix:Erika Tordeus Annina: Mette Bjaerang Pedersen Gastone: Josep Cuso Baron: Douphol:Jonas Helander Markisen d\u00b4Obigny: Sebastian Duran Doktor Grenvil: Jan Ahlgren Ensemble: Christina Nilsson Orkester Kapellm\u00e4stare\/piano: Max L\u00f6rstad Violin 1: Tove Wadenius Violin 2: Rebecka Lassbo Viola: Christos Pashalidis [&hellip;]<\/p>\n","protected":false},"author":13,"featured_media":0,"comment_status":"open","ping_status":"open","sticky":false,"template":"","format":"standard","meta":{"_genesis_hide_title":false,"_genesis_hide_breadcrumbs":false,"_genesis_hide_singular_image":false,"_genesis_hide_footer_widgets":false,"_genesis_custom_body_class":"","_genesis_custom_post_class":"","_genesis_layout":"","footnotes":""},"categories":[20],"tags":[4474],"class_list":{"0":"post-38298","1":"post","2":"type-post","3":"status-publish","4":"format-standard","6":"category-film","7":"tag-premiar-pa-skanska-operans-la-traviata","8":"entry"},"_links":{"self":[{"href":"https:\/\/kulturbloggen.com\/index.php?rest_route=\/wp\/v2\/posts\/38298","targetHints":{"allow":["GET"]}}],"collection":[{"href":"https:\/\/kulturbloggen.com\/index.php?rest_route=\/wp\/v2\/posts"}],"about":[{"href":"https:\/\/kulturbloggen.com\/index.php?rest_route=\/wp\/v2\/types\/post"}],"author":[{"embeddable":true,"href":"https:\/\/kulturbloggen.com\/index.php?rest_route=\/wp\/v2\/users\/13"}],"replies":[{"embeddable":true,"href":"https:\/\/kulturbloggen.com\/index.php?rest_route=%2Fwp%2Fv2%2Fcomments&post=38298"}],"version-history":[{"count":0,"href":"https:\/\/kulturbloggen.com\/index.php?rest_route=\/wp\/v2\/posts\/38298\/revisions"}],"wp:attachment":[{"href":"https:\/\/kulturbloggen.com\/index.php?rest_route=%2Fwp%2Fv2%2Fmedia&parent=38298"}],"wp:term":[{"taxonomy":"category","embeddable":true,"href":"https:\/\/kulturbloggen.com\/index.php?rest_route=%2Fwp%2Fv2%2Fcategories&post=38298"},{"taxonomy":"post_tag","embeddable":true,"href":"https:\/\/kulturbloggen.com\/index.php?rest_route=%2Fwp%2Fv2%2Ftags&post=38298"}],"curies":[{"name":"wp","href":"https:\/\/api.w.org\/{rel}","templated":true}]}}