{"id":38122,"date":"2011-07-05T16:52:43","date_gmt":"2011-07-05T14:52:43","guid":{"rendered":"http:\/\/kulturbloggen.com\/?p=38122"},"modified":"2012-01-03T03:55:01","modified_gmt":"2012-01-03T02:55:01","slug":"kulturbloggen-moter-bob-geldof-pa-peace-love","status":"publish","type":"post","link":"https:\/\/kulturbloggen.com\/?p=38122","title":{"rendered":"Kulturbloggen m\u00f6ter Bob Geldof p\u00e5 Peace &#038; Love"},"content":{"rendered":"<p>Bob Geldof har mer \u00e4n n\u00e5gon annan musiker \u00e4gnat sig \u00e5t att bek\u00e4mpa fattigdomen vilket or\u00e4ttvist l\u00e4tt till att hans musik hamnat i skymundan. Tidigare i \u00e5r sl\u00e4pptes hans femte soloskiva <em>How to Compose Popular Songs That Will Sell<\/em>. Kulturbloggen fick tr\u00e4ffa den m\u00e5ngordige s\u00e5ngaren i hans loge efter spelningen p\u00e5 Peace &#038; Love.<\/p>\n<p><strong>I ditt tal varnade du f\u00f6r att rocken \u00e4r p\u00e5 v\u00e4g att d\u00f6 ut, kan du f\u00f6rklara hur?<\/strong><\/p>\n<p>Jag kan inte svara p\u00e5 om den \u00e4r p\u00e5 v\u00e4g att d\u00f6 ut eller inte men jag saknar den d\u00e4r individuella r\u00f6sten som fanns d\u00e4r f\u00f6rsta g\u00e5ngen jag h\u00f6rde till exempel Nirvana. Visst, det finns s\u00e4kert m\u00e5nga bra band som jag inte k\u00e4nner, men allt \u00e4r s\u00e5 uppdelat i klaner. Kanske har rocken f\u00f6rlorat sin roll som mekanism f\u00f6r att f\u00f6r\u00e4ndra v\u00e4rlden, inget av mina barn kan i alla fall identifiera sig med en id\u00e9 p\u00e5 samma s\u00e4tt som jag kunde. Om jag var ung idag skulle jag vara f\u00f6rbannad.<\/p>\n<p><strong>P\u00e5 <em>To Live in Love<\/em>, en l\u00e5t p\u00e5 din nya skiva, sjunger du \u201dlife without love is meaningless\u201d, har din syn p\u00e5 k\u00e4rlek f\u00f6r\u00e4ndrats i takt med att du har blivit \u00e4ldre?<\/strong><\/p>\n<p>Jag \u00e4lskar min fru och har alltid varit medveten om det men det var f\u00f6rst n\u00e4r hon l\u00e4mnade mig som jag ins\u00e5g hur mycket. John Lennon hade antagligen r\u00e4tt i sin naivitet, det m\u00e4nskliga tillst\u00e5ndet utan existensen av k\u00e4rlek \u00e4r absurd och att leva med k\u00e4rlek \u00e4r att existera. Som femtionio\u00e5ring f\u00f6rst\u00e5r jag \u00e4ntligen vad de flesta ton\u00e5ringar f\u00f6rst\u00e5r.<\/p>\n<p><strong>Vad inspirerar dig att skriva l\u00e5tar idag, \u00e4r det mest personliga erfarenheter eller sociala fr\u00e5gor?<\/strong><\/p>\n<p>L\u00e5tskrivandet fyller olika funktion beroende p\u00e5 om du \u00e4r gammal eller ung. N\u00e4r du \u00e4r yngre ska du f\u00f6rs\u00f6ka se saker som andra inte ser och f\u00f6resl\u00e5 en f\u00f6r\u00e4ndring men n\u00e4r du \u00e4r \u00e4ldre har du redan varit med om den f\u00f6r\u00e4ndringen och kan f\u00f6rhoppningsvis vara lite mer universell.<\/p>\n<p><strong>Vilka anser du vara de farligaste hoten idag?<\/strong><\/p>\n<p>Vi lever idag i en storm av sociala f\u00f6r\u00e4ndringar och k\u00e4rnvapenhotet har aldrig varit farligare. Milj\u00f6hotet, oavsett om det \u00e4r skapat av oss eller \u00e4r cirkul\u00e4rt, \u00e4r ett kritiskt problem som inte g\u00e5r att \u00e5terh\u00e4mta sig ifr\u00e5n och terrorismen \u00e4r ett annat existerande hot. Jag kallar det en asymmetrisk och or\u00e4ttvis v\u00e4rld och de flesta problemen har att g\u00f6ra med fattigdom, finanskrisen berodde till exempel p\u00e5 att bankerna lurade folk de visste aldrig skulle kunna betala tillbaka att l\u00e5na pengar. Det \u00e4r mer or\u00e4ttvisor i v\u00e4rlden nu \u00e4n n\u00e5gonsin tidigare. De fattiga i Kina \u00e4r helt beroende av Kongo medan Europa \u00e4r den rikaste kontinenten i v\u00e4rlden. Det \u00e4r p\u00e5 tiden att vi hittar en balans.<\/p>\n<p><strong>Vad tycker du om festivaler d\u00e5?<\/strong><\/p>\n<p>De \u00e4r inte intressanta, ett av mina barn var p\u00e5 Glastonbury och d\u00e4r kan man se alla band i hela j\u00e4vla v\u00e4rlden. Men jag \u00e4lskar att spela p\u00e5 festivaler, jag vill spela s\u00e5 mycket som m\u00f6jligt. Det \u00e4r d\u00e4rf\u00f6r jag har upptr\u00e4tt p\u00e5 Glastonbury fyra g\u00e5nger. N\u00e4r jag kom hit idag ville jag egentligen inte h\u00e5lla talet utan jag s\u00e5g mest fram emot att f\u00e5 spela. Vad jag sa p\u00e5 fyrtiofem minuter kan jag f\u00e5 sagt i en s\u00e5ng p\u00e5 tre minuter, om folk sedan inte gillar musiken \u00e4r mitt problem.<\/p>\n<p><iframe loading=\"lazy\" width=\"560\" height=\"349\" src=\"http:\/\/www.youtube.com\/embed\/dKckvz6eNFc\" frameborder=\"0\" allowfullscreen><\/iframe><\/p>\n<p>Foto: Emma Andersson<\/p>\n","protected":false},"excerpt":{"rendered":"<p>Bob Geldof har mer \u00e4n n\u00e5gon annan musiker \u00e4gnat sig \u00e5t att bek\u00e4mpa fattigdomen vilket or\u00e4ttvist l\u00e4tt till att hans musik hamnat i skymundan. Tidigare i \u00e5r sl\u00e4pptes hans femte soloskiva How to Compose Popular Songs That Will Sell. Kulturbloggen fick tr\u00e4ffa den m\u00e5ngordige s\u00e5ngaren i hans loge efter spelningen p\u00e5 Peace &#038; Love. I [&hellip;]<\/p>\n","protected":false},"author":3,"featured_media":46237,"comment_status":"open","ping_status":"open","sticky":false,"template":"","format":"standard","meta":{"_genesis_hide_title":false,"_genesis_hide_breadcrumbs":false,"_genesis_hide_singular_image":false,"_genesis_hide_footer_widgets":false,"_genesis_custom_body_class":"","_genesis_custom_post_class":"","_genesis_layout":"","footnotes":""},"categories":[5,7],"tags":[763,4290],"class_list":{"0":"post-38122","1":"post","2":"type-post","3":"status-publish","4":"format-standard","5":"has-post-thumbnail","7":"category-intervju","8":"category-musik","9":"tag-bob-geldof","10":"tag-peace-love","11":"entry"},"_links":{"self":[{"href":"https:\/\/kulturbloggen.com\/index.php?rest_route=\/wp\/v2\/posts\/38122","targetHints":{"allow":["GET"]}}],"collection":[{"href":"https:\/\/kulturbloggen.com\/index.php?rest_route=\/wp\/v2\/posts"}],"about":[{"href":"https:\/\/kulturbloggen.com\/index.php?rest_route=\/wp\/v2\/types\/post"}],"author":[{"embeddable":true,"href":"https:\/\/kulturbloggen.com\/index.php?rest_route=\/wp\/v2\/users\/3"}],"replies":[{"embeddable":true,"href":"https:\/\/kulturbloggen.com\/index.php?rest_route=%2Fwp%2Fv2%2Fcomments&post=38122"}],"version-history":[{"count":1,"href":"https:\/\/kulturbloggen.com\/index.php?rest_route=\/wp\/v2\/posts\/38122\/revisions"}],"predecessor-version":[{"id":46238,"href":"https:\/\/kulturbloggen.com\/index.php?rest_route=\/wp\/v2\/posts\/38122\/revisions\/46238"}],"wp:featuredmedia":[{"embeddable":true,"href":"https:\/\/kulturbloggen.com\/index.php?rest_route=\/wp\/v2\/media\/46237"}],"wp:attachment":[{"href":"https:\/\/kulturbloggen.com\/index.php?rest_route=%2Fwp%2Fv2%2Fmedia&parent=38122"}],"wp:term":[{"taxonomy":"category","embeddable":true,"href":"https:\/\/kulturbloggen.com\/index.php?rest_route=%2Fwp%2Fv2%2Fcategories&post=38122"},{"taxonomy":"post_tag","embeddable":true,"href":"https:\/\/kulturbloggen.com\/index.php?rest_route=%2Fwp%2Fv2%2Ftags&post=38122"}],"curies":[{"name":"wp","href":"https:\/\/api.w.org\/{rel}","templated":true}]}}