{"id":37441,"date":"2011-06-23T14:56:56","date_gmt":"2011-06-23T12:56:56","guid":{"rendered":"http:\/\/kulturbloggen.com\/?p=37441"},"modified":"2011-06-23T14:56:56","modified_gmt":"2011-06-23T12:56:56","slug":"alla-som-gillar-att-filma-in-konserter-dags-att-slanga-din-iphone","status":"publish","type":"post","link":"https:\/\/kulturbloggen.com\/?p=37441","title":{"rendered":"Alla som gillar att filma in konserter: dags att sl\u00e4nga din iphone"},"content":{"rendered":"<p><a href=\"http:\/\/kulturbloggen.com\/wp-content\/uploads\/2011\/06\/iphoneiphone.jpg\"><img loading=\"lazy\" decoding=\"async\" src=\"http:\/\/kulturbloggen.com\/wp-content\/uploads\/2011\/06\/iphoneiphone-300x251.jpg\" alt=\"\" title=\"iphoneiphone\" width=\"300\" height=\"251\" class=\"aligncenter size-medium wp-image-37447\" \/><\/a><\/p>\n<p>Snart kan det vara slut p\u00e5 att filma konserter och sportevenemang med Iphone. Apple utvecklar n\u00e4mligen en mjukvara f\u00f6r att kunna stoppa dig fr\u00e5n att filma saker du inte \u00e4ger r\u00e4ttigheterna till, uppger SVT. (<a href=\"http:\/\/www.aftonbladet.se\/nojesbladet\/article13202473.ab\">K\u00e4lla Aftonbladet<\/a>)<\/p>\n<p>Vilken l\u00e4skig framtidsvision med s\u00e5dan \u00f6vervakning:<br \/>\n<em>Sensorer som installerats p\u00e5 en arena ska k\u00e4nna av n\u00e4r en Iphone-kamera \u00e4r aktiverad och d\u00e5 skicka en signal till telefonen som inaktiverar kameran.<br \/>\nPatentans\u00f6kan f\u00f6r mjukvaran ska ha l\u00e4mnats in i Kalifornien f\u00f6r 18 m\u00e5nader sedan.<\/em> <\/p>\n<p>Som jag h\u00f6rt en och annan iphone-anv\u00e4ndare kommentera detta: Dags att sl\u00e4nga iphone och skaffa en Android.<\/p>\n<p>Sj\u00e4lv spelar jag i stort sett aldrig in n\u00e5got fr\u00e5n n\u00e5gon konsert med min Iphone eftersom den videokameran \u00e4r riktigt usel. Ljudet blir bulkigt, konstigt och obehagligt. Nu misst\u00e4nker jag i allra h\u00f6gsta grad att det \u00e4r medvetet fr\u00e5n Apples sida. Eftersom de flesta andra mobiltelefontillverkare klarar att installera betydligt b\u00e4ttre videokameror och kameror s\u00e5 \u00e4r det helt enkelt s\u00e5 att Apple inte vill att kamerorna ska vara bra.<\/p>\n<p>Usch f\u00f6r Apple.<\/p>\n<p>Det b\u00e4sta s\u00e4ttet f\u00f6r den som skapar musik att undvika att d\u00e5liga inspelningar av deras musik sprids \u00e4r att sj\u00e4lva l\u00e4gga in bra inspelningar i Youtube. D\u00e5 sprids deras musik p\u00e5 bloggar och sajter och de kan f\u00e5 m\u00e5nga fler fans som sedan k\u00f6per album och g\u00e5r p\u00e5 konserter med dem. <\/p>\n<p>Apple kanske tror att de \u00e4r st\u00f6rst, b\u00e4st och vackrast. Men om de v\u00e4ljer att g\u00e5 <a href=\"http:\/\/svtdebatt.se\/2011\/06\/natets-framtid-hotas-av-girigbukar-inte-av-nya-toppdomaner\/\">hand i hand med girigheten<\/a> och \u00e4r beredda att ta fram \u00f6vervakning av telefoner d\u00e4r kamerorna kan st\u00e4ngas av p\u00e5 det s\u00e4tt som beskrivits, d\u00e5 f\u00f6rlorar Apple min respekt.<\/p>\n<p>Relaterat: <a href=\"http:\/\/www.sydsvenskan.se\/kultur-och-nojen\/article1500757\/Apple-vill-stoppa-mobilinspelning.html\">Sydsvenskan<\/a> och <a href=\"http:\/\/www.e24.se\/lifestyle\/kultur\/apple-kan-stoppa-filmning-av-konsert_2881762.e24\">E24<\/a> och <a href=\"http:\/\/www.svd.se\/naringsliv\/apple-kan-stoppa-filmning-av-konsert_6258166.svd\">Svenska Dagbladet.<\/a><\/p>\n<p>L\u00e4s \u00e4ven andra bloggares \u00e5sikter om <a href=\"http:\/\/bloggar.se\/om\/iphone\" rel=\"tag\">iphone<\/a>, <a href=\"http:\/\/bloggar.se\/om\/Apple\" rel=\"tag\">Apple<\/a>, <a href=\"http:\/\/bloggar.se\/om\/videokamera\" rel=\"tag\">videokamera<\/a>, <a href=\"http:\/\/bloggar.se\/om\/youtube\" rel=\"tag\">youtube<\/a>, <a href=\"http:\/\/bloggar.se\/om\/%F6vervakning\" rel=\"tag\">\u00f6vervakning<\/a><\/p>\n","protected":false},"excerpt":{"rendered":"<p>Snart kan det vara slut p\u00e5 att filma konserter och sportevenemang med Iphone. Apple utvecklar n\u00e4mligen en mjukvara f\u00f6r att kunna stoppa dig fr\u00e5n att filma saker du inte \u00e4ger r\u00e4ttigheterna till, uppger SVT. (K\u00e4lla Aftonbladet) Vilken l\u00e4skig framtidsvision med s\u00e5dan \u00f6vervakning: Sensorer som installerats p\u00e5 en arena ska k\u00e4nna av n\u00e4r en Iphone-kamera \u00e4r [&hellip;]<\/p>\n","protected":false},"author":13,"featured_media":0,"comment_status":"open","ping_status":"open","sticky":false,"template":"","format":"standard","meta":{"_genesis_hide_title":false,"_genesis_hide_breadcrumbs":false,"_genesis_hide_singular_image":false,"_genesis_hide_footer_widgets":false,"_genesis_custom_body_class":"","_genesis_custom_post_class":"","_genesis_layout":"","footnotes":""},"categories":[62],"tags":[362,2540,6550,6475],"class_list":{"0":"post-37441","1":"post","2":"type-post","3":"status-publish","4":"format-standard","6":"category-medie-och-kulturpolitik","7":"tag-apple","8":"tag-iphone","9":"tag-overvakning","10":"tag-youtube","11":"entry"},"_links":{"self":[{"href":"https:\/\/kulturbloggen.com\/index.php?rest_route=\/wp\/v2\/posts\/37441","targetHints":{"allow":["GET"]}}],"collection":[{"href":"https:\/\/kulturbloggen.com\/index.php?rest_route=\/wp\/v2\/posts"}],"about":[{"href":"https:\/\/kulturbloggen.com\/index.php?rest_route=\/wp\/v2\/types\/post"}],"author":[{"embeddable":true,"href":"https:\/\/kulturbloggen.com\/index.php?rest_route=\/wp\/v2\/users\/13"}],"replies":[{"embeddable":true,"href":"https:\/\/kulturbloggen.com\/index.php?rest_route=%2Fwp%2Fv2%2Fcomments&post=37441"}],"version-history":[{"count":0,"href":"https:\/\/kulturbloggen.com\/index.php?rest_route=\/wp\/v2\/posts\/37441\/revisions"}],"wp:attachment":[{"href":"https:\/\/kulturbloggen.com\/index.php?rest_route=%2Fwp%2Fv2%2Fmedia&parent=37441"}],"wp:term":[{"taxonomy":"category","embeddable":true,"href":"https:\/\/kulturbloggen.com\/index.php?rest_route=%2Fwp%2Fv2%2Fcategories&post=37441"},{"taxonomy":"post_tag","embeddable":true,"href":"https:\/\/kulturbloggen.com\/index.php?rest_route=%2Fwp%2Fv2%2Ftags&post=37441"}],"curies":[{"name":"wp","href":"https:\/\/api.w.org\/{rel}","templated":true}]}}