{"id":37344,"date":"2011-06-21T14:40:25","date_gmt":"2011-06-21T12:40:25","guid":{"rendered":"http:\/\/kulturbloggen.com\/?p=37344"},"modified":"2011-06-21T14:40:25","modified_gmt":"2011-06-21T12:40:25","slug":"bokmassan-slapper-app-for-iphone","status":"publish","type":"post","link":"https:\/\/kulturbloggen.com\/?p=37344","title":{"rendered":"Bokm\u00e4ssan sl\u00e4pper app f\u00f6r iPhone"},"content":{"rendered":"<p><a href=\"http:\/\/kulturbloggen.com\/wp-content\/uploads\/2011\/06\/Sk\u00e4rmavbild-2011-06-21-kl.-14.39.07.png\"><img loading=\"lazy\" decoding=\"async\" src=\"http:\/\/kulturbloggen.com\/wp-content\/uploads\/2011\/06\/Sk\u00e4rmavbild-2011-06-21-kl.-14.39.07-300x187.png\" alt=\"\" title=\"Sk\u00e4rmavbild 2011-06-21 kl. 14.39.07\" width=\"300\" height=\"187\" class=\"aligncenter size-medium wp-image-37345\" \/><\/a><\/p>\n<p>Alla bokbloggare har s\u00e4kert laddat hem den redan.  I dagarna sl\u00e4pper Bokm\u00e4ssan sin nya iPhone-app. Med den kan bes\u00f6karen bland annat detaljplanera sitt m\u00e4ssbes\u00f6k, l\u00e4gga in p\u00e5minnelser i kalendern och l\u00e4sa senaste nytt fr\u00e5n m\u00e4ssan.<\/p>\n<p>Pressmeddelandet ber\u00e4ttar:<\/p>\n<blockquote><p>Ett evenemang d\u00e4r en ny programpunkt startar ungef\u00e4r var 50:e sekund kan ibland k\u00e4nnas sv\u00e5r\u00f6versk\u00e5dligt. Bokm\u00e4ssans nya app g\u00f6r det l\u00e4ttare f\u00f6r bes\u00f6karna att orientera sig bland alla seminarier, scener och montrar under de fyra m\u00e4ssdagarna, 22\u201325 september. <\/p>\n<p>I appen kan bes\u00f6kare bland annat g\u00f6ra sitt eget schema med hj\u00e4lp av m\u00e4ssplaneraren och l\u00e4gga in p\u00e5minnelser om plats och tid i telefonens kalender. Dessutom dela med sig av schemat till v\u00e4nner via facebook och twitter. <\/p>\n<p>\u2013 Den efterfr\u00e5gade appen \u00e4r ytterligare ett steg i Bokm\u00e4ssans digitala satsning efter communityn som vi lanserade f\u00f6rra \u00e5ret. Vi \u00e4r \u00f6vertygade om att appen kommer att bli ett bra hj\u00e4lpmedel och underl\u00e4tta m\u00e4ssbes\u00f6ket, s\u00e4ger Birgitta Jacobsson Ekblom, kommunikationschef. <\/p>\n<p>I appen kan man \u00e4ven l\u00e4sa de senaste nyheterna fr\u00e5n m\u00e4ssan, hitta \u00f6ppettider, v\u00e4gbeskrivningar, en lista \u00f6ver restauranger och caf\u00e9er p\u00e5 m\u00e4ssomr\u00e5det och mycket annat.<br \/>\nBokm\u00e4ssans app har utvecklats i samarbete med Netrelations  och Sunny side up, och kan laddas ner gratis via App Store. <\/p><\/blockquote>\n<p><a href=\"http:\/\/www.bok-bibliotek.se\/nyheter\/valkommen-till-bokmassan-2011\/\">Bokm\u00e4ssan i G\u00f6teborg p\u00e5g\u00e5r den 22-25 september<\/a> och i \u00e5r \u00e4r tysk litteratur i fokus.<\/p>\n<p>Relaterat: <a href=\"http:\/\/www.resume.se\/nyheter\/2011\/06\/21\/bokmassan-slapper-app\/\">Resume<\/a><\/p>\n<p>L\u00e4s \u00e4ven andra bloggares \u00e5sikter om <a href=\"http:\/\/bloggar.se\/om\/iphone\" rel=\"tag\">iphone<\/a>, <a href=\"http:\/\/bloggar.se\/om\/app\" rel=\"tag\">app<\/a>, <a href=\"http:\/\/bloggar.se\/om\/bokm%E4ssan\" rel=\"tag\">bokm\u00e4ssan<\/a><\/p>\n","protected":false},"excerpt":{"rendered":"<p>Alla bokbloggare har s\u00e4kert laddat hem den redan. I dagarna sl\u00e4pper Bokm\u00e4ssan sin nya iPhone-app. Med den kan bes\u00f6karen bland annat detaljplanera sitt m\u00e4ssbes\u00f6k, l\u00e4gga in p\u00e5minnelser i kalendern och l\u00e4sa senaste nytt fr\u00e5n m\u00e4ssan. Pressmeddelandet ber\u00e4ttar: Ett evenemang d\u00e4r en ny programpunkt startar ungef\u00e4r var 50:e sekund kan ibland k\u00e4nnas sv\u00e5r\u00f6versk\u00e5dligt. Bokm\u00e4ssans nya app [&hellip;]<\/p>\n","protected":false},"author":13,"featured_media":0,"comment_status":"open","ping_status":"open","sticky":false,"template":"","format":"standard","meta":{"_genesis_hide_title":false,"_genesis_hide_breadcrumbs":false,"_genesis_hide_singular_image":false,"_genesis_hide_footer_widgets":false,"_genesis_custom_body_class":"","_genesis_custom_post_class":"","_genesis_layout":"","footnotes":""},"categories":[3],"tags":[358,783,2540],"class_list":{"0":"post-37344","1":"post","2":"type-post","3":"status-publish","4":"format-standard","6":"category-litteratur","7":"tag-app","8":"tag-bokmassan","9":"tag-iphone","10":"entry"},"_links":{"self":[{"href":"https:\/\/kulturbloggen.com\/index.php?rest_route=\/wp\/v2\/posts\/37344","targetHints":{"allow":["GET"]}}],"collection":[{"href":"https:\/\/kulturbloggen.com\/index.php?rest_route=\/wp\/v2\/posts"}],"about":[{"href":"https:\/\/kulturbloggen.com\/index.php?rest_route=\/wp\/v2\/types\/post"}],"author":[{"embeddable":true,"href":"https:\/\/kulturbloggen.com\/index.php?rest_route=\/wp\/v2\/users\/13"}],"replies":[{"embeddable":true,"href":"https:\/\/kulturbloggen.com\/index.php?rest_route=%2Fwp%2Fv2%2Fcomments&post=37344"}],"version-history":[{"count":0,"href":"https:\/\/kulturbloggen.com\/index.php?rest_route=\/wp\/v2\/posts\/37344\/revisions"}],"wp:attachment":[{"href":"https:\/\/kulturbloggen.com\/index.php?rest_route=%2Fwp%2Fv2%2Fmedia&parent=37344"}],"wp:term":[{"taxonomy":"category","embeddable":true,"href":"https:\/\/kulturbloggen.com\/index.php?rest_route=%2Fwp%2Fv2%2Fcategories&post=37344"},{"taxonomy":"post_tag","embeddable":true,"href":"https:\/\/kulturbloggen.com\/index.php?rest_route=%2Fwp%2Fv2%2Ftags&post=37344"}],"curies":[{"name":"wp","href":"https:\/\/api.w.org\/{rel}","templated":true}]}}