{"id":37329,"date":"2011-06-21T11:17:17","date_gmt":"2011-06-21T09:17:17","guid":{"rendered":"http:\/\/kulturbloggen.com\/?p=37329"},"modified":"2011-06-21T11:17:17","modified_gmt":"2011-06-21T09:17:17","slug":"bob-geldof-till-peace-love-haller-tal-och-spelar-live","status":"publish","type":"post","link":"https:\/\/kulturbloggen.com\/?p=37329","title":{"rendered":"Bob Geldof till Peace &#038; Love &#8211; h\u00e5ller tal och spelar live"},"content":{"rendered":"<p><a href=\"http:\/\/kulturbloggen.com\/wp-content\/uploads\/2011\/06\/live8_5_original_new_large.jpg\"><img loading=\"lazy\" decoding=\"async\" src=\"http:\/\/kulturbloggen.com\/wp-content\/uploads\/2011\/06\/live8_5_original_new_large-231x300.jpg\" alt=\"\" title=\"live8_5_original_new_large\" width=\"231\" height=\"300\" class=\"aligncenter size-medium wp-image-37330\" \/><\/a><\/p>\n<p>Irl\u00e4ndaren Bob Geldof, mannen bakom Live Aid under 1980-talet med den tidens d\u00e5 allra st\u00f6rsta artister bakom sig l\u00e5g tio \u00e5r senare bakom Live 8, vars syfte var att f\u00e5 de ledande beslutsfattarna i G8 att skriva av alla fattiga l\u00e4nders statsskulder. Geldof har nominerats till Nobels fredspris och f\u00e5tt en rad utm\u00e4rkelser f\u00f6r sitt sociala arbete. Han kommer till festivalen Peace &#038; Love i osmmar. Under Peace &#038; Love h\u00e5ller han tv\u00e5 tal och spelar ocks\u00e5 sj\u00e4lv live.<\/p>\n<p>H\u00e4r ett pressmeddelande som ber\u00e4ttar mer:<\/p>\n<p>I mars s\u00e5g n\u00e5gra fr\u00e5n Peace &#038; Love Bob Geldofs f\u00f6rel\u00e4sning i Austin, Texas, under den stora branschm\u00e4ssan South By Southwest. Nu \u00e4r Geldof klar f\u00f6r festivalen i Borl\u00e4nge. Han ansluter som en av akterna till \u00e5rets Forumdel, som i \u00e5r bli en mer integrerad del av festivalen. Forumdelen p\u00e5g\u00e5r i \u00e5r parallellt med musikdelen under hela veckan.<\/p>\n<p> \u2013 Bob Geldof \u00e4r en stor inspirationsk\u00e4lla f\u00f6r oss eftersom han har p\u00e5verkat v\u00e4rlden att bli lite b\u00e4ttre. Peace &#038; Love handlar ocks\u00e5 om att f\u00f6rs\u00f6ka bidra till en b\u00e4ttre planet, s\u00e4ger festivalchef Patric Hammar.<\/p>\n<p>Irl\u00e4ndaren Bob Geldof \u00e4r en legend n\u00e4r det kommer till socialt ansvarstagande i musikbranschen. Han var initiativtagaren till Live Aid, som 1985 s\u00e5gs live p\u00e5 tv av uppemot 400 miljoner tittare i 60 l\u00e4nder! Flera ur festivalledningen satt som klistrade i dagar framf\u00f6r tv:n och s\u00e5g detta d\u00e5. Geldofs syfte var att samla in pengar till de sv\u00e4ltande i Afrika. Han skrev \u00e4ven l\u00e5ten &#8221;Do They Know It\u00b4s Christmas&#8221; tillsammans med Midge Ure av samma anledning.<\/p>\n<p>Han arrangerade 2005 \u00e4ven Live 8, var syfte var att f\u00e5 de ledande beslutsfattarna i G8 att skriva av alla fattiga l\u00e4nders statsskulder. Geldof har dubbats av Englands drottning till Kommend\u00f6r av Brittiska Imperieorden f\u00f6r sitt patos mot or\u00e4ttvisor och fattigdom i tredje v\u00e4rlden, varit nominerad till Nobels fredspris, f\u00e5tt utm\u00e4rkelsen UN World Hunger Award och mer.<br \/>\nUnder Peace &#038; Love kommer han att h\u00e5lla en f\u00f6rel\u00e4sning och dessutom upptr\u00e4da sj\u00e4lv med en konsert, vilken han strax innan h\u00e5ller ytterligare ett tal. Han har under st\u00f6rsta delen av sitt liv, som typ alla irl\u00e4ndare, spelat och skrivit musik, bland annat som frontfigur i Boom Town Rats. Dessutom k\u00f6r Geldof en egen konsert. Han l\u00e4r k\u00f6ra l\u00e5tar fr\u00e5n sitt nya fantastiska soloalbum How To Compose Popular Songs That Will Sell.<\/p>\n<p>Bob Geldof talar och spelar l\u00f6rdag 2 juli.<\/p>\n<p>Mer info om Peace &#038; Love finns p\u00e5 <a href=\"http:\/\/www.peaceandlove.nu\">www.peaceandlove.nu<\/a><\/p>\n<p>L\u00e4s \u00e4ven andra bloggares \u00e5sikter om <a href=\"http:\/\/bloggar.se\/om\/Bob+Geldof\" rel=\"tag\">Bob Geldof<\/a>, <a href=\"http:\/\/bloggar.se\/om\/Peace+%26+Love\" rel=\"tag\">Peace &#038; Love<\/a>, <a href=\"http:\/\/bloggar.se\/om\/musikfestivaler\" rel=\"tag\">musikfestivaler<\/a><\/p>\n","protected":false},"excerpt":{"rendered":"<p>Irl\u00e4ndaren Bob Geldof, mannen bakom Live Aid under 1980-talet med den tidens d\u00e5 allra st\u00f6rsta artister bakom sig l\u00e5g tio \u00e5r senare bakom Live 8, vars syfte var att f\u00e5 de ledande beslutsfattarna i G8 att skriva av alla fattiga l\u00e4nders statsskulder. Geldof har nominerats till Nobels fredspris och f\u00e5tt en rad utm\u00e4rkelser f\u00f6r sitt [&hellip;]<\/p>\n","protected":false},"author":13,"featured_media":0,"comment_status":"open","ping_status":"open","sticky":false,"template":"","format":"standard","meta":{"_genesis_hide_title":false,"_genesis_hide_breadcrumbs":false,"_genesis_hide_singular_image":false,"_genesis_hide_footer_widgets":false,"_genesis_custom_body_class":"","_genesis_custom_post_class":"","_genesis_layout":"","footnotes":""},"categories":[62,7],"tags":[763,4290],"class_list":{"0":"post-37329","1":"post","2":"type-post","3":"status-publish","4":"format-standard","6":"category-medie-och-kulturpolitik","7":"category-musik","8":"tag-bob-geldof","9":"tag-peace-love","10":"entry"},"_links":{"self":[{"href":"https:\/\/kulturbloggen.com\/index.php?rest_route=\/wp\/v2\/posts\/37329","targetHints":{"allow":["GET"]}}],"collection":[{"href":"https:\/\/kulturbloggen.com\/index.php?rest_route=\/wp\/v2\/posts"}],"about":[{"href":"https:\/\/kulturbloggen.com\/index.php?rest_route=\/wp\/v2\/types\/post"}],"author":[{"embeddable":true,"href":"https:\/\/kulturbloggen.com\/index.php?rest_route=\/wp\/v2\/users\/13"}],"replies":[{"embeddable":true,"href":"https:\/\/kulturbloggen.com\/index.php?rest_route=%2Fwp%2Fv2%2Fcomments&post=37329"}],"version-history":[{"count":0,"href":"https:\/\/kulturbloggen.com\/index.php?rest_route=\/wp\/v2\/posts\/37329\/revisions"}],"wp:attachment":[{"href":"https:\/\/kulturbloggen.com\/index.php?rest_route=%2Fwp%2Fv2%2Fmedia&parent=37329"}],"wp:term":[{"taxonomy":"category","embeddable":true,"href":"https:\/\/kulturbloggen.com\/index.php?rest_route=%2Fwp%2Fv2%2Fcategories&post=37329"},{"taxonomy":"post_tag","embeddable":true,"href":"https:\/\/kulturbloggen.com\/index.php?rest_route=%2Fwp%2Fv2%2Ftags&post=37329"}],"curies":[{"name":"wp","href":"https:\/\/api.w.org\/{rel}","templated":true}]}}