{"id":37130,"date":"2011-06-17T23:12:47","date_gmt":"2011-06-17T21:12:47","guid":{"rendered":"http:\/\/kulturbloggen.com\/?p=37130"},"modified":"2011-06-17T23:12:47","modified_gmt":"2011-06-17T21:12:47","slug":"parkteaterns-frigruppsfestival-inleddes-med-kamratstodjaren","status":"publish","type":"post","link":"https:\/\/kulturbloggen.com\/?p=37130","title":{"rendered":"Parkteaterns frigruppsfestival inleddes med Kamratst\u00f6djaren"},"content":{"rendered":"<p><a href=\"http:\/\/kulturbloggen.com\/wp-content\/uploads\/2011\/06\/DSC007311.jpg\"><img loading=\"lazy\" decoding=\"async\" class=\"aligncenter size-medium wp-image-37131\" title=\"SONY DSC\" src=\"http:\/\/kulturbloggen.com\/wp-content\/uploads\/2011\/06\/DSC007311-300x199.jpg\" alt=\"\" width=\"300\" height=\"199\" \/><\/a><\/p>\n<p>Parkteatern arrangerar en tv\u00e5 dagars teaterfestival med sju av  Stockholms st\u00f6rsta fria teatergrupper: Teater Galeasen, Teater  Tribunalen, Teater Brunnsgatan Fyra, moment:teater, Fria teatern,  Oktoberteatern och Orionteatern. Festivalen som \u00e4ger rum i Gal\u00e4rparken  p\u00e5 Djurg\u00e5rden bjuder p\u00e5 allt fr\u00e5n \u201dwork in progress\u201d inf\u00f6r kommande  premi\u00e4rer till redan lovordade succ\u00e9er.<\/p>\n<p>Den f\u00f6rsta kv\u00e4llen, 17  juni, duggregnade det n\u00e4r Fria Teatern inledde  festivalen med  tv\u00e5mansf\u00f6rest\u00e4llningen Kamratst\u00f6djaren. Kamratst\u00f6djaren  \u00e4r en t\u00e4nkv\u00e4rd  pj\u00e4s om vad som egentligen \u00e4r v\u00e4rst \u2013  att k\u00e4nna sig  utanf\u00f6r under en period i ton\u00e5ren eller att vara poppis  och framg\u00e5ngsrik  men inte v\u00e5ga vara den man \u00e4r.<\/p>\n<p>Per Larsson och  Olle Sundberg har tidigare spelat Kamratst\u00f6djaren p\u00e5  Fria Teaterns  Lilla scen i Stockholm och gestaltar pj\u00e4sens tv\u00e5 huvudpersoner v\u00e4ldigt  levande. N\u00e4r pj\u00e4sen b\u00f6rjar Andr\u00e9 g\u00e5r i 7an, \u00e4r mobbad och  skulle helst  vilja hoppa \u00f6ver h\u00f6gstadiet. Erik, som g\u00e5r i 9an och har  blivit vald  till kamratst\u00f6djare \u00e4r duktig, omtyckt bland kompisar och  tjejer och inst\u00e4lld p\u00e5 att bli hockeyproffs. Vi f\u00e5r tr\u00e4ffa Andr\u00e9 och  Erik vid  n\u00e5gra tillf\u00e4llen fr\u00e5n deras f\u00f6rsta m\u00f6te och n\u00e5gra \u00e5r fram\u00e5t. Fr\u00e5n b\u00f6rjan  k\u00e4nns de tv\u00e5 l\u00e5ngt ifr\u00e5n varandra men med \u00e5ren kommer de n\u00e4rmare  varandra.<\/p>\n<figure id=\"attachment_37132\" aria-describedby=\"caption-attachment-37132\" style=\"width: 300px\" class=\"wp-caption aligncenter\"><a href=\"http:\/\/kulturbloggen.com\/wp-content\/uploads\/2011\/06\/DSC00735.jpg\"><img loading=\"lazy\" decoding=\"async\" class=\"size-medium wp-image-37132\" title=\"SONY DSC\" src=\"http:\/\/kulturbloggen.com\/wp-content\/uploads\/2011\/06\/DSC00735-300x199.jpg\" alt=\"\" width=\"300\" height=\"199\" \/><\/a><figcaption id=\"caption-attachment-37132\" class=\"wp-caption-text\">Olle Sundberg och Per Larsson, Fria Teatern. <\/figcaption><\/figure>\n<p>Efter Kamratst\u00f6djaren framf\u00f6rde Teater Tribunalen pj\u00e4sen Helst  inte och d\u00e4refter kom Lagarna med Teater Galeasen.<\/p>\n<p>Programmet den 18 juni ser ut s\u00e5 h\u00e4r:<\/p>\n<p>kl 15.00 Iamjustagirl, Oktoberteatern<br \/>\nkl 17.00 Det sitter n\u00e5gon p\u00e5 vingen, Teater Brunnsgatan 4<br \/>\nkl 18.30 Fr\u00e5n utanf\u00f6rskap till entrepren\u00f6r p\u00e5 80 minuter, Orionteatern<br \/>\nkl 20.30 Konsert med moment:teater<\/p>\n<p>L\u00e4s mer p\u00e5 om <a href=\"http:\/\/www.stadsteatern.stockholm.se\/index.asp?pjaser\/park11\/frigruppsfestivalen.asp&amp;main\" target=\"_blank\">Frigruppsfestivalen<\/a> p\u00e5 Stockholms stadsteaters hemsida.<\/p>\n<p>Relaterat: <a href=\"http:\/\/teatermagasinet.se\/?p=2391\" target=\"_blank\">Teatermagasinet<\/a>.<\/p>\n<p>L\u00e4s \u00e4ven andra bloggares \u00e5sikter om <a rel=\"tag\" href=\"http:\/\/bloggar.se\/om\/fria+teatergrupper\">fria teatergrupper<\/a>, <a rel=\"tag\" href=\"http:\/\/bloggar.se\/om\/Parkteatern\">Parkteatern<\/a>, <a rel=\"tag\" href=\"http:\/\/bloggar.se\/om\/Fria+Teatern\">Fria Teatern<\/a><\/p>\n","protected":false},"excerpt":{"rendered":"<p>Parkteatern arrangerar en tv\u00e5 dagars teaterfestival med sju av Stockholms st\u00f6rsta fria teatergrupper: Teater Galeasen, Teater Tribunalen, Teater Brunnsgatan Fyra, moment:teater, Fria teatern, Oktoberteatern och Orionteatern. Festivalen som \u00e4ger rum i Gal\u00e4rparken p\u00e5 Djurg\u00e5rden bjuder p\u00e5 allt fr\u00e5n \u201dwork in progress\u201d inf\u00f6r kommande premi\u00e4rer till redan lovordade succ\u00e9er. Den f\u00f6rsta kv\u00e4llen, 17 juni, duggregnade det [&hellip;]<\/p>\n","protected":false},"author":13,"featured_media":0,"comment_status":"open","ping_status":"open","sticky":false,"template":"","format":"standard","meta":{"_genesis_hide_title":false,"_genesis_hide_breadcrumbs":false,"_genesis_hide_singular_image":false,"_genesis_hide_footer_widgets":false,"_genesis_custom_body_class":"","_genesis_custom_post_class":"","_genesis_layout":"","footnotes":""},"categories":[20,30],"tags":[1871,4262,5653],"class_list":{"0":"post-37130","1":"post","2":"type-post","3":"status-publish","4":"format-standard","6":"category-film","7":"category-teater","8":"tag-fria-teatern","9":"tag-parkteatern","10":"tag-teaterfestival","11":"entry"},"_links":{"self":[{"href":"https:\/\/kulturbloggen.com\/index.php?rest_route=\/wp\/v2\/posts\/37130","targetHints":{"allow":["GET"]}}],"collection":[{"href":"https:\/\/kulturbloggen.com\/index.php?rest_route=\/wp\/v2\/posts"}],"about":[{"href":"https:\/\/kulturbloggen.com\/index.php?rest_route=\/wp\/v2\/types\/post"}],"author":[{"embeddable":true,"href":"https:\/\/kulturbloggen.com\/index.php?rest_route=\/wp\/v2\/users\/13"}],"replies":[{"embeddable":true,"href":"https:\/\/kulturbloggen.com\/index.php?rest_route=%2Fwp%2Fv2%2Fcomments&post=37130"}],"version-history":[{"count":0,"href":"https:\/\/kulturbloggen.com\/index.php?rest_route=\/wp\/v2\/posts\/37130\/revisions"}],"wp:attachment":[{"href":"https:\/\/kulturbloggen.com\/index.php?rest_route=%2Fwp%2Fv2%2Fmedia&parent=37130"}],"wp:term":[{"taxonomy":"category","embeddable":true,"href":"https:\/\/kulturbloggen.com\/index.php?rest_route=%2Fwp%2Fv2%2Fcategories&post=37130"},{"taxonomy":"post_tag","embeddable":true,"href":"https:\/\/kulturbloggen.com\/index.php?rest_route=%2Fwp%2Fv2%2Ftags&post=37130"}],"curies":[{"name":"wp","href":"https:\/\/api.w.org\/{rel}","templated":true}]}}