{"id":37027,"date":"2011-06-14T23:07:20","date_gmt":"2011-06-14T21:07:20","guid":{"rendered":"http:\/\/kulturbloggen.com\/?p=37027"},"modified":"2011-06-14T23:07:20","modified_gmt":"2011-06-14T21:07:20","slug":"varldspremiar-for-ny-lat-nar-me-and-my-army-gastade-grona-lund","status":"publish","type":"post","link":"https:\/\/kulturbloggen.com\/?p=37027","title":{"rendered":"V\u00e4rldspremi\u00e4r f\u00f6r ny l\u00e5t n\u00e4r Me And My Army g\u00e4stade Gr\u00f6na Lund"},"content":{"rendered":"<p><a href=\"http:\/\/kulturbloggen.com\/wp-content\/uploads\/2011\/06\/mamy1.jpg\"><img loading=\"lazy\" decoding=\"async\" src=\"http:\/\/kulturbloggen.com\/wp-content\/uploads\/2011\/06\/mamy1-300x224.jpg\" alt=\"\" title=\"mamy1\" width=\"300\" height=\"224\" class=\"aligncenter size-medium wp-image-37028\" \/><\/a><\/p>\n<p><em>Vad: Me And My Army<br \/>\nVar: Gr\u00f6na Lund<br \/>\nN\u00e4r: 14 juni 2011<\/em><\/p>\n<p>Allt var som det ska n\u00e4r Andreas Kleerup g\u00e4stade Stockholms finaste n\u00f6jesf\u00e4lt med sin arm\u00e9 \u2013 Kulturblogens skribent var p\u00e5 plats, atmosf\u00e4ren var avslappnad och den procent av Stockholms musikentusiaster som hade trotsat regnet och Linkin Park var precis s\u00e5 h\u00f6gljudd som den ska \u00e4ven om Me And My Army bara spelade p\u00e5 lilla scenen.<\/p>\n<p>Syntslingorna i <em>Anthem<\/em> och <em>Note to Self<\/em> klingar David Bowie, speciellt Berlin-trilogin, medan resten av l\u00e5tarna h\u00e5ller sig till samma framg\u00e5ngsrika koncept \u2013 l\u00e5tar som <em>The Only One <\/em>och <em>Chemicals<\/em> tillh\u00f6r troligtvis Sveriges mest underskattade och sj\u00e4lvklara hits genom tiderna. Det \u00e4r dessutom alldeles f\u00f6r f\u00e5 frontm\u00e4n som vinkar till sina m\u00f6drar p\u00e5 scen.<\/p>\n<p>F\u00f6ljande l\u00e5tar spelades under kv\u00e4llen:<\/p>\n<p><em>Anthem<br \/>\nThank God for Sending Demons<br \/>\nMe And My Army<br \/>\nThe Only One<br \/>\nEpilouge<br \/>\nJust Like Before<br \/>\nNote to Self<\/em><br \/>\n(V\u00e4rldspremi\u00e4r f\u00f6r en ny instrumental l\u00e5t som jag inte uppfattade namnet p\u00e5)<br \/>\n<em>Chemicals<\/em><\/p>\n","protected":false},"excerpt":{"rendered":"<p>Vad: Me And My Army Var: Gr\u00f6na Lund N\u00e4r: 14 juni 2011 Allt var som det ska n\u00e4r Andreas Kleerup g\u00e4stade Stockholms finaste n\u00f6jesf\u00e4lt med sin arm\u00e9 \u2013 Kulturblogens skribent var p\u00e5 plats, atmosf\u00e4ren var avslappnad och den procent av Stockholms musikentusiaster som hade trotsat regnet och Linkin Park var precis s\u00e5 h\u00f6gljudd som den [&hellip;]<\/p>\n","protected":false},"author":3,"featured_media":0,"comment_status":"open","ping_status":"open","sticky":false,"template":"","format":"standard","meta":{"_genesis_hide_title":false,"_genesis_hide_breadcrumbs":false,"_genesis_hide_singular_image":false,"_genesis_hide_footer_widgets":false,"_genesis_custom_body_class":"","_genesis_custom_post_class":"","_genesis_layout":"","footnotes":""},"categories":[7],"tags":[2110,2950,3566,5782],"class_list":["post-37027","post","type-post","status-publish","format-standard","category-musik","tag-grona-lund","tag-kleerup","tag-me-and-my-army","tag-the-only-one","entry"],"_links":{"self":[{"href":"https:\/\/kulturbloggen.com\/index.php?rest_route=\/wp\/v2\/posts\/37027","targetHints":{"allow":["GET"]}}],"collection":[{"href":"https:\/\/kulturbloggen.com\/index.php?rest_route=\/wp\/v2\/posts"}],"about":[{"href":"https:\/\/kulturbloggen.com\/index.php?rest_route=\/wp\/v2\/types\/post"}],"author":[{"embeddable":true,"href":"https:\/\/kulturbloggen.com\/index.php?rest_route=\/wp\/v2\/users\/3"}],"replies":[{"embeddable":true,"href":"https:\/\/kulturbloggen.com\/index.php?rest_route=%2Fwp%2Fv2%2Fcomments&post=37027"}],"version-history":[{"count":0,"href":"https:\/\/kulturbloggen.com\/index.php?rest_route=\/wp\/v2\/posts\/37027\/revisions"}],"wp:attachment":[{"href":"https:\/\/kulturbloggen.com\/index.php?rest_route=%2Fwp%2Fv2%2Fmedia&parent=37027"}],"wp:term":[{"taxonomy":"category","embeddable":true,"href":"https:\/\/kulturbloggen.com\/index.php?rest_route=%2Fwp%2Fv2%2Fcategories&post=37027"},{"taxonomy":"post_tag","embeddable":true,"href":"https:\/\/kulturbloggen.com\/index.php?rest_route=%2Fwp%2Fv2%2Ftags&post=37027"}],"curies":[{"name":"wp","href":"https:\/\/api.w.org\/{rel}","templated":true}]}}