{"id":3698,"date":"2008-10-30T20:42:47","date_gmt":"2008-10-30T19:42:47","guid":{"rendered":"http:\/\/kulturbloggen.com\/?p=3698"},"modified":"2008-10-30T20:42:47","modified_gmt":"2008-10-30T19:42:47","slug":"suck-att-samla-andras-videoklipp-ar-nydanande-journalistik-och-kan-ge-fredrik-strage-journalistpriset","status":"publish","type":"post","link":"https:\/\/kulturbloggen.com\/?p=3698","title":{"rendered":"Suck, att samla andras videoklipp \u00e4r nydanande journalistik och kan ge Fredrik Strage journalistpriset"},"content":{"rendered":"<p><a href=\"http:\/\/sodergren.com\/kulturbloggen\/wp-content\/uploads\/2008\/10\/fredrikstrage260.jpg\"><img loading=\"lazy\" decoding=\"async\" src=\"http:\/\/sodergren.com\/kulturbloggen\/wp-content\/uploads\/2008\/10\/fredrikstrage260.jpg\" alt=\"\" title=\"fredrikstrage260\" width=\"260\" height=\"150\" class=\"alignright size-full wp-image-3711\" \/><\/a><\/p>\n<p>Linda Skugges blogg var nominerad som nydanande inom journalistiken och nu i \u00e5r \u00e4r det Strages YouTubesamling som r\u00e4cker f\u00f6r att bli nominerad till journalistpriset.<\/p>\n<p><a href=\"http:\/\/www.dn.se\/DNet\/jsp\/polopoly.jsp?d=1058&#038;a=845996\">Dagens Nyheter \u00e4r stolta f\u00f6rst\u00e5s \u00f6ver nomineringen<\/a>:<\/p>\n<blockquote><p>I kategorin \u00c5rets F\u00f6rnyare finns f\u00f6ljande nomineringar: Ingvar N\u00e4slund (publisher p\u00e5 V\u00e4sterbottens-Kurirens sajt vk.se som med moderna medel vitaliserat lokaljournalistiken), Eva Landahl (SVT:s chef f\u00f6r samh\u00e4llsprogrammen och Aktuelltredaktionen som i \u00e5r \u00f6ppnats f\u00f6r allm\u00e4nheten via &#8221;\u00d6ppen redaktion&#8221; p\u00e5 svt.se) och allts\u00e5 Fredrik Strage (mannen bakom uppm\u00e4rksammade och uppskattade &#8221;Youtubiana&#8221; i DN P\u00e5 Stan).<\/p><\/blockquote>\n<p>Jag f\u00e5r hoppas att nomineringen inte kommer p\u00e5 grund av hans samling av YouTube-klipp.<\/p>\n<p>F\u00f6r det finns m\u00e5nga som liksom jag bloggar och \u00e4r journalister samtidigt &#8211; och som anv\u00e4nder YouTube och Bambuser f\u00f6r att skapa eget material. D\u00e4r \u00e4r i s\u00e5 fall sorgligt att de som sitter i positionen f\u00f6r att nominera till journalistpriset  v\u00e5gar titta utanf\u00f6r egna d\u00f6rren.<\/p>\n<p>F\u00f6r \u00f6vrigt om nomineringarna:<\/p>\n<blockquote><p>\u00c5rets Avsl\u00f6jande kan komma att tilldelas n\u00e5gon av dessa nominerade: Magnus Svenungson &#038; Pelle Westman (vars gr\u00e4vjobb &#8221;Not my business&#8221; avsl\u00f6jade hamburgerrestaurangers st\u00e4dares usla villkor i &#8221;Uppdrag Granskning&#8221; p\u00e5 SVT), Anna Jakt\u00e9n &#038; Bo G\u00f6ran Bodin &#038; Sanna Klinghoffer (f\u00f6r deras reportageserie &#8221;I statens f\u00f6rvar &#8211; om d\u00f6dsfall p\u00e5 svenska h\u00e4kten&#8221; i SR:s Dagens Eko och Kaliber) eller Jens Mikkelsen &#038; Johan Wessman, (avsl\u00f6jade skandaler inom HSB Sk\u00e5ne i Sydsvenskans artikelserie &#8221;HSB:s gr\u00e4ddfil&#8221;).<\/p><\/blockquote>\n<p>Andra bloggar om: <a href=\"http:\/\/bloggar.se\/om\/journalistik\" rel=\"tag\">journalistik<\/a>, <a href=\"http:\/\/bloggar.se\/om\/Fredrik+Strage\" rel=\"tag\">Fredrik Strage<\/a>, <a href=\"http:\/\/bloggar.se\/om\/YouTube\" rel=\"tag\">YouTube<\/a>, <a href=\"http:\/\/bloggar.se\/om\/Bambuser\" rel=\"tag\">Bambuser<\/a><\/p>\n","protected":false},"excerpt":{"rendered":"<p>Linda Skugges blogg var nominerad som nydanande inom journalistiken och nu i \u00e5r \u00e4r det Strages YouTubesamling som r\u00e4cker f\u00f6r att bli nominerad till journalistpriset. Dagens Nyheter \u00e4r stolta f\u00f6rst\u00e5s \u00f6ver nomineringen: I kategorin \u00c5rets F\u00f6rnyare finns f\u00f6ljande nomineringar: Ingvar N\u00e4slund (publisher p\u00e5 V\u00e4sterbottens-Kurirens sajt vk.se som med moderna medel vitaliserat lokaljournalistiken), Eva Landahl (SVT:s [&hellip;]<\/p>\n","protected":false},"author":2,"featured_media":0,"comment_status":"open","ping_status":"open","sticky":false,"template":"","format":"standard","meta":{"_genesis_hide_title":false,"_genesis_hide_breadcrumbs":false,"_genesis_hide_singular_image":false,"_genesis_hide_footer_widgets":false,"_genesis_custom_body_class":"","_genesis_custom_post_class":"","_genesis_layout":"","footnotes":""},"categories":[62],"tags":[2765,3582],"class_list":{"0":"post-3698","1":"post","2":"type-post","3":"status-publish","4":"format-standard","6":"category-medie-och-kulturpolitik","7":"tag-journalistik","8":"tag-medier","9":"entry"},"_links":{"self":[{"href":"https:\/\/kulturbloggen.com\/index.php?rest_route=\/wp\/v2\/posts\/3698","targetHints":{"allow":["GET"]}}],"collection":[{"href":"https:\/\/kulturbloggen.com\/index.php?rest_route=\/wp\/v2\/posts"}],"about":[{"href":"https:\/\/kulturbloggen.com\/index.php?rest_route=\/wp\/v2\/types\/post"}],"author":[{"embeddable":true,"href":"https:\/\/kulturbloggen.com\/index.php?rest_route=\/wp\/v2\/users\/2"}],"replies":[{"embeddable":true,"href":"https:\/\/kulturbloggen.com\/index.php?rest_route=%2Fwp%2Fv2%2Fcomments&post=3698"}],"version-history":[{"count":0,"href":"https:\/\/kulturbloggen.com\/index.php?rest_route=\/wp\/v2\/posts\/3698\/revisions"}],"wp:attachment":[{"href":"https:\/\/kulturbloggen.com\/index.php?rest_route=%2Fwp%2Fv2%2Fmedia&parent=3698"}],"wp:term":[{"taxonomy":"category","embeddable":true,"href":"https:\/\/kulturbloggen.com\/index.php?rest_route=%2Fwp%2Fv2%2Fcategories&post=3698"},{"taxonomy":"post_tag","embeddable":true,"href":"https:\/\/kulturbloggen.com\/index.php?rest_route=%2Fwp%2Fv2%2Ftags&post=3698"}],"curies":[{"name":"wp","href":"https:\/\/api.w.org\/{rel}","templated":true}]}}