{"id":36797,"date":"2011-06-08T19:48:28","date_gmt":"2011-06-08T17:48:28","guid":{"rendered":"http:\/\/kulturbloggen.com\/?p=36797"},"modified":"2011-06-08T19:48:28","modified_gmt":"2011-06-08T17:48:28","slug":"kulturbloggen-moter-pain","status":"publish","type":"post","link":"https:\/\/kulturbloggen.com\/?p=36797","title":{"rendered":"Kulturbloggen m\u00f6ter Pain"},"content":{"rendered":"<p><a href=\"http:\/\/kulturbloggen.com\/wp-content\/uploads\/2011\/06\/IMGP6897.jpg\"><img loading=\"lazy\" decoding=\"async\" src=\"http:\/\/kulturbloggen.com\/wp-content\/uploads\/2011\/06\/IMGP6897-300x200.jpg\" alt=\"\" title=\"IMGP6897\" width=\"300\" height=\"200\" class=\"alignnone size-medium wp-image-36798\" \/><\/a><\/p>\n<p>Pain \u00e4r aktuella med skivan &#8221;You Only Live Twice&#8221; och har en exklusiv releasefest p\u00e5 Pub Anchor. H\u00e4r f\u00e5r vi tr\u00e4ffa Peter T\u00e4gtgren som ger oss en liten inblick i arbetet bakom den nya skivan.<\/p>\n<p><strong>Hur beskriver du den nya skivan?<\/strong><br \/>\nMer gitarrbaserat, den l\u00e5ter m\u00f6rkare. Pain \u00e4r \u00e4nd\u00e5 alltid Pain. Det \u00e4r mera varierande s\u00e5ng p\u00e5 den nya skivan och den beror det p\u00e5 l\u00e5ten. L\u00e5ten talar om hur jag ska sjunga.<br \/>\nAtt f\u00e5 ihop det tog l\u00e4ngre tid, men Pain \u00e4r alltid ett stort experiment. Jag har experimenterat mindre med ljudet den h\u00e4r g\u00e5ngen och mer med s\u00e5ngen. Det \u00e4r alltid lika viktigt att vara kreativ.<\/p>\n<p><strong>Hur skulle du beskriva arbetet bakom skivan?<\/strong><br \/>\nSom att springa in i v\u00e4ggen fyrtio g\u00e5nger om dagen. Men sen l\u00e4r man sig och d\u00e5 \u00e4r det bara att g\u00e5 vidare, tills man st\u00f6ter p\u00e5 n\u00e4sta problem. Ibland k\u00e4nner jag mig f\u00f6r gammal f\u00f6r det h\u00e4r och \u00f6nskar jag hade ett riktigt jobb, men det \u00e4r \u00e4nd\u00e5 n\u00e5got som drar mig att forts\u00e4tta med det jag g\u00f6r.<\/p>\n<p><strong>Finns det n\u00e5gra nya influenser till den nya skivan?<\/strong><br \/>\nNej. Allt kommer h\u00e4rifr\u00e5n. (pekar p\u00e5 huvudet)<br \/>\nI b\u00f6rjan med Hypocricy hade vi influenser som Deicide, Entombed och Morbid Angel men efter att ha gjort ett par skivor d\u00e4r vi kopierar deras material s\u00e5 v\u00e4xer du och hittar din egen stil. Sen \u00e4r det bara att k\u00f6ra vidare. Det g\u00e5r inte att st\u00e5 och snurra p\u00e5 samma st\u00e4lle.<\/p>\n<p><strong>Vad tycker du om kritiken skivan har f\u00e5tt?<\/strong><br \/>\nJag har faktiskt inte kollat s\u00e5 mycket p\u00e5 den. Jag s\u00e5g att Aftonbladet gav oss en trea och inte tyckte vi var tillr\u00e4ckligt intressanta. Jag vet inte vad de f\u00f6rv\u00e4ntar sig. Ska jag skrika &#8221;Heil Hitler&#8221;? Det h\u00e4r \u00e4r det jag klarar av just nu och det \u00e4r bara att hoppas det g\u00e5r att f\u00f6rb\u00e4ttra till n\u00e4sta g\u00e5ng.<\/p>\n<p><strong>Vad har varit din h\u00f6jdpunkt som Pain?<\/strong><br \/>\nJag har inte haft n\u00e5gon \u00e4n.<br \/>\n2001-2002 n\u00e4r vi var som st\u00f6rst var n\u00e4r jag m\u00e5dde allra s\u00e4mst. Jag vill inte vara k\u00e4nd p\u00e5 det viset, det \u00e4r s\u00e5 fruktansv\u00e4rt anstr\u00e4ngande. Jag har v\u00e4nner som har fr\u00e5gat mig om jag inte ska vara med i Melodifestivalen och s\u00e5nt. Det \u00e4r det v\u00e4rsta jag kan t\u00e4nka mig, S\u00e5n uppm\u00e4rksamhet vill jag inte ha, jag vill kunna vara mig sj\u00e4lv och leva f\u00f6r mig sj\u00e4lv.<\/p>\n<p><strong>Vilken har varit den s\u00e4msta perioden?<\/strong><br \/>\nAtt byta skivbolag, byta manager \u00e4r fruktansv\u00e4rt jobbigt. N\u00e4r vi jar jobbat upp oss s\u00e5 f\u00e5r vi pl\u00f6tsligt b\u00f6rja om fr\u00e5n b\u00f6rjan.<br \/>\nMen nu g\u00e5r det bra, Som Dr. Alban skulle s\u00e4ga, &#8221;Ztabilt&#8221;.<br \/>\nGrabbarna g\u00f6r v\u00e4ldigt mycket, till exempel tog en p\u00e5 sig hela releasefesten och alla g\u00f6r sin grej, det \u00e4r v\u00e4ldigt sk\u00f6nt att ha det h\u00e4r st\u00f6det bakom sig.<\/p>\n<p><strong>Vad har du f\u00f6r ambitioer just nu?<\/strong><br \/>\nSamma som jag alltid har haft. Att alltid g\u00f6ra s\u00e5 bra jag kan.<\/p>\n<p><strong>Vad kan vi f\u00f6rv\u00e4nta oss av Pain fram\u00f6ver?<\/strong><br \/>\nMycket live.Vi skasatsa p\u00e5 det visuella och g\u00f6ra en fet show.<\/p>\n<p><strong>Vilket band borde \u00e5terf\u00f6renas?<\/strong><br \/>\nBeatles. Det var det perfekta bandet.<\/p>\n<p><strong>Vilket band borde splittras?<\/strong><br \/>\nH\u00e4r v\u00e5gar jag inte s\u00e4ga f\u00f6r myket&#8230; Men Kiss! Jag \u00f6ver alla band i v\u00e4rlden men nu k\u00e4nns det som om de har h\u00e5llit p\u00e5 lite f\u00f6r mycket. Det har blivit n\u00e5n slags Disneyworld k\u00e4nsla \u00f6ver det hela.<\/p>\n<p><strong>Det ryktas att en Hypocrisy DVD \u00e4r p\u00e5 g\u00e5ng, kan du ber\u00e4tta n\u00e5got om det?<\/strong><br \/>\nJa det var den vi arbetade med idag, det \u00e4r en dokument\u00e4r f\u00f6rutom konserten. Det \u00e4r verkligen impnerande vilket jobb som har lagts ner p\u00e5 den, den k\u00e4nns riktigt stor! Det \u00e4r som att se p\u00e5 en Mettallica dokument\u00e4r.<\/p>\n<p>Pains nya video som visades f\u00f6r f\u00f6rsta g\u00e5ngen p\u00e5 releasefesten:<br \/>\n<iframe loading=\"lazy\" width=\"560\" height=\"349\" src=\"http:\/\/www.youtube.com\/embed\/thS0CTTczOo\" frameborder=\"0\" allowfullscreen><\/iframe><\/p>\n","protected":false},"excerpt":{"rendered":"<p>Pain \u00e4r aktuella med skivan &#8221;You Only Live Twice&#8221; och har en exklusiv releasefest p\u00e5 Pub Anchor. H\u00e4r f\u00e5r vi tr\u00e4ffa Peter T\u00e4gtgren som ger oss en liten inblick i arbetet bakom den nya skivan. Hur beskriver du den nya skivan? Mer gitarrbaserat, den l\u00e5ter m\u00f6rkare. Pain \u00e4r \u00e4nd\u00e5 alltid Pain. Det \u00e4r mera varierande [&hellip;]<\/p>\n","protected":false},"author":13,"featured_media":0,"comment_status":"open","ping_status":"open","sticky":false,"template":"","format":"standard","meta":{"_genesis_hide_title":false,"_genesis_hide_breadcrumbs":false,"_genesis_hide_singular_image":false,"_genesis_hide_footer_widgets":false,"_genesis_custom_body_class":"","_genesis_custom_post_class":"","_genesis_layout":"","footnotes":""},"categories":[5,7],"tags":[2518,12281,4345,6230],"class_list":{"0":"post-36797","1":"post","2":"type-post","3":"status-publish","4":"format-standard","6":"category-intervju","7":"category-musik","8":"tag-interview","9":"tag-intervju","10":"tag-peter-tagtgren","11":"tag-video","12":"entry"},"_links":{"self":[{"href":"https:\/\/kulturbloggen.com\/index.php?rest_route=\/wp\/v2\/posts\/36797","targetHints":{"allow":["GET"]}}],"collection":[{"href":"https:\/\/kulturbloggen.com\/index.php?rest_route=\/wp\/v2\/posts"}],"about":[{"href":"https:\/\/kulturbloggen.com\/index.php?rest_route=\/wp\/v2\/types\/post"}],"author":[{"embeddable":true,"href":"https:\/\/kulturbloggen.com\/index.php?rest_route=\/wp\/v2\/users\/13"}],"replies":[{"embeddable":true,"href":"https:\/\/kulturbloggen.com\/index.php?rest_route=%2Fwp%2Fv2%2Fcomments&post=36797"}],"version-history":[{"count":0,"href":"https:\/\/kulturbloggen.com\/index.php?rest_route=\/wp\/v2\/posts\/36797\/revisions"}],"wp:attachment":[{"href":"https:\/\/kulturbloggen.com\/index.php?rest_route=%2Fwp%2Fv2%2Fmedia&parent=36797"}],"wp:term":[{"taxonomy":"category","embeddable":true,"href":"https:\/\/kulturbloggen.com\/index.php?rest_route=%2Fwp%2Fv2%2Fcategories&post=36797"},{"taxonomy":"post_tag","embeddable":true,"href":"https:\/\/kulturbloggen.com\/index.php?rest_route=%2Fwp%2Fv2%2Ftags&post=36797"}],"curies":[{"name":"wp","href":"https:\/\/api.w.org\/{rel}","templated":true}]}}