{"id":36756,"date":"2011-06-08T11:09:28","date_gmt":"2011-06-08T09:09:28","guid":{"rendered":"http:\/\/kulturbloggen.com\/?p=36756"},"modified":"2012-02-21T20:12:03","modified_gmt":"2012-02-21T19:12:03","slug":"folktomt-timmarna-fore-sweden-rock","status":"publish","type":"post","link":"https:\/\/kulturbloggen.com\/?p=36756","title":{"rendered":"Folktomt, timmarna f\u00f6re Sweden Rock"},"content":{"rendered":"<p>Festivalscenen: det \u00e4r den st\u00f6rsta av de fem scenerna p\u00e5 Sweden Rock Festival. L\u00f6rdag kv\u00e4ll 23.00 t\u00e5r Ozzy Osbourne d\u00e4r. Hans framtr\u00e4dande \u00e4r finalen p\u00e5 fyra dagar fyllda av rockmusik. N\u00e5gon g\u00e5ng kring 02.00 p\u00e5 natten mot s\u00f6ndag ska hans konsert vara \u00f6ver och festivalen st\u00e4nger f\u00f6r i \u00e5r. D\u00e5 l\u00e4r det krylla av folk.<br \/>\nJag gick en liten promenad \u00f6ver omr\u00e5det, jag \u00e4r h\u00e4r dels f\u00f6r att skriva f\u00f6r <a href=\"http:\/\/www.voltaire.se\/\">tidningen Voltaire<\/a> och jag ska ocks\u00e5 g\u00f6ra <a href=\"http:\/\/www.aventyrliga.se\/\">ett slags reportage \u00e5t tidningen \u00c4ventyr<\/a>. Och s\u00e5 ska jag f\u00f6rst\u00e5s rapportera f\u00f6r Kulturbloggen.<\/p>\n<p><a href=\"http:\/\/kulturbloggen.com\/wp-content\/uploads\/2011\/06\/festivalscenen_swedenrock.jpg\"><img loading=\"lazy\" decoding=\"async\" src=\"http:\/\/kulturbloggen.com\/wp-content\/uploads\/2011\/06\/festivalscenen_swedenrock-300x225.jpg\" alt=\"\" title=\"festivalscenen_swedenrock\" width=\"300\" height=\"225\" class=\"alignright size-medium wp-image-36758\" \/><\/a>P\u00e5 bilden ovan ser ni Festivalscenen och hur folktomt d\u00e4r \u00e4r nu. Festivalscenen \u00e4r grymt stor, vilket inte riktigt syns p\u00e5 bilden. Ni vet v\u00e4l hur det \u00e4r med iphone, kamerainst\u00e4llningarna \u00e4r p\u00e5 vidvinkel.<\/p>\n<p><a href=\"http:\/\/www.swedenrock.com\/index.cfm\">Sweden Rock<\/a> \u00e4r en speciell festival. Jag s\u00e5g p\u00e5 deras hemsida att den nu ocks\u00e5 \u00e4r sluts\u00e5ld.<\/p>\n<blockquote><p>Idag tog biljetterna till \u00e5rets upplaga av Sweden Rock Festival slut. Vi vill passa p\u00e5 att redan nu tacka v\u00e4rldens b\u00e4sta rockpublik f\u00f6r att ni gjort detta m\u00f6jligt och nu ser vi fram emot fyra dagar av den b\u00e4sta musiken och den b\u00e4sta st\u00e4mningen man kan f\u00e5 p\u00e5 en rockfestival.<\/p>\n<p>33.000 bes\u00f6kare borgar f\u00f6r \u00e4nnu ett succ\u00e9\u00e5r och vi hoppas att alla p\u00e5 s\u00f6ndag kommer att tycka att 2011 var det allra b\u00e4sta \u00e5ret hittills i festivalens historia.<\/p><\/blockquote>\n<p>Jag och fotografen Anders L\u00f6wdin promenerade runt i omr\u00e5det ig\u00e5r, tisdagen, och vi fascinerades av alla dessa olika m\u00e4nniskor som h\u00f6ll p\u00e5 att s\u00e4tta upp sina t\u00e4lt p\u00e5 campingen. Den som kom dit f\u00f6rst, satte upp sitt t\u00e4lt redan tisdagen vecka f\u00f6re. D\u00e5 \u00e4r man entusiast.<\/p>\n<p>D\u00e4r satt m\u00e5nga m\u00e4n med stora tatureringar p\u00e5 armar och ben och en del i ansikten. Svart \u00e4r den dominerande f\u00e4rger p\u00e5 b\u00e5de byxor och t-shirt. De sitter p\u00e5 t\u00e4ltstolar i en ring och har ett stort altare i mitten av \u00f6lburkar staplade p\u00e5 varandra. <\/p>\n<p>Men det finns m\u00e5nga fler. Jag har faktiskt en hel del kvinnor ocks\u00e5, b\u00e5de unga tjejer och \u00e4ldre kvinnor. En del barn har jag sett. Mitt uppdrag idag \u00e4r att leta reda p\u00e5 en familj som vill med min hj\u00e4lp skriva ett slags resebrev h\u00e4rifr\u00e5n.<\/p>\n<p><a href=\"http:\/\/www.voltaire.se\/sv\/blogs\/63.1634\/eventbloggen\/manniskor-i-vimlet\">I Voltaires rockblogg har jag skrivit lite om n\u00e5gra av de m\u00e4nniskor jag m\u00f6tte i vimlet ig\u00e5r<\/a> och <a href=\"http:\/\/flickr.com\/photos\/anderslowdin\">Anders har fotograferat.<\/a><\/p>\n<p>Idag har jag i alla fall siktat in mig p\u00e5 n\u00e5gra spelningar som jag absolut ska se. Seventribe, som vann Released, Live and Unsigned 2010 har verkligen f\u00e5tt fart p\u00e5 sin rockkarri\u00e4r. Bandet \u00f6ppnar hela Sweden Rock med en spelning p\u00e5 Zeppelinscenen 15.30.<br \/>\nSj\u00e4lvklart t\u00e4nker jag inte missa Roffe Wikstr\u00f6m n\u00e4r han spelar 22.30 p\u00e5 Rockklassikerscenen.<br \/>\nHardcore Superstar som spelar p\u00e5 Swedenscenen st\u00e5r ocks\u00e5 p\u00e5 mitt schema. Den spelningen b\u00f6rjar 24.00.<br \/>\n<a href=\"http:\/\/kulturbloggen.com\/?p=27624\">H\u00e4r \u00e4r en intervju med bandet n\u00e4r de vann rockt\u00e4vlingen.<\/a><\/p>\n<blockquote><p>Hardcore Superstars sj\u00e4lvbetitlade s\u00e5 kallade &#8221;svarta album&#8221; fr\u00e5n 2005 har av Sweden Rock Magazines skribenter utsetts till det tredje b\u00e4sta albumet de tio senaste \u00e5ren och av tidningens l\u00e4sare till det tolfte b\u00e4sta albumet. SRM:s tio\u00e5rsjubileumsnummer #83 finns i butik den 14 juni.<\/p>\n<p>Hardcore Superstar firar detta genom att f\u00f6r f\u00f6rsta g\u00e5ngen framf\u00f6ra hela detta album live n\u00e4r de avslutar konsertprogrammet p\u00e5 Sweden Rock Festival onsdagen den 8 juni.<\/p><\/blockquote>\n<p>Relaterat: <a href=\"http:\/\/www.aftonbladet.se\/nojesbladet\/musik\/hardrock\/article13137437.ab\">Aftonbladet<\/a><\/p>\n<p>Relaterat: <a href=\"http:\/\/www.expressen.se\/noje\/musik\/1.2462490\/folj-med-kim-halling-pa-festival-med-expressen.se\">Expressen<\/a><\/p>\n<p>L\u00e4s \u00e4ven andra bloggares \u00e5sikter om <a href=\"http:\/\/bloggar.se\/om\/Sweden+Rock\" rel=\"tag\">Sweden Rock<\/a>, <a href=\"http:\/\/bloggar.se\/om\/rockmusik\" rel=\"tag\">rockmusik<\/a>, <a href=\"http:\/\/bloggar.se\/om\/musikfestival\" rel=\"tag\">musikfestival<\/a><\/p>\n","protected":false},"excerpt":{"rendered":"<p>Festivalscenen: det \u00e4r den st\u00f6rsta av de fem scenerna p\u00e5 Sweden Rock Festival. L\u00f6rdag kv\u00e4ll 23.00 t\u00e5r Ozzy Osbourne d\u00e4r. Hans framtr\u00e4dande \u00e4r finalen p\u00e5 fyra dagar fyllda av rockmusik. N\u00e5gon g\u00e5ng kring 02.00 p\u00e5 natten mot s\u00f6ndag ska hans konsert vara \u00f6ver och festivalen st\u00e4nger f\u00f6r i \u00e5r. D\u00e5 l\u00e4r det krylla av folk. [&hellip;]<\/p>\n","protected":false},"author":2,"featured_media":0,"comment_status":"open","ping_status":"open","sticky":false,"template":"","format":"standard","meta":{"_genesis_hide_title":false,"_genesis_hide_breadcrumbs":false,"_genesis_hide_singular_image":false,"_genesis_hide_footer_widgets":false,"_genesis_custom_body_class":"","_genesis_custom_post_class":"","_genesis_layout":"","footnotes":""},"categories":[44,7],"tags":[3844,4803,5551],"class_list":{"0":"post-36756","1":"post","2":"type-post","3":"status-publish","4":"format-standard","6":"category-chadie","7":"category-musik","8":"tag-musikfestival","9":"tag-rockmusik","10":"tag-sweden-rock","11":"entry"},"_links":{"self":[{"href":"https:\/\/kulturbloggen.com\/index.php?rest_route=\/wp\/v2\/posts\/36756","targetHints":{"allow":["GET"]}}],"collection":[{"href":"https:\/\/kulturbloggen.com\/index.php?rest_route=\/wp\/v2\/posts"}],"about":[{"href":"https:\/\/kulturbloggen.com\/index.php?rest_route=\/wp\/v2\/types\/post"}],"author":[{"embeddable":true,"href":"https:\/\/kulturbloggen.com\/index.php?rest_route=\/wp\/v2\/users\/2"}],"replies":[{"embeddable":true,"href":"https:\/\/kulturbloggen.com\/index.php?rest_route=%2Fwp%2Fv2%2Fcomments&post=36756"}],"version-history":[{"count":1,"href":"https:\/\/kulturbloggen.com\/index.php?rest_route=\/wp\/v2\/posts\/36756\/revisions"}],"predecessor-version":[{"id":49189,"href":"https:\/\/kulturbloggen.com\/index.php?rest_route=\/wp\/v2\/posts\/36756\/revisions\/49189"}],"wp:attachment":[{"href":"https:\/\/kulturbloggen.com\/index.php?rest_route=%2Fwp%2Fv2%2Fmedia&parent=36756"}],"wp:term":[{"taxonomy":"category","embeddable":true,"href":"https:\/\/kulturbloggen.com\/index.php?rest_route=%2Fwp%2Fv2%2Fcategories&post=36756"},{"taxonomy":"post_tag","embeddable":true,"href":"https:\/\/kulturbloggen.com\/index.php?rest_route=%2Fwp%2Fv2%2Ftags&post=36756"}],"curies":[{"name":"wp","href":"https:\/\/api.w.org\/{rel}","templated":true}]}}