{"id":36736,"date":"2011-06-07T22:54:30","date_gmt":"2011-06-07T20:54:30","guid":{"rendered":"http:\/\/kulturbloggen.com\/?p=36736"},"modified":"2011-06-07T22:54:30","modified_gmt":"2011-06-07T20:54:30","slug":"matilda-paulsson-vill-lata-carmen-lysa-sjunger-rollernas-roll-pa-opera-pa-skaret-finlands-nationalopera-och-kungliga-operan","status":"publish","type":"post","link":"https:\/\/kulturbloggen.com\/?p=36736","title":{"rendered":"Matilda Paulsson vill l\u00e5ta Carmen lysa &#8211; sjunger rollernas roll p\u00e5 Opera p\u00e5 Sk\u00e4ret, Finlands Nationalopera och Kungliga Operan"},"content":{"rendered":"<p><a href=\"http:\/\/kulturbloggen.com\/wp-content\/uploads\/2011\/06\/matildapaulssoncarmenoperapaskaret.jpg\"><img loading=\"lazy\" decoding=\"async\" src=\"http:\/\/kulturbloggen.com\/wp-content\/uploads\/2011\/06\/matildapaulssoncarmenoperapaskaret.jpg\" alt=\"\" title=\"matildapaulssoncarmenoperapaskaret\" width=\"170\" height=\"113\" class=\"aligncenter size-full wp-image-36737\" \/><\/a><br \/>\nFr\u00e5n ett pressmeddelande l\u00e4ser jag f\u00f6ljande:<br \/>\nOpera p\u00e5 Sk\u00e4ret ger i sommar  Georges Bizets m\u00e4sterverk Carmen. I huvudrollerna ser vi svenska mezzosopranen Matilda Paulsson och amerikanske v\u00e4rldstenoren Stuart Neill. Matilda f\u00f6rbereder sig nu f\u00f6r sin debut i den prestigefulla titelrollen. <\/p>\n<blockquote><p>&#8211; Carmen \u00e4r en av mina absoluta dr\u00f6mroller, och Opera p\u00e5 Sk\u00e4rets vackra s\u00e5gverksmilj\u00f6 g\u00f6r detta till en \u00e4nnu mer speciell debut, s\u00e4ger Matilda Paulsson. Att dessutom f\u00e5 debutera som Carmen mot Stuart Neill \u00e4r n\u00e4stan overkligt.<\/p><\/blockquote>\n<p>Nu \u00e4r det ocks\u00e5 klart att Matilda g\u00f6r titelrollen i Carmen \u00e4ven p\u00e5 Finlands Nationalopera h\u00f6sten 2011 och p\u00e5 Kungliga Operan i Stockholm v\u00e5ren 2012.<\/p>\n<blockquote><p>&#8211; Jag tror att de flesta har sin egen bild av Carmen, och det \u00e4r en av de saker som g\u00f6r rollen b\u00e5de sp\u00e4nnande och utmanande. Jag vill l\u00e5ta min Carmen f\u00e5 utrymme och lysa, och f\u00f6rs\u00f6ker l\u00e5ta bli att bl\u00e4ndas av de Carmen jag sett. Vokalt \u00e4r det ett kraftprov, och man m\u00e5ste disponera r\u00f6sten s\u00e5 att man h\u00e5ller hela v\u00e4gen.<\/p><\/blockquote>\n<p>Hon sjunger g\u00e4rna bla Strauss, Mozart och H\u00e4ndel och har i och med rollen i Carmen gett sig in p\u00e5 Bizet. <\/p>\n<blockquote><p>&#8211; Det k\u00e4nns viktigt att l\u00e5ta r\u00f6sten v\u00e4xa ifred och inte tvinga den till n\u00e5got den inte \u00e4r. De produktioner jag ska g\u00f6ra kommer naturligtvis att bli v\u00e4ldigt olika och jag ser verkligen fram emot den h\u00e4r utmaningen. Jag har b\u00f6rjat f\u00f6rbereda mig och jobbar som alltid f\u00f6r att f\u00e5 den d\u00e4r sensationella k\u00e4nslan i kroppen n\u00e4r allting funkar!<\/p><\/blockquote>\n<p>Opera p\u00e5 Sk\u00e4ret ger Carmen 13 g\u00e5nger mellan 23 juli och 21 augusti: <a href=\"http:\/\/www.operapaskaret.se\">L\u00e4s mer om Opera p\u00e5 Sk\u00e4ret<\/a><\/p>\n<p>Men redan i morgon den  8 juni kan du lyssna till Matilda Paulsson d\u00e5 hon sjunger tillsammans med Mikaeli Kammark\u00f6r i Adolf Fredriks Kyrka i en storslagen sommarkonsert. <\/p>\n<blockquote><p>&#8211; Mansk\u00f6r och orkester, vad mer kan man beg\u00e4ra, s\u00e4ger Matilda. Det \u00e4r min f\u00f6rsta altrapsodin, ett verk som jag l\u00e4nge velat g\u00f6ra. Det \u00e4r makal\u00f6st vackert och n\u00e5got av en mezzodr\u00f6m!<\/p><\/blockquote>\n<p>H\u00e4r kan du l\u00e4sa vad jag ans\u00e5g om Matilda Paulsson, <a href=\"http:\/\/mogensblogg.blogspot.com\/2011\/06\/gastspel-fran-den-ny-opera-med-xerxes.html\">som Arsamenes i G F H\u00e4ndels &#8221;Xerxes&#8221; p\u00e5 Den Kongelige Opera- Gamle Scene i K\u00f6penhamn<\/a><\/p>\n<p>Vill du veta mer om vad som \u00e4r aktuellt p\u00e5 operascenen i sommar g\u00e5 <a href=\"http:\/\/kulturbloggen.com\/?p=36541\">hit<\/a><\/p>\n","protected":false},"excerpt":{"rendered":"<p>Fr\u00e5n ett pressmeddelande l\u00e4ser jag f\u00f6ljande: Opera p\u00e5 Sk\u00e4ret ger i sommar Georges Bizets m\u00e4sterverk Carmen. I huvudrollerna ser vi svenska mezzosopranen Matilda Paulsson och amerikanske v\u00e4rldstenoren Stuart Neill. Matilda f\u00f6rbereder sig nu f\u00f6r sin debut i den prestigefulla titelrollen. &#8211; Carmen \u00e4r en av mina absoluta dr\u00f6mroller, och Opera p\u00e5 Sk\u00e4rets vackra s\u00e5gverksmilj\u00f6 g\u00f6r [&hellip;]<\/p>\n","protected":false},"author":13,"featured_media":0,"comment_status":"open","ping_status":"open","sticky":false,"template":"","format":"standard","meta":{"_genesis_hide_title":false,"_genesis_hide_breadcrumbs":false,"_genesis_hide_singular_image":false,"_genesis_hide_footer_widgets":false,"_genesis_custom_body_class":"","_genesis_custom_post_class":"","_genesis_layout":"","footnotes":""},"categories":[20],"tags":[3550,5953],"class_list":{"0":"post-36736","1":"post","2":"type-post","3":"status-publish","4":"format-standard","6":"category-film","7":"tag-matilda-paulsson","8":"tag-tre-ganger-carmen","9":"entry"},"_links":{"self":[{"href":"https:\/\/kulturbloggen.com\/index.php?rest_route=\/wp\/v2\/posts\/36736","targetHints":{"allow":["GET"]}}],"collection":[{"href":"https:\/\/kulturbloggen.com\/index.php?rest_route=\/wp\/v2\/posts"}],"about":[{"href":"https:\/\/kulturbloggen.com\/index.php?rest_route=\/wp\/v2\/types\/post"}],"author":[{"embeddable":true,"href":"https:\/\/kulturbloggen.com\/index.php?rest_route=\/wp\/v2\/users\/13"}],"replies":[{"embeddable":true,"href":"https:\/\/kulturbloggen.com\/index.php?rest_route=%2Fwp%2Fv2%2Fcomments&post=36736"}],"version-history":[{"count":0,"href":"https:\/\/kulturbloggen.com\/index.php?rest_route=\/wp\/v2\/posts\/36736\/revisions"}],"wp:attachment":[{"href":"https:\/\/kulturbloggen.com\/index.php?rest_route=%2Fwp%2Fv2%2Fmedia&parent=36736"}],"wp:term":[{"taxonomy":"category","embeddable":true,"href":"https:\/\/kulturbloggen.com\/index.php?rest_route=%2Fwp%2Fv2%2Fcategories&post=36736"},{"taxonomy":"post_tag","embeddable":true,"href":"https:\/\/kulturbloggen.com\/index.php?rest_route=%2Fwp%2Fv2%2Ftags&post=36736"}],"curies":[{"name":"wp","href":"https:\/\/api.w.org\/{rel}","templated":true}]}}