{"id":36710,"date":"2011-06-06T15:42:21","date_gmt":"2011-06-06T13:42:21","guid":{"rendered":"http:\/\/kulturbloggen.com\/?p=36710"},"modified":"2011-06-06T15:42:21","modified_gmt":"2011-06-06T13:42:21","slug":"nya-surfplattor-med-intels-nya-processor","status":"publish","type":"post","link":"https:\/\/kulturbloggen.com\/?p=36710","title":{"rendered":"Nya surfplattor med Intels nya processor ger b\u00e4ttre video och l\u00e5ng batteritid"},"content":{"rendered":"<p><a href=\"http:\/\/kulturbloggen.com\/wp-content\/uploads\/2011\/06\/surfplatta_fujitsu.jpg\"><img loading=\"lazy\" decoding=\"async\" class=\"aligncenter size-medium wp-image-36711\" title=\"surfplatta_fujitsu\" src=\"http:\/\/kulturbloggen.com\/wp-content\/uploads\/2011\/06\/surfplatta_fujitsu-285x300.jpg\" alt=\"\" width=\"285\" height=\"300\" \/><\/a><\/p>\n<p>Intels nya processor Oak Trail f\u00f6r mobila enheter erbjuder l\u00e4ngre batteritid och b\u00e4ttre videoprestanda, <a href=\"http:\/\/www.idg.se\/2.1085\/1.389204\/de-forsta-surfplattorna-med-oak-trail-har-landat?utm_source=feedburner&amp;utm_medium=feed&amp;utm_campaign=Feed%3A+idg%2Fvzzs+%28IDG.se%3A+Hetaste+IT-nyheterna+fr%C3%A5n+IDG.se%29\">upp till 8 timmars batteritid enligt IDG<\/a>.<\/p>\n<p>Tv\u00e5 modeller \u00e4r p\u00e5 g\u00e5ng, en fr\u00e5n Fujitsu och en fr\u00e5n Motion Computing. Det \u00e4r mest Fujitsumodellen som \u00e4r intressant f\u00f6r oss. Motion Computing s\u00e4ljer inte sin platta i Europa.<\/p>\n<p>B\u00e5da plattorna \u00e4r Windowsbaserade. Fujitsumodellen uppges kosta runt 4500 kronor.<\/p>\n<p>Surfplattorna kommer i k\u00f6lvattnet p\u00e5 det genuint b\u00e4rbara Netbookformatet. Flera modeller \u00e4r f\u00f6rberedda f\u00f6r anslutning av externa tangentbord som g\u00f6r dem till en allt-i-ettPC.<\/p>\n<p><a href=\"http:\/\/intressant.se\/intressant\">Intressant?<\/a> L\u00e4s \u00e4ven andra bloggares \u00e5sikter om <a rel=\"tag\" href=\"http:\/\/bloggar.se\/om\/Surfplattor\">Surfplattor<\/a>, <a rel=\"tag\" href=\"http:\/\/bloggar.se\/om\/Asus\">Asus<\/a>, <a rel=\"tag\" href=\"http:\/\/bloggar.se\/om\/Windows\">Windows<\/a><\/p>\n","protected":false},"excerpt":{"rendered":"<p>Intels nya processor Oak Trail f\u00f6r mobila enheter erbjuder l\u00e4ngre batteritid och b\u00e4ttre videoprestanda, upp till 8 timmars batteritid enligt IDG. Tv\u00e5 modeller \u00e4r p\u00e5 g\u00e5ng, en fr\u00e5n Fujitsu och en fr\u00e5n Motion Computing. Det \u00e4r mest Fujitsumodellen som \u00e4r intressant f\u00f6r oss. Motion Computing s\u00e4ljer inte sin platta i Europa. B\u00e5da plattorna \u00e4r Windowsbaserade. [&hellip;]<\/p>\n","protected":false},"author":13,"featured_media":0,"comment_status":"open","ping_status":"open","sticky":false,"template":"","format":"standard","meta":{"_genesis_hide_title":false,"_genesis_hide_breadcrumbs":false,"_genesis_hide_singular_image":false,"_genesis_hide_footer_widgets":false,"_genesis_custom_body_class":"","_genesis_custom_post_class":"","_genesis_layout":"","footnotes":""},"categories":[20],"tags":[444,5496,6412],"class_list":{"0":"post-36710","1":"post","2":"type-post","3":"status-publish","4":"format-standard","6":"category-film","7":"tag-asus","8":"tag-surfplattor","9":"tag-windows","10":"entry"},"_links":{"self":[{"href":"https:\/\/kulturbloggen.com\/index.php?rest_route=\/wp\/v2\/posts\/36710","targetHints":{"allow":["GET"]}}],"collection":[{"href":"https:\/\/kulturbloggen.com\/index.php?rest_route=\/wp\/v2\/posts"}],"about":[{"href":"https:\/\/kulturbloggen.com\/index.php?rest_route=\/wp\/v2\/types\/post"}],"author":[{"embeddable":true,"href":"https:\/\/kulturbloggen.com\/index.php?rest_route=\/wp\/v2\/users\/13"}],"replies":[{"embeddable":true,"href":"https:\/\/kulturbloggen.com\/index.php?rest_route=%2Fwp%2Fv2%2Fcomments&post=36710"}],"version-history":[{"count":0,"href":"https:\/\/kulturbloggen.com\/index.php?rest_route=\/wp\/v2\/posts\/36710\/revisions"}],"wp:attachment":[{"href":"https:\/\/kulturbloggen.com\/index.php?rest_route=%2Fwp%2Fv2%2Fmedia&parent=36710"}],"wp:term":[{"taxonomy":"category","embeddable":true,"href":"https:\/\/kulturbloggen.com\/index.php?rest_route=%2Fwp%2Fv2%2Fcategories&post=36710"},{"taxonomy":"post_tag","embeddable":true,"href":"https:\/\/kulturbloggen.com\/index.php?rest_route=%2Fwp%2Fv2%2Ftags&post=36710"}],"curies":[{"name":"wp","href":"https:\/\/api.w.org\/{rel}","templated":true}]}}