{"id":36619,"date":"2011-06-04T11:00:04","date_gmt":"2011-06-04T09:00:04","guid":{"rendered":"http:\/\/kulturbloggen.com\/?p=36619"},"modified":"2011-06-04T11:00:04","modified_gmt":"2011-06-04T09:00:04","slug":"att-stanga-av-fildelare-fran-internet-kranker-de-manskliga-rattigheterna","status":"publish","type":"post","link":"https:\/\/kulturbloggen.com\/?p=36619","title":{"rendered":"Att st\u00e4nga av fildelare fr\u00e5n Internet kr\u00e4nker de m\u00e4nskliga r\u00e4ttigheterna"},"content":{"rendered":"<p>Internet \u00e4r en fr\u00e5ga om m\u00e4nskliga r\u00e4ttigheter, anser FN i en ny rapport om yttrandefrihet p\u00e5 n\u00e4tet.<br \/>\nOch att st\u00e4nga av fildelare som i Frankrike och Storbritannien \u00e4r en kr\u00e4nkning av de m\u00e4nskliga r\u00e4ttigheterna.<\/p>\n<p><a href=\"http:\/\/www.expressen.se\/nyheter\/1.2459346\/fn-stanga-av-fildelar-en-krankning-av-manskliga-rattigheterna\">K\u00e4lla Expressen.<\/a><\/p>\n<p>Tyv\u00e4rr struntar f\u00f6rmodligen de ekonomiska krafterna i vad FN anser. De globala multinationella storf\u00f6retagen som inte bryr sig om annat \u00e4n att \u00f6ka sin vinst, oavsett vad de kostar samh\u00e4llet i \u00f6vrigt, har tyv\u00e4rr stor makt. De styr regeringar v\u00e4rlden \u00f6ver och har f\u00e5tt igenom flera lagar som kr\u00e4nker m\u00e4nniskors r\u00e4tt till integritet p\u00e5 Internet.<\/p>\n<p>Sj\u00e4lvklart \u00e4r det ett brott mot m\u00e4nskliga r\u00e4ttigheter att st\u00e4nga av fildelare fr\u00e5n Internet. Den som st\u00e4ngs av hindras d\u00e5 b\u00e5de fr\u00e5n att ta del av nyheter och information och hindras fr\u00e5n att delta i debatt och diskussion  och stoppas fr\u00e5n att utf\u00f6ra sina bankaff\u00e4rer, med mera, med mera.<br \/>\nHur en s\u00e5dan avst\u00e4ngning fungerar rent praktiskt, undrar jag. Hur vet ett Internetcaf\u00e9 att en person \u00e4r avst\u00e4ngd? Vad h\u00e4nder om den avst\u00e4ngde reser till en annan stad och g\u00e5r in p\u00e5 ett Internetcaf\u00e9 och k\u00f6per surfbiljett kontant?<\/p>\n<p>Det \u00e4r hur sjukt som helst att m\u00e4nniskor kan st\u00e4ngas av fr\u00e5n att delta i kommunikation p\u00e5 Internet p\u00e5 grund av att de har fildelat. <\/p>\n<p>Relaterat: <a href=\"http:\/\/www.dn.se\/nyheter\/varlden\/fn-fildelarlagar-krankande\">Dagens Nyheter <\/a><\/p>\n<p>L\u00e4s \u00e4ven andra bloggares \u00e5sikter om <a href=\"http:\/\/bloggar.se\/om\/fildelning\" rel=\"tag\">fildelning<\/a>, <a href=\"http:\/\/bloggar.se\/om\/FN\" rel=\"tag\">FN<\/a>, <a href=\"http:\/\/bloggar.se\/om\/yttrandefrihet\" rel=\"tag\">yttrandefrihet<\/a>, <a href=\"http:\/\/bloggar.se\/om\/sociala+medier\" rel=\"tag\">sociala medier<\/a><\/p>\n","protected":false},"excerpt":{"rendered":"<p>Internet \u00e4r en fr\u00e5ga om m\u00e4nskliga r\u00e4ttigheter, anser FN i en ny rapport om yttrandefrihet p\u00e5 n\u00e4tet. Och att st\u00e4nga av fildelare som i Frankrike och Storbritannien \u00e4r en kr\u00e4nkning av de m\u00e4nskliga r\u00e4ttigheterna. K\u00e4lla Expressen. Tyv\u00e4rr struntar f\u00f6rmodligen de ekonomiska krafterna i vad FN anser. De globala multinationella storf\u00f6retagen som inte bryr sig om [&hellip;]<\/p>\n","protected":false},"author":2,"featured_media":0,"comment_status":"open","ping_status":"open","sticky":false,"template":"","format":"standard","meta":{"_genesis_hide_title":false,"_genesis_hide_breadcrumbs":false,"_genesis_hide_singular_image":false,"_genesis_hide_footer_widgets":false,"_genesis_custom_body_class":"","_genesis_custom_post_class":"","_genesis_layout":"","footnotes":""},"categories":[44],"tags":[1708,1790,5225],"class_list":{"0":"post-36619","1":"post","2":"type-post","3":"status-publish","4":"format-standard","6":"category-chadie","7":"tag-fildelning","8":"tag-fn","9":"tag-sociala-medier","10":"entry"},"_links":{"self":[{"href":"https:\/\/kulturbloggen.com\/index.php?rest_route=\/wp\/v2\/posts\/36619","targetHints":{"allow":["GET"]}}],"collection":[{"href":"https:\/\/kulturbloggen.com\/index.php?rest_route=\/wp\/v2\/posts"}],"about":[{"href":"https:\/\/kulturbloggen.com\/index.php?rest_route=\/wp\/v2\/types\/post"}],"author":[{"embeddable":true,"href":"https:\/\/kulturbloggen.com\/index.php?rest_route=\/wp\/v2\/users\/2"}],"replies":[{"embeddable":true,"href":"https:\/\/kulturbloggen.com\/index.php?rest_route=%2Fwp%2Fv2%2Fcomments&post=36619"}],"version-history":[{"count":0,"href":"https:\/\/kulturbloggen.com\/index.php?rest_route=\/wp\/v2\/posts\/36619\/revisions"}],"wp:attachment":[{"href":"https:\/\/kulturbloggen.com\/index.php?rest_route=%2Fwp%2Fv2%2Fmedia&parent=36619"}],"wp:term":[{"taxonomy":"category","embeddable":true,"href":"https:\/\/kulturbloggen.com\/index.php?rest_route=%2Fwp%2Fv2%2Fcategories&post=36619"},{"taxonomy":"post_tag","embeddable":true,"href":"https:\/\/kulturbloggen.com\/index.php?rest_route=%2Fwp%2Fv2%2Ftags&post=36619"}],"curies":[{"name":"wp","href":"https:\/\/api.w.org\/{rel}","templated":true}]}}