{"id":36541,"date":"2011-06-03T22:19:51","date_gmt":"2011-06-03T20:19:51","guid":{"rendered":"http:\/\/kulturbloggen.com\/?p=36541"},"modified":"2011-06-03T22:19:51","modified_gmt":"2011-06-03T20:19:51","slug":"sommaropera-eller-opera-i-sommar","status":"publish","type":"post","link":"https:\/\/kulturbloggen.com\/?p=36541","title":{"rendered":"Sommaropera eller opera i sommar 2011"},"content":{"rendered":"<p><a href=\"http:\/\/kulturbloggen.com\/wp-content\/uploads\/2011\/06\/cosifantuttedrottningholmsslottsteater2011.jpg\"><img loading=\"lazy\" decoding=\"async\" src=\"http:\/\/kulturbloggen.com\/wp-content\/uploads\/2011\/06\/cosifantuttedrottningholmsslottsteater2011.jpg\" alt=\"\" title=\"cosifantuttedrottningholmsslottsteater2011\" width=\"165\" height=\"213\" class=\"aligncenter size-full wp-image-36545\" \/><\/a><br \/>\nSnart \u00e4r s\u00e4songen 2010\/11 slut. P\u00e5 Kungliga Operan kan man i morgon (4\/6) se &#8221;Boheme&#8221; och p\u00e5 Den Kongelige opera i K\u00f6penhamn ges sista f\u00f6rest\u00e4llningen tisdag 14 juni. I \u00f6vrigt kan det nog konstateras att operas\u00e4songen \u00e4r slut, men genast b\u00f6rjar sommaroperorna.<\/p>\n<p>Det \u00e4r en blandning av operor ute och inne. Sommaren domineras av tre olika upps\u00e4ttningar av Bizet\u00b4s &#8221;Carmen&#8221; och Verdi\u00b4s &#8221;La traviata&#8221; ges i tv\u00e5 olika upps\u00e4ttningar och &#8221;Cosi fan tutte&#8221; ges i tv\u00e5 upps\u00e4ttningar, W A Mozarts &#8221;Don Giovanni ges i tre olika upps\u00e4ttningar.<br \/>\nDessutom blir det en nyskriven opera p\u00e5 Vadstena-Akademien och en s\u00e4llsynt opera p\u00e5 L\u00e4ck\u00f6 Slottsopera samt Donizetti\u00b4s &#8221;K\u00e4rleksdrycken&#8221;.   <\/p>\n<p>P\u00e5 ett s\u00e4tt kan man ju p\u00e5st\u00e5 att <strong>Drottningholm<\/strong> \u00e4r f\u00f6rst ute genom att de spelar W A Mozart\u00b4s &#8221;Cosi fan tutte&#8221; som hade premi\u00e4r 29 maj och med sista f\u00f6rest\u00e4llning den 12 juni. Den 28 juli ges hans &#8221;Don Giovanni&#8221; i sju f\u00f6rest\u00e4llningar.<br \/>\n<a href=\"http:\/\/kulturbloggen.com\/wp-content\/uploads\/2011\/06\/wermlandoperaringen.jpg\"><img loading=\"lazy\" decoding=\"async\" src=\"http:\/\/kulturbloggen.com\/wp-content\/uploads\/2011\/06\/wermlandoperaringen-300x176.jpg\" alt=\"\" title=\"wermlandoperaringen\" width=\"300\" height=\"176\" class=\"aligncenter size-medium wp-image-36546\" \/><\/a><br \/>\nP\u00e5 <strong>Wermland Opera<\/strong> ges tre kompletta &#8221;ringar&#8221; av Richard Wagners &#8221;Nibelungens ring&#8221;, <strong>ring 3 startar den 13 juni,<\/strong> <strong>ring fyra b\u00f6rjar 27\/6<\/strong> och <strong>ring fem slutligen 8 juli<\/strong>.<br \/>\n<a href=\"http:\/\/www.wermlandopera.com\">Mer information om &#8221;Nibelungens ring&#8221;<\/a><br \/>\n<a href=\"http:\/\/kulturbloggen.com\/wp-content\/uploads\/2011\/06\/olofborgsslott.gif\"><img loading=\"lazy\" decoding=\"async\" src=\"http:\/\/kulturbloggen.com\/wp-content\/uploads\/2011\/06\/olofborgsslott-300x175.gif\" alt=\"\" title=\"olofborgsslott\" width=\"300\" height=\"175\" class=\"aligncenter size-medium wp-image-36696\" \/><\/a><br \/>\nSavonnlinna Operafestival \u00f6ppnar 1 juli. <a href=\"http:\/\/www.operafestival.fi\/In_English\/Front_page\/mainmenu\/Season_and_Tickets\/Season_2011.iw3\">H\u00e4r kan du l\u00e4sa mer om programmet<\/a><br \/>\n<a href=\"http:\/\/kulturbloggen.com\/wp-content\/uploads\/2011\/06\/backaskogsslottlatraviata.jpg\"><img loading=\"lazy\" decoding=\"async\" src=\"http:\/\/kulturbloggen.com\/wp-content\/uploads\/2011\/06\/backaskogsslottlatraviata.jpg\" alt=\"\" title=\"backaskogsslottlatraviata\" width=\"255\" height=\"188\" class=\"aligncenter size-full wp-image-36682\" \/><\/a><br \/>\n<a href=\"http:\/\/www.skanskaoperan.se\/\">Sk\u00e5nska Operan ger &#8221;La traviata&#8221; med premi\u00e4r 9 juli p\u00e5 <strong>B\u00e4ckaskogs slott<\/strong><\/a>, d\u00e4refter ges det f\u00f6rest\u00e4llningar runt om i Sk\u00e5ne och Kalmar innan turn\u00e9n avslutas med f\u00f6rest\u00e4llningar p\u00e5 Palladium i Malm\u00f6.<br \/>\n<a href=\"http:\/\/kulturbloggen.com\/wp-content\/uploads\/2011\/06\/karleksdryckendalhalla2011.jpg\"><img loading=\"lazy\" decoding=\"async\" src=\"http:\/\/kulturbloggen.com\/wp-content\/uploads\/2011\/06\/karleksdryckendalhalla2011-300x168.jpg\" alt=\"\" title=\"karleksdryckendalhalla2011\" width=\"300\" height=\"168\" class=\"aligncenter size-medium wp-image-36681\" \/><\/a><br \/>\nP\u00e5 <strong>Dalhalla <\/strong>kan du se en konsertant version av Gaetano Donizetti\u00b4s &#8221;K\u00e4rleksdrycken&#8221; l\u00f6rdagen den 10 juli. Mer om f\u00f6rest\u00e4llningen finns <a href=\"http:\/\/www.dalhalla.se\">h\u00e4r<\/a><br \/>\n <a href=\"http:\/\/kulturbloggen.com\/wp-content\/uploads\/2011\/06\/turnoftheschrewbrittenlacko1.jpg\"><img loading=\"lazy\" decoding=\"async\" src=\"http:\/\/kulturbloggen.com\/wp-content\/uploads\/2011\/06\/turnoftheschrewbrittenlacko1.jpg\" alt=\"\" title=\"turnoftheschrewbrittenlacko\" width=\"130\" height=\"92\" class=\"aligncenter size-full wp-image-36684\" \/><\/a><br \/>\n15 juli \u00e4r det dags f\u00f6r premi\u00e4ren p\u00e5 Benjamin Brittens <strong>&#8221;The Turn of the Screw&#8221;<\/strong> p\u00e5 <a href=\"http:\/\/www.lackoslott.se\/2011_opera.asp\">L\u00e4ck\u00f6 slottsopera<\/a><br \/>\n <a href='http:\/\/kulturbloggen.com\/wp-content\/uploads\/2011\/06\/Cosi-fan-tutte-version-31.pdf'>Cosi fan tutte version 3<\/a><br \/>\n<strong>15\/16 juli ger Kammaropera Syd<\/strong> &#8221;Cosi fan tutte&#8221; p\u00e5 Scala i Ystad<br \/>\n  <a href=\"http:\/\/www.kammaroperasyd.se\">H\u00e4r kan du l\u00e4sa mer om f\u00f6rest\u00e4llningen<\/a><br \/>\n<a href=\"http:\/\/kulturbloggen.com\/wp-content\/uploads\/2011\/06\/stolthetochfordomvadstenaaakademien2.jpg\"><img loading=\"lazy\" decoding=\"async\" src=\"http:\/\/kulturbloggen.com\/wp-content\/uploads\/2011\/06\/stolthetochfordomvadstenaaakademien2.jpg\" alt=\"\" title=\"stolthetochfordomvadstenaaakademien\" width=\"200\" height=\"282\" class=\"aligncenter size-full wp-image-36688\" \/><\/a><br \/>\n<a href=\"http:\/\/www.vadstena-akademien.org\/\">21 juli \u00e4r det premi\u00e4r p\u00e5 <strong>Vadstena-Akademiens sommaropera &#8221;Stolthet och f\u00f6rdom&#8221;<\/strong><\/a><br \/>\n<a href=\"http:\/\/kulturbloggen.com\/wp-content\/uploads\/2011\/06\/carmenoperapaskaret2011.jpg\"><img loading=\"lazy\" decoding=\"async\" src=\"http:\/\/kulturbloggen.com\/wp-content\/uploads\/2011\/06\/carmenoperapaskaret2011-251x300.jpg\" alt=\"\" title=\"carmenoperapaskaret2011\" width=\"251\" height=\"300\" class=\"aligncenter size-medium wp-image-36550\" \/><\/a><br \/>\nSommarens tredje upps\u00e4ttning av<strong> &#8221;Carmen&#8221;<\/strong> ges p\u00e5 <a href=\"http:\/\/www.operapaskaret.se\/pages\/\">Opera p\u00e5 Sk\u00e4ret <\/a>och det blir premi\u00e4r l\u00f6rdagen 23 juli.<br \/>\n<a href=\"http:\/\/kulturbloggen.com\/wp-content\/uploads\/2011\/06\/tannhauserlarscleveman.jpg\"><img loading=\"lazy\" decoding=\"async\" src=\"http:\/\/kulturbloggen.com\/wp-content\/uploads\/2011\/06\/tannhauserlarscleveman.jpg\" alt=\"\" title=\"funnel\" width=\"235\" height=\"235\" class=\"aligncenter size-full wp-image-36693\" \/><\/a><br \/>\nBayreuther Festspiele \u00f6ppnar den 25 juli med &#8221;Tannh\u00e4user&#8221; och med Lars Cleveman i huvudrollen. <a href=\"http:\/\/www.bayreuther-festspiele.de\/english\/programme_157.html\">L\u00e4s mer om Bayreuth Festspiele<\/a><br \/>\n<a href=\"http:\/\/kulturbloggen.com\/wp-content\/uploads\/2011\/06\/dongiovanni2011drottningholmsslottsteater.jpg\"><img loading=\"lazy\" decoding=\"async\" src=\"http:\/\/kulturbloggen.com\/wp-content\/uploads\/2011\/06\/dongiovanni2011drottningholmsslottsteater-300x199.jpg\" alt=\"\" title=\"dongiovanni2011drottningholmsslottsteater\" width=\"300\" height=\"199\" class=\"aligncenter size-medium wp-image-36551\" \/><\/a><br \/>\n<strong>Drottningholms slottsteater<\/strong> repriserar f\u00f6rra \u00e5rets &#8221;Don Giovanni&#8221; med premi\u00e4r den 28 juli. Det blir sju f\u00f6rest\u00e4llningar och med Loa Falkman i huvudrollen. L\u00e4s mer om <a href=\"http:\/\/www.dtm.se\">Drottningholm Slottsteater<\/a><br \/>\n<a href=\"http:\/\/kulturbloggen.com\/wp-content\/uploads\/2011\/06\/operahedeland.jpg\"><img loading=\"lazy\" decoding=\"async\" src=\"http:\/\/kulturbloggen.com\/wp-content\/uploads\/2011\/06\/operahedeland-300x168.jpg\" alt=\"\" title=\"operahedeland\" width=\"300\" height=\"168\" class=\"aligncenter size-medium wp-image-36553\" \/><\/a><br \/>\nSommarens andra &#8221;La traviata&#8221; har premi\u00e4r p\u00e5 <a href=\"http:\/\/www.operahedeland.dk\/la-traviata?gclid=CIivuv-_mqkCFQKDDgodizrXvA\">Opera Hedeland<\/a> strax utanf\u00f6r K\u00f6penhamn.<br \/>\n<a href=\"http:\/\/kulturbloggen.com\/wp-content\/uploads\/2011\/06\/dongiovannioperavox.jpg\"><img loading=\"lazy\" decoding=\"async\" src=\"http:\/\/kulturbloggen.com\/wp-content\/uploads\/2011\/06\/dongiovannioperavox-300x72.jpg\" alt=\"\" title=\"dongiovannioperavox\" width=\"300\" height=\"72\" class=\"aligncenter size-medium wp-image-36730\" \/><\/a><br \/>\n<strong>Operavox <\/strong>g\u00f6r ett g\u00e4stspel med sin version av &#8221;Don Giovanni&#8221; p\u00e5 Finnskogsteatern i Loses den 20\/31 juli. L\u00e4s mer om f\u00f6rest\u00e4llningen h\u00e4r<a href=\"http:\/\/www.operavox.se\/dg_medv.html\"><br \/>\n<a href='http:\/\/kulturbloggen.com\/wp-content\/uploads\/2011\/06\/Cosi-fan-tutte-version-33.pdf'>Cosi fan tutte version 3<\/a><br \/>\n<strong>Kammaropera Syd ger W A Mozart\u00b4s &#8221;Cosi fan tutte&#8221; <\/strong>p\u00e5 Husebybruk i V\u00e4xj\u00f6. <a href=\"http:\/\/www.kammaroperasyd.se\">L\u00e4s mer om f\u00f6rest\u00e4llningen h\u00e4r<\/a><br \/>\n<a href=\"http:\/\/kulturbloggen.com\/wp-content\/uploads\/2011\/06\/dongiovannioperafabriken1.jpg\"><img loading=\"lazy\" decoding=\"async\" src=\"http:\/\/kulturbloggen.com\/wp-content\/uploads\/2011\/06\/dongiovannioperafabriken1.jpg\" alt=\"\" title=\"dongiovannioperafabriken\" width=\"200\" height=\"207\" class=\"aligncenter size-full wp-image-36555\" \/><\/a><br \/>\n<strong>Operafabrikens &#8221;Don Giovanni&#8221;<\/strong> \u00e5terkommer med f\u00f6rest\u00e4llningar 13,14,20,21,27 och 28 augusti. Mer om detta kan du l\u00e4sa p\u00e5 deras<a href=\"http:\/\/www.operafabriken.se\"> hemsida<\/a><br \/>\n<a href=\"http:\/\/kulturbloggen.com\/wp-content\/uploads\/2011\/06\/goteborgsoperaningmarjernberg.jpg\"><img loading=\"lazy\" decoding=\"async\" src=\"http:\/\/kulturbloggen.com\/wp-content\/uploads\/2011\/06\/goteborgsoperaningmarjernberg-255x300.jpg\" alt=\"\" title=\"goteborgsoperaningmarjernberg\" width=\"255\" height=\"300\" class=\"aligncenter size-medium wp-image-36554\" \/><\/a><br \/>\nG\u00f6teborgsOperan tjuvstartar med tv\u00e5 konsertanta framf\u00f6rande av Giuseppe Verdi\u00b4s s\u00e4llan spelade opera &#8221;Attila&#8221; 20\/21 augusti. L\u00e4s mer om f\u00f6rest\u00e4llningen <a href=\"http:\/\/www.opera.se\">h\u00e4r<\/a><\/p>\n","protected":false},"excerpt":{"rendered":"<p>Snart \u00e4r s\u00e4songen 2010\/11 slut. P\u00e5 Kungliga Operan kan man i morgon (4\/6) se &#8221;Boheme&#8221; och p\u00e5 Den Kongelige opera i K\u00f6penhamn ges sista f\u00f6rest\u00e4llningen tisdag 14 juni. I \u00f6vrigt kan det nog konstateras att operas\u00e4songen \u00e4r slut, men genast b\u00f6rjar sommaroperorna. Det \u00e4r en blandning av operor ute och inne. Sommaren domineras av tre [&hellip;]<\/p>\n","protected":false},"author":13,"featured_media":0,"comment_status":"open","ping_status":"open","sticky":false,"template":"","format":"standard","meta":{"_genesis_hide_title":false,"_genesis_hide_breadcrumbs":false,"_genesis_hide_singular_image":false,"_genesis_hide_footer_widgets":false,"_genesis_custom_body_class":"","_genesis_custom_post_class":"","_genesis_layout":"","footnotes":""},"categories":[20],"tags":[5261],"class_list":{"0":"post-36541","1":"post","2":"type-post","3":"status-publish","4":"format-standard","6":"category-film","7":"tag-sommaropera","8":"entry"},"_links":{"self":[{"href":"https:\/\/kulturbloggen.com\/index.php?rest_route=\/wp\/v2\/posts\/36541","targetHints":{"allow":["GET"]}}],"collection":[{"href":"https:\/\/kulturbloggen.com\/index.php?rest_route=\/wp\/v2\/posts"}],"about":[{"href":"https:\/\/kulturbloggen.com\/index.php?rest_route=\/wp\/v2\/types\/post"}],"author":[{"embeddable":true,"href":"https:\/\/kulturbloggen.com\/index.php?rest_route=\/wp\/v2\/users\/13"}],"replies":[{"embeddable":true,"href":"https:\/\/kulturbloggen.com\/index.php?rest_route=%2Fwp%2Fv2%2Fcomments&post=36541"}],"version-history":[{"count":0,"href":"https:\/\/kulturbloggen.com\/index.php?rest_route=\/wp\/v2\/posts\/36541\/revisions"}],"wp:attachment":[{"href":"https:\/\/kulturbloggen.com\/index.php?rest_route=%2Fwp%2Fv2%2Fmedia&parent=36541"}],"wp:term":[{"taxonomy":"category","embeddable":true,"href":"https:\/\/kulturbloggen.com\/index.php?rest_route=%2Fwp%2Fv2%2Fcategories&post=36541"},{"taxonomy":"post_tag","embeddable":true,"href":"https:\/\/kulturbloggen.com\/index.php?rest_route=%2Fwp%2Fv2%2Ftags&post=36541"}],"curies":[{"name":"wp","href":"https:\/\/api.w.org\/{rel}","templated":true}]}}