{"id":36441,"date":"2011-06-01T09:03:11","date_gmt":"2011-06-01T07:03:11","guid":{"rendered":"http:\/\/kulturbloggen.com\/?p=36441"},"modified":"2011-06-01T09:03:11","modified_gmt":"2011-06-01T07:03:11","slug":"de-etablerade-musikerna-protesterar-mot-att-spela-gratis-pa-nationaldagen","status":"publish","type":"post","link":"https:\/\/kulturbloggen.com\/?p=36441","title":{"rendered":"De etablerade musikerna protesterar mot att spela gratis p\u00e5 nationaldagen"},"content":{"rendered":"<p><a href=\"http:\/\/kulturbloggen.com\/wp-content\/uploads\/2011\/06\/Sk\u00e4rmavbild-2011-06-01-kl.-09.00.34.png\"><img loading=\"lazy\" decoding=\"async\" src=\"http:\/\/kulturbloggen.com\/wp-content\/uploads\/2011\/06\/Sk\u00e4rmavbild-2011-06-01-kl.-09.00.34-300x187.png\" alt=\"\" title=\"Sk\u00e4rmavbild 2011-06-01 kl. 09.00.34\" width=\"300\" height=\"187\" class=\"aligncenter size-medium wp-image-36443\" \/><\/a><br \/>\nStockholm ska sprudla av musik p\u00e5 nationaldagen. Massor av musik ska spelas runt om i huvudstaden. F\u00f6r musiker och band som k\u00e4mpar f\u00f6r att f\u00e5 chansen att f\u00e5 en publik \u00e4r det en j\u00e4ttechans nu. Men de musiker som redan \u00e4r etablerade och f\u00f6rs\u00f6rjer sig som musiker \u00e4r inte n\u00f6jda. Alla f\u00f6rv\u00e4ntas n\u00e4mligen spela gratis.<\/p>\n<p>De etablerade musikerna har f\u00f6rst\u00e5s r\u00e4tt i att det \u00e4r v\u00e4ldigt konstigt t\u00e4nkt att de ska utf\u00f6ra sitt arbete helt utan ers\u00e4ttning. Ja i princip f\u00f6rv\u00e4ntas de till och med att betala f\u00f6r att g\u00f6ra sitt arbete. En m\u00e4ngd artister har skrivit under ett \u00f6ppet brev som kommer h\u00e4r:<\/p>\n<p><strong>Gratis musik betyder att de professionella musikerna betalar<\/strong><\/p>\n<p>Make Musik Sthlm till\u00e5ts med Stockholms stads v\u00e4lsignelse \u2013 med st\u00f6d av statliga kulturanslag \u2013 p\u00e5 nationaldagen manifestera att gratis musik \u00e4r n\u00e5got riktigt och vettigt.<br \/>\n  Birgitta Asplund Hansen p\u00e5 kulturf\u00f6rvaltningen, uttalade sig i P2 Mitt i musiken, 18 mars: \u201ddet \u00e4r ingen som tvingar en att vara med\u201d.<\/p>\n<p>Detta p\u00e5st\u00e5ende h\u00e4vdar vi i f\u00f6rl\u00e4ngningen vara helt felaktigt.  Att fylla hela staden med musik \u00e4r en underbar id\u00e9! Men, efter att ha l\u00e4st hela presentationen f\u00e5r vi professionella musiker inte ekvationen att g\u00e5 ihop.<\/p>\n<p>P\u00e5 Stockholms officiella bes\u00f6ksguide <a href=\"http:\/\/visitstockholm.se\">visitstockholm.se<\/a> beskrivs \u00e5rets<br \/>\nstora nationaldagssatsning i Stockholm, Make Musik Sthlm:<br \/>\n  \u201dM\u00e5let \u00e4r att s\u00e5v\u00e4l amat\u00f6rmusiker som professionella musiker p\u00e5 alla niv\u00e5er och inom alla genrer ska fylla sin stad med musik under en dag med \u2019gratis musik, f\u00f6r alla, \u00f6verallt\u2019 som motto\u201d.<\/p>\n<p>Make Musik Sthlm erbjuder b\u00e5de amat\u00f6rer och professionella musiker att delta \u2013 gratis.<br \/>\n  Men en professionell musiker kan inte spela gratis. F\u00f6r om man spelar utan gager, s\u00e5 inneb\u00e4r detta att man sj\u00e4lv st\u00e5r f\u00f6r omkostnaderna. Professionell musik kostar n\u00e4mligen i form av utbildning, repetitioner, instrument, teknisk utrustning, administration, transporter etc. Och det \u00e4r h\u00f6gst m\u00e4rkligt att Stockholms stad \u2013 som medarrang\u00f6r \u2013 inte har reagerat \u00f6ver detta.<br \/>\n  P\u00e5 webbsidan <a href=\"http:\/\/makemusiksthlm.com\">makemusiksthlm.com<\/a> uppmanas dessutom caf\u00e9er och andra t\u00e4nkbara musikarrang\u00f6rer \u201dvara v\u00e4rd f\u00f6r eller arrangera en konsert\u201d \u2013 utan kostnad.<br \/>\n M\u00e5nga av dessa arrang\u00f6rer ser redan arrang\u00f6rskapet som en livsuppgift och har normalt som aff\u00e4rsid\u00e9 att presentera och investera i musik.<br \/>\n  Och hur blir det f\u00f6r de spelst\u00e4llen som redan har kollektivavtal med Musikerf\u00f6rbundet? De har ju f\u00f6rbundit sig att betala f\u00f6r de musiker som spelar d\u00e4r.<\/p>\n<p>Birgitta Asplund Hansen menade vidare (i P2 Mitt i musiken, 18 mars) att hon hade \u201dsv\u00e5rt att tycka att saker i det l\u00e5nga loppet ska vila p\u00e5 bidrag\u201d. Enligt v\u00e5r uppfattning borde det d\u00e5 verkligen ligga i b\u00e5de hennes och f\u00f6rvaltningens intresse att tv\u00e4rtom visa arrang\u00f6rer och samarbetsparter det viktiga med att betala f\u00f6r kultur p\u00e5 professionell niv\u00e5 \u2013 att den \u00e4r v\u00e4rd det.<\/p>\n<p>Id\u00e9n att samla b\u00e5de amat\u00f6rer och professionella tycker vi \u00e4r riktigt bra, men f\u00f6r att kunna omfamna den h\u00e4r i grunden fina musik-\u00f6verallt-id\u00e9n, s\u00e5 beh\u00f6vs en justering:<\/p>\n<p>Vi uppmanar Stockholms stad att ge medborgarna b\u00e5de kulturell bredd och kvalitet f\u00f6r sina skattepengar och d\u00e4rf\u00f6r omg\u00e5ende ser till att det betalas f\u00f6r de professionella musikinsatserna p\u00e5 Make Musik Sthlm!<\/p>\n<p>Magnus Lindgren, jazzmusiker<br \/>\nSharon Dyall, s\u00e5ngerska och sk\u00e5despelare<br \/>\nGeorg Riedel, komposit\u00f6r och basist<br \/>\nBengt-Arne Wallin, komposit\u00f6r och musiker<br \/>\nDan Berglund, jazzmusiker<br \/>\nMaria Lindstr\u00f6m, singer-songwriter<br \/>\nNils Landgren, musiker<br \/>\nMeta Roos, s\u00e5ngerska<br \/>\nJan Ottesen, gitarrist<br \/>\nBarbara Hendricks, s\u00e5ngerska<br \/>\nGunnar Idenstam, organist och komposit\u00f6r<br \/>\nMargareta Bengtson, s\u00e5ngerska<br \/>\nKarina Kampe, s\u00e5ngerska<br \/>\nJonas Kullhammar, trumslagare<br \/>\nJan Hammarlund, s\u00e5ngare<br \/>\nNicke Wagemyr, s\u00e5ngare och sk\u00e5despelare<br \/>\nErik S\u00f6derlind, gitarrist<br \/>\nClaes Janson, s\u00e5ngare och musiker<br \/>\nMagnum Coltrane Price, musiker<br \/>\nLina Nyberg, s\u00e5ngerska<br \/>\nPer &#8221;Rusktr\u00e4sk&#8221; Johansson, jazzmusiker<br \/>\nGoran Kajfes, jazzmusiker<br \/>\nJohan Berthling, jazzmusiker<br \/>\nPierre Str\u00f6m,artist\/l\u00e5tskrivare, ordf. Yrkestrubadurernas f\u00f6rening<br \/>\nREBELLROBERT, yrkestrubadur<br \/>\nMonica Dominique, pianist &#038; komposit\u00f6r<br \/>\nMagnus Wiklund, musiker,<br \/>\nKatija Dragojevi\u00e7, operas\u00e5ngerska<br \/>\nPeter Asplund, trumpetare, komposit\u00f6r och s\u00e5ngare<br \/>\nJanne Schaffer, musiker<br \/>\nJerry Williams, artist<br \/>\nJan Lundgren, pianist<br \/>\nStefan Sundstr\u00f6m, s\u00e5ngare, komposit\u00f6r<br \/>\nAnna Eriksson, singersongwriter<br \/>\nMax Alton, slagverkare, trummis, frilansmusiker<br \/>\nLena Willemark, folkmusiker , s\u00e5ngerska<br \/>\nMartin Hederos, pianist<br \/>\nAle M\u00f6ller, musiker<br \/>\nLisa Nilsson, s\u00e5ngerska<br \/>\nLisa Rydberg, riksspelman<br \/>\nJacob Karlzon, pianist och komposit\u00f6r<br \/>\nGeorg Kentros, ordf. Musikcentrum<br \/>\nAnna Lundqvist, ordf. Impra<br \/>\nJohn H\u00f6gman, ordf. F\u00f6reningen Sveriges Jazzmusiker<br \/>\nClara Cleo Cornell, ordf. Lilith Eve<br \/>\nKarin Inde, ordf. Musikerf\u00f6rbundets Stockholmstyrelse (f\u00f6retr\u00e4der ca 1100<br \/>\nmusiker i Stockholm)<\/p>\n<p>&#8212;&#8212;&#8212;&#8211;<\/p>\n<p>Fast jag p\u00e5 Kulturbloggen tycker det \u00e4r fel att bara de etablerade artisterna ska f\u00e5 ers\u00e4ttning, i s\u00e5 fall. Ocks\u00e5 de som repeterar och k\u00e4mpar p\u00e5 f\u00f6r att bli etablerade borde f\u00e5 ers\u00e4ttning.<\/p>\n<p>L\u00e4s \u00e4ven andra bloggares \u00e5sikter om <a href=\"http:\/\/bloggar.se\/om\/nationaldagen\" rel=\"tag\">nationaldagen<\/a>, <a href=\"http:\/\/bloggar.se\/om\/musiker\" rel=\"tag\">musiker<\/a>, <a href=\"http:\/\/bloggar.se\/om\/musikerf%F6rbundet\" rel=\"tag\">musikerf\u00f6rbundet<\/a>, <a href=\"http:\/\/bloggar.se\/om\/makemusic\" rel=\"tag\">makemusic<\/a><\/p>\n","protected":false},"excerpt":{"rendered":"<p>Stockholm ska sprudla av musik p\u00e5 nationaldagen. Massor av musik ska spelas runt om i huvudstaden. F\u00f6r musiker och band som k\u00e4mpar f\u00f6r att f\u00e5 chansen att f\u00e5 en publik \u00e4r det en j\u00e4ttechans nu. Men de musiker som redan \u00e4r etablerade och f\u00f6rs\u00f6rjer sig som musiker \u00e4r inte n\u00f6jda. Alla f\u00f6rv\u00e4ntas n\u00e4mligen spela gratis. [&hellip;]<\/p>\n","protected":false},"author":2,"featured_media":0,"comment_status":"open","ping_status":"open","sticky":false,"template":"","format":"standard","meta":{"_genesis_hide_title":false,"_genesis_hide_breadcrumbs":false,"_genesis_hide_singular_image":false,"_genesis_hide_footer_widgets":false,"_genesis_custom_body_class":"","_genesis_custom_post_class":"","_genesis_layout":"","footnotes":""},"categories":[44,62,7],"tags":[3458,3840,3841,3928],"class_list":{"0":"post-36441","1":"post","2":"type-post","3":"status-publish","4":"format-standard","6":"category-chadie","7":"category-medie-och-kulturpolitik","8":"category-musik","9":"tag-makemusic","10":"tag-musiker","11":"tag-musikerforbundet","12":"tag-nationaldagen","13":"entry"},"_links":{"self":[{"href":"https:\/\/kulturbloggen.com\/index.php?rest_route=\/wp\/v2\/posts\/36441","targetHints":{"allow":["GET"]}}],"collection":[{"href":"https:\/\/kulturbloggen.com\/index.php?rest_route=\/wp\/v2\/posts"}],"about":[{"href":"https:\/\/kulturbloggen.com\/index.php?rest_route=\/wp\/v2\/types\/post"}],"author":[{"embeddable":true,"href":"https:\/\/kulturbloggen.com\/index.php?rest_route=\/wp\/v2\/users\/2"}],"replies":[{"embeddable":true,"href":"https:\/\/kulturbloggen.com\/index.php?rest_route=%2Fwp%2Fv2%2Fcomments&post=36441"}],"version-history":[{"count":0,"href":"https:\/\/kulturbloggen.com\/index.php?rest_route=\/wp\/v2\/posts\/36441\/revisions"}],"wp:attachment":[{"href":"https:\/\/kulturbloggen.com\/index.php?rest_route=%2Fwp%2Fv2%2Fmedia&parent=36441"}],"wp:term":[{"taxonomy":"category","embeddable":true,"href":"https:\/\/kulturbloggen.com\/index.php?rest_route=%2Fwp%2Fv2%2Fcategories&post=36441"},{"taxonomy":"post_tag","embeddable":true,"href":"https:\/\/kulturbloggen.com\/index.php?rest_route=%2Fwp%2Fv2%2Ftags&post=36441"}],"curies":[{"name":"wp","href":"https:\/\/api.w.org\/{rel}","templated":true}]}}