{"id":36365,"date":"2011-05-30T08:35:06","date_gmt":"2011-05-30T06:35:06","guid":{"rendered":"http:\/\/kulturbloggen.com\/?p=36365"},"modified":"2011-05-30T08:35:06","modified_gmt":"2011-05-30T06:35:06","slug":"premiaren-pa-cosi-fan-tutte-pa-drottningholm-operasommaren-har-borjat","status":"publish","type":"post","link":"https:\/\/kulturbloggen.com\/?p=36365","title":{"rendered":"Premi\u00e4ren p\u00e5 Cosi fan tutte p\u00e5 Drottningholm- operasommaren har b\u00f6rjat"},"content":{"rendered":"<p><a href=\"http:\/\/kulturbloggen.com\/wp-content\/uploads\/2011\/05\/cosifantuttedrottningholmmatsbacker.jpg\"><img loading=\"lazy\" decoding=\"async\" src=\"http:\/\/kulturbloggen.com\/wp-content\/uploads\/2011\/05\/cosifantuttedrottningholmmatsbacker.jpg\" alt=\"\" title=\"cosifantuttedrottningholmmatsbacker\" width=\"200\" height=\"133\" class=\"aligncenter size-full wp-image-36367\" \/><\/a> Foto: Mats B\u00e4cker<br \/>\nCOS\u00cc FAN TUTTE &#8211; ossia La scuola degli amanti<\/p>\n<p>I g\u00e5r (29\/5) har det allts\u00e5 varit premi\u00e4r p\u00e5 Drottningholms Slottsteater. F\u00f6r andra \u00e5ret i rad handlar Operafestivalen om Mozart.F\u00f6rst ut var hans &#8221;Cosi fan tutte&#8221; och senare i sommar ger man \u00e5ter &#8221;Don Giovanni&#8221;. <\/p>\n<p>Det \u00e4r ett samarbete med Operah\u00f6gskolan och f\u00f6rest\u00e4llningen sj\u00f6ngs av b\u00e5de avg\u00e5ngselever och elever som inte har kommit s\u00e5 l\u00e5ngt i sin utbildning, men det var en mycket fin blandning p\u00e5 eleverna som gjorde denna kv\u00e4ll till en stor och rent av magnifik f\u00f6rest\u00e4llning.<\/p>\n<p>Det \u00e4r dock en relativt sett l\u00e5ng f\u00f6rest\u00e4llning och det \u00e4r inte helt enkelt att v\u00e4nja sig att sitta p\u00e5 dessa smala b\u00e4nkrader, men efter f\u00f6rest\u00e4llningen \u00e5ngrar man sig inte en minut att man trots allt h\u00e4rdade ut.<\/p>\n<p>F\u00f6rsta akten tar ungef\u00e4r en och en halvtimme och det k\u00e4nns ganska mycket, men samtidigt \u00e4r det naturligtvis viktigt att man f\u00f6ljer komposit\u00f6rens tankar och anvisningar, och det fanns ju flera ljuspunkter.Don Alfonso h\u00f6rde jag f\u00f6r f\u00f6rsta g\u00e5ngen ig\u00e5r och det \u00e4r en s\u00e5ngare som jag g\u00e4rna vill h\u00f6ra mer ifr\u00e5n. De \u00f6vriga s\u00e5ngare har jag haft m\u00f6jlighet att se och lyssna p\u00e5 vid flera olika tillf\u00e4llen och de kompletterar varandra p\u00e5 ett alldeles utm\u00e4rkt s\u00e4tt och det skall verkligen bli roligt att f\u00e5 f\u00f6lja dem \u00e4ven i framtiden.<br \/>\nDen f\u00f6rsta riktiga ljuspunkten kom n\u00e4r Despina gjorde entr\u00e9. Hon representerade en verklig fulltr\u00e4ff och detta \u00e4r inte skrivit f\u00f6r att f\u00f6rringa \u00f6vrigas insatser, men Frida Jansson var s\u00e4rskilt bra vilket hon f\u00f6r \u00f6vrigt var f\u00f6rest\u00e4llningen genom.<\/p>\n<p>Andra akten var en fantastisk fin upplevelse med mycket fint presenterad s\u00e5ngkonst i den h\u00f6gre skolan. Det \u00e4r sv\u00e5rt att betygss\u00e4tta de enskilda prestationerna, men det \u00e4r inte heller, enligt min mening, s\u00e4rskilt viktigt.Trots att andra akten var n\u00e4stan lika l\u00e5ng som f\u00f6rsta akten s\u00e5 upplevde jag den som mycket kortare. H\u00e4r fanns flera tillf\u00e4llen d\u00e4r solisterna fick utm\u00e4rka sig och det var f\u00f6rmodligen som gjorde upplevelsen s\u00e5 mycket starkare och b\u00e4ttre \u00e4n f\u00f6rsta akten. Igenk\u00e4nningsfaktorn p\u00e5 ariorna \u00e4r ocks\u00e5 n\u00e5got h\u00f6gre.De unga \u00e4lskande gjorde mycket bra ifr\u00e5n sig och det g\u00e4ller s\u00e4rskilt i andra akten, men det skall givetvis inte tolkas som att de var s\u00e4mre i f\u00f6rsta akten.<\/p>\n<p>Det var ett fint ensemblespel rakt igenom med enskilt mycket goda prestationer.Det var dessutom roligt att de fyra herrarna som tj\u00e4nstgjorde som soldater, albaner och tj\u00e4nare. Hela ensemblen gjorde ett mycket bra och v\u00e4l genomf\u00f6rt gestikprogram i den h\u00f6gre skolan och det var kanske just detta som gjorde att det blev en fin operaupplevelse om \u00e4n lite l\u00e4ttviktig.<\/p>\n<p>F\u00f6rest\u00e4llningen regisserades av den belgiske regiss\u00f6ren Sigrid T\u00b4Hooft och detta var en hennes f\u00f6rsta Mozartopera. En uppgift som hon klarade med glans.<\/p>\n<p>Mark Tatlow  dirigerade orkestern p\u00e5 ett f\u00f6rtj\u00e4nstfullt s\u00e4tt och orkestern sk\u00f6tte sig mycket bra, med n\u00e5got litet miss\u00f6de, i bl\u00e5sarsektionen, som naturligtvis var helt oavsiktligt.<\/p>\n<p>Sammanfattningsvis kan jag verkligen rekommendera alla att under de tv\u00e5 kommande veckorna vallf\u00e4rda till Drottningholm.<\/p>\n<p>Dirigent: Mark Tatlow<br \/>\nRegiss\u00f6r: Sigrid T\u2019Hooft<br \/>\nScenograf: Stephan Dietrich<\/p>\n<p>Fiordiligi: Sara Wid\u00e9n<br \/>\nDorabella:   Katja Zhylevich<br \/>\nGuglielmo: Luthando Qave<br \/>\nFerrando: Joel Annmo<br \/>\nDespina: Frida Jansson<br \/>\nDon Alfonso: Staffan Liljas<\/p>\n<p>Soldater, albaner och tj\u00e4nare : Murat Ekici, Kristian Kaspersen, Niklas L\u00f6jdmark, Gustav Udd<br \/>\nDrottningholmsteaterns orkester <\/p>\n<p><a href=\"http:\/\/www.dtm.se\">Vill du veta mer om f\u00f6rest\u00e4llningen bes\u00f6k Drottningholms Slottsteaters hemsida<\/a><br \/>\nDu kan ocks\u00e5 l\u00e4sa mer om handlingen p\u00e5 <a href=\"http:\/\/www.mogensoperasidor.se\/cosifantuttekungligaoperan.htm#cosifantuttekungligaoperan\">Mogens Operasidor<\/a><br \/>\n<a href=\"http:\/\/kulturbloggen.com\/?p=36193\">H\u00e4r kan du l\u00e4sa ett tidigare inl\u00e4gg om Cosi fan tutte<\/a><br \/>\n<a href=\"http:\/\/teatermagasinet.se\/?p=2255\">Teatermagasinet om Cosi fan tutte<\/a><br \/>\n<a href=\"http:\/\/www.dn.se\/kultur-noje\/scenrecensioner\/cosi-fan-tutte-pa-drottningholmsteatern-stockholm\">DN:s recension<\/a><br \/>\n<a href=\"http:\/\/www.svd.se\/kultur\/tidstypiska-gester-skapar-latt-distans_6207821.svd\">SvD:s recension<\/a><\/p>\n","protected":false},"excerpt":{"rendered":"<p>Foto: Mats B\u00e4cker COS\u00cc FAN TUTTE &#8211; ossia La scuola degli amanti I g\u00e5r (29\/5) har det allts\u00e5 varit premi\u00e4r p\u00e5 Drottningholms Slottsteater. F\u00f6r andra \u00e5ret i rad handlar Operafestivalen om Mozart.F\u00f6rst ut var hans &#8221;Cosi fan tutte&#8221; och senare i sommar ger man \u00e5ter &#8221;Don Giovanni&#8221;. Det \u00e4r ett samarbete med Operah\u00f6gskolan och f\u00f6rest\u00e4llningen [&hellip;]<\/p>\n","protected":false},"author":13,"featured_media":0,"comment_status":"open","ping_status":"open","sticky":false,"template":"","format":"standard","meta":{"_genesis_hide_title":false,"_genesis_hide_breadcrumbs":false,"_genesis_hide_singular_image":false,"_genesis_hide_footer_widgets":false,"_genesis_custom_body_class":"","_genesis_custom_post_class":"","_genesis_layout":"","footnotes":""},"categories":[20],"tags":[1061,1391,4457],"class_list":{"0":"post-36365","1":"post","2":"type-post","3":"status-publish","4":"format-standard","6":"category-film","7":"tag-cosi-fan-tutte","8":"tag-drottningholm-slottsteater","9":"tag-premiar","10":"entry"},"_links":{"self":[{"href":"https:\/\/kulturbloggen.com\/index.php?rest_route=\/wp\/v2\/posts\/36365","targetHints":{"allow":["GET"]}}],"collection":[{"href":"https:\/\/kulturbloggen.com\/index.php?rest_route=\/wp\/v2\/posts"}],"about":[{"href":"https:\/\/kulturbloggen.com\/index.php?rest_route=\/wp\/v2\/types\/post"}],"author":[{"embeddable":true,"href":"https:\/\/kulturbloggen.com\/index.php?rest_route=\/wp\/v2\/users\/13"}],"replies":[{"embeddable":true,"href":"https:\/\/kulturbloggen.com\/index.php?rest_route=%2Fwp%2Fv2%2Fcomments&post=36365"}],"version-history":[{"count":0,"href":"https:\/\/kulturbloggen.com\/index.php?rest_route=\/wp\/v2\/posts\/36365\/revisions"}],"wp:attachment":[{"href":"https:\/\/kulturbloggen.com\/index.php?rest_route=%2Fwp%2Fv2%2Fmedia&parent=36365"}],"wp:term":[{"taxonomy":"category","embeddable":true,"href":"https:\/\/kulturbloggen.com\/index.php?rest_route=%2Fwp%2Fv2%2Fcategories&post=36365"},{"taxonomy":"post_tag","embeddable":true,"href":"https:\/\/kulturbloggen.com\/index.php?rest_route=%2Fwp%2Fv2%2Ftags&post=36365"}],"curies":[{"name":"wp","href":"https:\/\/api.w.org\/{rel}","templated":true}]}}