{"id":36249,"date":"2011-05-26T16:16:00","date_gmt":"2011-05-26T14:16:00","guid":{"rendered":"http:\/\/kulturbloggen.com\/?p=36249"},"modified":"2011-05-26T16:16:00","modified_gmt":"2011-05-26T14:16:00","slug":"moderna-museet-staller-ut-siri-derkert-under-sommaren","status":"publish","type":"post","link":"https:\/\/kulturbloggen.com\/?p=36249","title":{"rendered":"Moderna Museet st\u00e4ller ut Siri Derkert under sommaren"},"content":{"rendered":"<figure id=\"attachment_36250\" aria-describedby=\"caption-attachment-36250\" style=\"width: 300px\" class=\"wp-caption aligncenter\"><a href=\"http:\/\/kulturbloggen.com\/wp-content\/uploads\/2011\/05\/simone.jpg\"><img loading=\"lazy\" decoding=\"async\" class=\"size-medium wp-image-36250\" title=\"simone\" src=\"http:\/\/kulturbloggen.com\/wp-content\/uploads\/2011\/05\/simone-300x297.jpg\" alt=\"\" width=\"300\" height=\"297\" \/><\/a><figcaption id=\"caption-attachment-36250\" class=\"wp-caption-text\">\u00d6stermalmstorgs tunnelbanestation<\/figcaption><\/figure>\n<p>P\u00e5 l\u00f6rdag den 28 maj sl\u00e5r Moderna Museet upp portarna f\u00f6r \u00e5rets stora sommarutst\u00e4llning \u2013 en omfattande retrospektiv av Siri Derkert. Alla vi stockholmare m\u00f6ter Siri Derkert p\u00e5 \u00d6stermalmstorgs tunnelbanestation, d\u00e4r hon lyfter fram stora kvinnor och uppmanar oss till fred. Men \u00e4ven om Siri Derkert bland m\u00e5nga \u00e4r mest k\u00e4nd f\u00f6r sina offentliga verk s\u00e5 inneh\u00e5ller hennes konstn\u00e4rskap mycket mer.<\/p>\n<figure id=\"attachment_36251\" aria-describedby=\"caption-attachment-36251\" style=\"width: 185px\" class=\"wp-caption alignright\"><a href=\"http:\/\/kulturbloggen.com\/wp-content\/uploads\/2011\/05\/SDT2011006.jpg\"><img loading=\"lazy\" decoding=\"async\" class=\"size-medium wp-image-36251    \" title=\"SDT2011006\" src=\"http:\/\/kulturbloggen.com\/wp-content\/uploads\/2011\/05\/SDT2011006-254x300.jpg\" alt=\"\" width=\"185\" height=\"219\" \/><\/a><figcaption id=\"caption-attachment-36251\" class=\"wp-caption-text\">Balkongen, 1916<\/figcaption><\/figure>\n<p>Utst\u00e4llningen p\u00e5 Moderna Museet, som p\u00e5 torsdagen pressvisades av curator Annika \u00d6hrner, omfattar 350 verk fr\u00e5n Siris ungdomsalster innan hon kom in p\u00e5 Konstakademien 1911 till de sena politiska verken. D\u00e4remellan ryms en blandning av avantgardism\/kubism, modeteckningar, portr\u00e4tt, skulpturer och collage.<\/p>\n<p>Siri Derkert levde mellan 1888 och 1973 och hennes konst och hennes engagemang i feminism, fred och milj\u00f6 representerar p\u00e5 m\u00e5nga s\u00e4tt hela 1900-talet. Utst\u00e4llningen ber\u00e4ttar ocks\u00e5 om Siri som person och ger oss en inblick i hennes liv. Vi f\u00e5r f\u00f6lja henne n\u00e4r hon 1913 med hj\u00e4lp av v\u00e4ninnan Anna Petrus skaffar bostad och atelj\u00e9 i Montmartre. Paris blir utg\u00e5ngspunkten f\u00f6r hennes m\u00e5nga resor och i Paris tr\u00e4ffar hon Valle Rosenberg, som hon f\u00e5r en son med och som \u00e4r den som inspirerar henne att b\u00f6rja med modeteckningar.<\/p>\n<p>Senare f\u00e5r hon tv\u00e5 d\u00f6ttrar tillsammans med konstn\u00e4ren Bertil Lybeck. Paret separerar dock och de tre barnen som tidvis bor i fosterhem \u00e5terf\u00f6renas s\u00e5 sm\u00e5ningom hos Siri. Fr\u00e5n slutet av 20-talet och ett tiotal \u00e5r fram\u00e5t lever den lilla familjen under enkla f\u00f6rh\u00e5llanden och Siris m\u00e5leri fokuserar mycket p\u00e5 barnen och det lilla livet. 1938 d\u00f6r den \u00e4ldsta dottern Liv i tuberkolus, vilket tar h\u00e5rt p\u00e5 Siri.<\/p>\n<dl id=\"attachment_36252\" class=\"wp-caption alignright\" style=\"width: 186px;\">\n<dt><a href=\"..\/wp-content\/uploads\/2011\/05\/sdt2011130_modeteckning.jpg\"><img loading=\"lazy\" decoding=\"async\" class=\"    \" title=\"sdt2011130_modeteckning\" src=\"..\/wp-content\/uploads\/2011\/05\/sdt2011130_modeteckning-176x300.jpg\" alt=\"\" width=\"176\" height=\"300\" \/><\/a><\/dt>\n<dd>Modeteckning, 1917-21<\/dd>\n<\/dl>\n<p>Mellan 1943 och 1954 deltar Siri Derkert regelbundet i kurser vid Fogelstad kvinnliga medborgarskola. H\u00e4r v\u00e4xer hennes engagemang i kvinnofr\u00e5gor och denna tid har stor betydelse b\u00e5de f\u00f6r hennes politiska arbete och hennes konstn\u00e4rskap. Fogelstadskvinnorna \u00e5terkommer ofta i hennes konst, ber\u00e4ttar curator Annika \u00d6hrner, bland annat p\u00e5 \u00d6stermalmstorgs tunnelbanestation.<\/p>\n<p>F\u00f6rst efter andra v\u00e4rldskriget b\u00f6rjade Siri Derkert f\u00e5 en framtr\u00e4dande plats p\u00e5 konstscenen och sedan dess har hennes popularitet och \u00e4ven myten kring henne vuxit. 1962 fick hon representera Sverige p\u00e5 den nordiska paviljongen vid Biennalen i Venedig.<\/p>\n<p>Vill du f\u00e5 en bred bild av Siri Derkert och hennes konst \u00e4r ett bes\u00f6k p\u00e5 Moderna Museet p\u00e5 sin plats. En djupare inblick med fokus p\u00e5 hennes kubism, politiska anteckningar och offentliga verk f\u00e5r den som ocks\u00e5 inf\u00f6rskaffar utst\u00e4llningskatalogen.<\/p>\n<p>Siri Derkerts konst visas p\u00e5 Moderna Museet till och med den 4 september 2011.<\/p>\n<p>Curator: Annika \u00d6hrner, assisterande curator: Matlida Olof-Ors<\/p>\n<div class=\"mceTemp mceIEcenter\">\n<dl id=\"attachment_36255\" class=\"wp-caption aligncenter\" style=\"width: 247px;\">\n<dt><a href=\"..\/wp-content\/uploads\/2011\/05\/Den-r%C3%B6da-lampan.jpg\"><img loading=\"lazy\" decoding=\"async\" title=\"Den r\u00f6da lampan\" src=\"..\/wp-content\/uploads\/2011\/05\/Den-r%C3%B6da-lampan-237x300.jpg\" alt=\"\" width=\"237\" height=\"300\" \/><\/a><\/dt>\n<dd>Den r\u00f6da lampan, 1926<\/dd>\n<\/dl>\n<\/div>\n<figure id=\"attachment_36253\" aria-describedby=\"caption-attachment-36253\" style=\"width: 296px\" class=\"wp-caption aligncenter\"><a href=\"http:\/\/kulturbloggen.com\/wp-content\/uploads\/2011\/05\/annariwkin-sirid-rep036-tradgard.jpg\"><img loading=\"lazy\" decoding=\"async\" class=\"size-medium wp-image-36253\" title=\"annariwkin-sirid-rep036-tradgard\" src=\"http:\/\/kulturbloggen.com\/wp-content\/uploads\/2011\/05\/annariwkin-sirid-rep036-tradgard-296x300.jpg\" alt=\"\" width=\"296\" height=\"300\" \/><\/a><figcaption id=\"caption-attachment-36253\" class=\"wp-caption-text\">Siri Derkert i sin tr\u00e4dg\u00e5rd. Foto: Anna Riwkin<\/figcaption><\/figure>\n<p>L\u00e4s mer p\u00e5 <a href=\"http:\/\/www.modernamuseet.se\/sv\/Stockholm\/Utstallningar\/2011\/Siri-Derkert\/\" target=\"_blank\">Moderna Museets hemsida<\/a>.<\/p>\n<p>L\u00e4s \u00e4ven andra bloggares \u00e5sikter om <a rel=\"tag\" href=\"http:\/\/bloggar.se\/om\/Moderna+Museet\">Moderna Museet<\/a>, <a rel=\"tag\" href=\"http:\/\/bloggar.se\/om\/Siri+Derkert\">Siri Derkert<\/a><\/p>\n","protected":false},"excerpt":{"rendered":"<p>P\u00e5 l\u00f6rdag den 28 maj sl\u00e5r Moderna Museet upp portarna f\u00f6r \u00e5rets stora sommarutst\u00e4llning \u2013 en omfattande retrospektiv av Siri Derkert. Alla vi stockholmare m\u00f6ter Siri Derkert p\u00e5 \u00d6stermalmstorgs tunnelbanestation, d\u00e4r hon lyfter fram stora kvinnor och uppmanar oss till fred. Men \u00e4ven om Siri Derkert bland m\u00e5nga \u00e4r mest k\u00e4nd f\u00f6r sina offentliga verk [&hellip;]<\/p>\n","protected":false},"author":13,"featured_media":0,"comment_status":"open","ping_status":"open","sticky":false,"template":"","format":"standard","meta":{"_genesis_hide_title":false,"_genesis_hide_breadcrumbs":false,"_genesis_hide_singular_image":false,"_genesis_hide_footer_widgets":false,"_genesis_custom_body_class":"","_genesis_custom_post_class":"","_genesis_layout":"","footnotes":""},"categories":[20],"tags":[3009,3740,5079],"class_list":{"0":"post-36249","1":"post","2":"type-post","3":"status-publish","4":"format-standard","6":"category-film","7":"tag-konst","8":"tag-moderna-museet","9":"tag-siri-derkert","10":"entry"},"_links":{"self":[{"href":"https:\/\/kulturbloggen.com\/index.php?rest_route=\/wp\/v2\/posts\/36249","targetHints":{"allow":["GET"]}}],"collection":[{"href":"https:\/\/kulturbloggen.com\/index.php?rest_route=\/wp\/v2\/posts"}],"about":[{"href":"https:\/\/kulturbloggen.com\/index.php?rest_route=\/wp\/v2\/types\/post"}],"author":[{"embeddable":true,"href":"https:\/\/kulturbloggen.com\/index.php?rest_route=\/wp\/v2\/users\/13"}],"replies":[{"embeddable":true,"href":"https:\/\/kulturbloggen.com\/index.php?rest_route=%2Fwp%2Fv2%2Fcomments&post=36249"}],"version-history":[{"count":0,"href":"https:\/\/kulturbloggen.com\/index.php?rest_route=\/wp\/v2\/posts\/36249\/revisions"}],"wp:attachment":[{"href":"https:\/\/kulturbloggen.com\/index.php?rest_route=%2Fwp%2Fv2%2Fmedia&parent=36249"}],"wp:term":[{"taxonomy":"category","embeddable":true,"href":"https:\/\/kulturbloggen.com\/index.php?rest_route=%2Fwp%2Fv2%2Fcategories&post=36249"},{"taxonomy":"post_tag","embeddable":true,"href":"https:\/\/kulturbloggen.com\/index.php?rest_route=%2Fwp%2Fv2%2Ftags&post=36249"}],"curies":[{"name":"wp","href":"https:\/\/api.w.org\/{rel}","templated":true}]}}