{"id":36244,"date":"2011-05-26T12:25:44","date_gmt":"2011-05-26T10:25:44","guid":{"rendered":"http:\/\/kulturbloggen.com\/?p=36244"},"modified":"2011-05-26T12:25:44","modified_gmt":"2011-05-26T10:25:44","slug":"evig-eld-av-jonas-mostrom","status":"publish","type":"post","link":"https:\/\/kulturbloggen.com\/?p=36244","title":{"rendered":"Evig Eld av Jonas Mostr\u00f6m"},"content":{"rendered":"<p><a href=\"http:\/\/kulturbloggen.com\/wp-content\/uploads\/2011\/05\/mostrom-jonas-evig-eld.jpg\"><img loading=\"lazy\" decoding=\"async\" src=\"http:\/\/kulturbloggen.com\/wp-content\/uploads\/2011\/05\/mostrom-jonas-evig-eld-298x300.jpg\" alt=\"\" title=\"mostrom-jonas-evig-eld\" width=\"298\" height=\"300\" class=\"aligncenter size-medium wp-image-36245\" \/><\/a><\/p>\n<p>Det h\u00e4r var f\u00f6rsta g\u00e5ngen jag l\u00e4st en bok av Jonas Mostr\u00f6m och jag m\u00e5ste s\u00e4ga att jag \u00e4r positivt \u00f6verraskad. Det \u00e4r alltid kul att uppt\u00e4cka en ny f\u00f6rfattare. \u00c4ven om f\u00f6rfattaren som s\u00e5dan kanske inte \u00e4r \u201dny\u201d, det vill s\u00e4ga en debutant.  Jonas Mostr\u00f6m debuterade 2004 har <a href=\"http:\/\/www.bokus.com\/bok\/9789174610345\/evig-eld\/\">Evig Eld<\/a> \u00e4r den sj\u00e4tte i raden inom samma serie. Nackdelen med att hoppa in i en serie som jag nu gjorde \u00e4r att man k\u00e4nner sig lite utanf\u00f6r. Precis som n\u00e4r man \u00e4r den som \u00e4r ny i en klass eller annan typ av grupp med m\u00e4nniskor som redan k\u00e4nner varandra. Det kr\u00e4vs lite extra f\u00f6r att man ska k\u00e4nna sig som \u201den i g\u00e4nget\u201d. Precis s\u00e5 k\u00e4nde jag i b\u00f6rjan av Evig Eld- det kr\u00e4vdes lite extra koncentration eftersom det h\u00e4r handlade om etablerade karakt\u00e4rer och det refererades ofta tillbaka till tidigare h\u00e4ndelser som h\u00e4nt vid ett tidigare skede (det vill s\u00e4ga i en tidigare bok). Men efter n\u00e5gra kapitel b\u00f6rjade jag k\u00e4nna mig hemma och b\u00f6rjade l\u00e4ra mig karakt\u00e4rernas namn. N\u00e5got som jag alltid har sv\u00e5rt f\u00f6r, speciellt i svenska romaner av n\u00e5gon anledning.<\/p>\n<p>Evig Eld handlar dels om poliserna Johan, Sofia och de \u00f6vriga kriminalarna i Sundsvall samt l\u00e4karen Erik Jensen som jag antar ocks\u00e5 \u00e4r en av de \u00e5terkommande karakt\u00e4rerna. Dr Erik blir vittne till en d\u00f6dskjutning av en l\u00e4karkollega och en mordutredning startas. F\u00f6rutom karakt\u00e4rernas personliga problem s\u00e5 f\u00e5r vi f\u00f6lja med mordutredningen som blir mer komplicerad f\u00f6r varje sida man v\u00e4nder. \u00c4r det otrohetsaff\u00e4rer som \u00e4r motivet bakom mordet eller \u00e4r det de skumma aff\u00e4rerna med utg\u00e5ngen medicin som sp\u00f6kar? Och vad har detta med branden i Sundsvall 1888? Inspr\u00e4ngt bland de \u00f6vriga kapitlen f\u00e5r vi n\u00e4mligen f\u00f6lja br\u00f6derna Anton och Yngve som levde i slutet av 1800-talet. Det \u00e4r mycket som p\u00e5g\u00e5r i denna ber\u00e4ttelse. Men i enkla drag s\u00e5 kan man s\u00e4ga att det \u00e4r en klassisk \u201dvem-\u00e4r-m\u00f6rdaren-deckare\u201d. <\/p>\n<p>En av mina st\u00f6rsta sv\u00e5righeter n\u00e4r jag l\u00e4ser antingen nya f\u00f6rfattare eller nya b\u00f6cker med f\u00f6r mig ok\u00e4nda karakt\u00e4rer, \u00e4r just namn. Att komma ih\u00e5g vem som var vem kan ibland vara en ren pest f\u00f6r mig. L\u00e4ser jag en ny bok av en f\u00f6rfattare jag \u00e4r v\u00e4lbekant med g\u00e5r det b\u00e4ttre eftersom jag oftast k\u00e4nner igen deras stil. Just namnen var sv\u00e5rt i denna bok f\u00f6r det \u00e4r s\u00e5 m\u00e5nga olika karakt\u00e4rer. Dessutom m\u00e4rks det v\u00e4ldigt v\u00e4l att mycket har utspelats i de tidigare b\u00f6ckerna och att de h\u00e4nger samman. Det blev d\u00e4rmed en massa sidosp\u00e5r att h\u00e5lla reda p\u00e5; en sjuksk\u00f6terskas d\u00f6d (som Erik hade haft en aff\u00e4r med) eller Eriks frus snedspr\u00e5ng, eller polisen Johans alla kvinnoaff\u00e4rer. <\/p>\n<p>Jag vill rekommendera Evig Eld eftersom det \u00e4r en perfekt sommardeckare (\u00e4ven om den kanske inte utspelar sig p\u00e5 sommaren). Den \u00e4r sp\u00e4nnande och \u00e4ven om den \u00e4r lite segstartad s\u00e5 j\u00e4mnar det ut sig efter n\u00e5gra kapitel. Den inneh\u00e5ller dessutom en hel del v\u00e4ndningar i handlingen och det \u00e4r inte helt l\u00e4tt att lista ut vad som ska h\u00e4nda h\u00e4rn\u00e4st. Tycker du om Camilla L\u00e4ckberg s\u00e5 \u00e4r jag s\u00e4ker p\u00e5 att du \u00e4ven skulle gilla Jonas Mostr\u00f6ms b\u00f6cker. Jag tror att jag ska kolla in de fem tidigare b\u00f6ckerna som Jonas Mostr\u00f6m gett ut. S\u00e5 jag vet vad jag ska l\u00e4sa i sommar.<\/p>\n<p>Originaltitel: <a href=\"http:\/\/www.adlibris.com\/se\/product.aspx?isbn=9174830023\">Evig Eld<\/a><br \/>\nF\u00f6rfattare: Jonas Mostr\u00f6m<br \/>\nF\u00f6rlag: Lind &#038; Co<br \/>\nISBN: 978-91-7461-034-5<\/p>\n<p>L\u00e4s \u00e4ven andra bloggares \u00e5sikter om <a href=\"http:\/\/bloggar.se\/om\/Jonas+Mostr%F6m\" rel=\"tag\">Jonas Mostr\u00f6m<\/a>, <a href=\"http:\/\/bloggar.se\/om\/deckare\" rel=\"tag\">deckare<\/a>, <a href=\"http:\/\/bloggar.se\/om\/recension\" rel=\"tag\">recension<\/a>, <a href=\"http:\/\/bloggar.se\/om\/bokrecension\" rel=\"tag\">bokrecension<\/a><\/p>\n","protected":false},"excerpt":{"rendered":"<p>Det h\u00e4r var f\u00f6rsta g\u00e5ngen jag l\u00e4st en bok av Jonas Mostr\u00f6m och jag m\u00e5ste s\u00e4ga att jag \u00e4r positivt \u00f6verraskad. Det \u00e4r alltid kul att uppt\u00e4cka en ny f\u00f6rfattare. \u00c4ven om f\u00f6rfattaren som s\u00e5dan kanske inte \u00e4r \u201dny\u201d, det vill s\u00e4ga en debutant. Jonas Mostr\u00f6m debuterade 2004 har Evig Eld \u00e4r den sj\u00e4tte i [&hellip;]<\/p>\n","protected":false},"author":13,"featured_media":0,"comment_status":"open","ping_status":"open","sticky":false,"template":"","format":"standard","meta":{"_genesis_hide_title":false,"_genesis_hide_breadcrumbs":false,"_genesis_hide_singular_image":false,"_genesis_hide_footer_widgets":false,"_genesis_custom_body_class":"","_genesis_custom_post_class":"","_genesis_layout":"","footnotes":""},"categories":[43,3,16],"tags":[788,1197,2739,12285],"class_list":{"0":"post-36244","1":"post","2":"type-post","3":"status-publish","4":"format-standard","6":"category-bokrecension","7":"category-litteratur","8":"category-recension","9":"tag-bokrecension-2","10":"tag-deckare","11":"tag-jonas-mostrom","12":"tag-recension","13":"entry"},"_links":{"self":[{"href":"https:\/\/kulturbloggen.com\/index.php?rest_route=\/wp\/v2\/posts\/36244","targetHints":{"allow":["GET"]}}],"collection":[{"href":"https:\/\/kulturbloggen.com\/index.php?rest_route=\/wp\/v2\/posts"}],"about":[{"href":"https:\/\/kulturbloggen.com\/index.php?rest_route=\/wp\/v2\/types\/post"}],"author":[{"embeddable":true,"href":"https:\/\/kulturbloggen.com\/index.php?rest_route=\/wp\/v2\/users\/13"}],"replies":[{"embeddable":true,"href":"https:\/\/kulturbloggen.com\/index.php?rest_route=%2Fwp%2Fv2%2Fcomments&post=36244"}],"version-history":[{"count":0,"href":"https:\/\/kulturbloggen.com\/index.php?rest_route=\/wp\/v2\/posts\/36244\/revisions"}],"wp:attachment":[{"href":"https:\/\/kulturbloggen.com\/index.php?rest_route=%2Fwp%2Fv2%2Fmedia&parent=36244"}],"wp:term":[{"taxonomy":"category","embeddable":true,"href":"https:\/\/kulturbloggen.com\/index.php?rest_route=%2Fwp%2Fv2%2Fcategories&post=36244"},{"taxonomy":"post_tag","embeddable":true,"href":"https:\/\/kulturbloggen.com\/index.php?rest_route=%2Fwp%2Fv2%2Ftags&post=36244"}],"curies":[{"name":"wp","href":"https:\/\/api.w.org\/{rel}","templated":true}]}}