{"id":3603,"date":"2008-10-29T20:37:31","date_gmt":"2008-10-29T19:37:31","guid":{"rendered":"http:\/\/kulturbloggen.com\/?p=3603"},"modified":"2008-10-29T20:37:31","modified_gmt":"2008-10-29T19:37:31","slug":"fed-sankte-rantan-till-1-procent-kan-det-ga-lagre","status":"publish","type":"post","link":"https:\/\/kulturbloggen.com\/?p=3603","title":{"rendered":"FED s\u00e4nkte r\u00e4ntan till 1 procent, kan det g\u00e5 l\u00e4gre?"},"content":{"rendered":"<p><a href=\"http:\/\/sodergren.com\/kulturbloggen\/wp-content\/uploads\/2008\/10\/dollar125.jpg\"><img loading=\"lazy\" decoding=\"async\" src=\"http:\/\/sodergren.com\/kulturbloggen\/wp-content\/uploads\/2008\/10\/dollar125.jpg\" alt=\"\" title=\"dollar125\" width=\"125\" height=\"250\" class=\"alignnone size-medium wp-image-3607\" \/><\/a>Fed s\u00e4nker r\u00e4ntan igen. Kvart \u00f6ver sju p\u00e5 onsdagskv\u00e4llen meddelade den amerikanska centralbanken att man s\u00e4nker styrr\u00e4ntan med en halv procentenhet till 1 procent.<\/p>\n<p>Men fr\u00e5gan \u00e4r hur m\u00e5nga g\u00e5nger kan Fed s\u00e4nka r\u00e4ntan?<\/p>\n<p>Tidningar skriver:<\/p>\n<blockquote><p>Enligt TT motiverade Fed-chefen Ben Bernanke r\u00e4ntes\u00e4nkningen med att den ekonomiska aktiviteten har bromsat in markant, till stor del beroende p\u00e5 att konsumenterna drar ned p\u00e5 sina utgifter.<\/p><\/blockquote>\n<p>Men, vad \u00e4r det f\u00f6r ekonomiskt system som s\u00e5 sl\u00e5s till marken av att m\u00e4nniskor \u00e4r lite f\u00f6rsiktiga med vad de k\u00f6per och investerar i? Nej, jag vet, det \u00e4r mer \u00e4n s\u00e5. Men grundkonflikten handlar trots allt om att v\u00e4stv\u00e4rldens v\u00e4lf\u00e4rd bygger p\u00e5 att vi ska konsumera, investera, k\u00f6pa nytt, nytt, nytt i ett beg\u00e4r om\u00f6jligt att m\u00e4ta, en hunger p\u00e5 nya prylar som aldrig blir tillfredst\u00e4lld.<\/p>\n<p>Finanskrisen och oron kring detta har f\u00e5tt m\u00e5nga sparare att l\u00e4mna Swedbank.<\/p>\n<p>M\u00e5nga <a href=\"http:\/\/www.aftonbladet.se\/ekonomi\/finanskrisen\/article3647875.ab\">flyttar sina konton d\u00e4rifr\u00e5n<\/a>.<br \/>\n<a href=\"http:\/\/www.aftonbladet.se\/nyheter\/analys\/lenamellin\/article3655228.ab\"><br \/>\nLena Mellin i Aftonbladet<\/a> drar slutsatsen att detta ska f\u00e5 bankerna att inse att deras kunder, ocks\u00e5 sm\u00e5spararna, \u00e4r viktiga:<\/p>\n<blockquote><p>Vi \u00e4r viktiga.<br \/>\nVi som d\u00e5 och d\u00e5 stoppar in lite pengar p\u00e5 sparkontot i banken.<br \/>\nMen kr\u00e4vs det en \u00adfinanskris f\u00f6r att bankerna ska l\u00e4ra sig det?<\/p><\/blockquote>\n<p>Tja, det \u00e4r en bit kvar. Att ha ett \u00e4rende till banken betyder att man m\u00e5ste vara beredd p\u00e5 att kanske sitta d\u00e4r och v\u00e4nta i en timme innan det blir min tur. Att g\u00e5 till banken inneb\u00e4r att veta att min tid inte alls \u00e4r v\u00e4rd n\u00e5gonting.<\/p>\n<p>Jag s\u00e5g att kronan b\u00f6rjat h\u00f6ja sitt v\u00e4rde gentemot dollarn. Men det skedde redan innan Fed gick ut och s\u00e4nkte r\u00e4ntan. Nu finns v\u00e4l risken att dollarn sjunker \u00e4n mer i f\u00f6rh\u00e5llande till kronan? Jag som f\u00e5r en del inkomster i dollar vill helst ha en stark dollar.<\/p>\n<p><a href=\"http:\/\/www.dn.se\/DNet\/jsp\/polopoly.jsp?d=3130&#038;a=845686\">DN om kronan och dollar:<\/a><\/p>\n<blockquote><p>Kronan st\u00e4rktes med 33 \u00f6re mot dollarn och med 8 \u00f6re mot euron p\u00e5 onsdagen. Den tio\u00e5riga statsobligationen steg med 0,09 procentenheter och den tv\u00e5\u00e5riga med 0,02 procentenheter.<\/p><\/blockquote>\n<p>Relaterat:<br \/>\n<a href=\"http:\/\/www.svd.se\/naringsliv\/nyheter\/artikel_1964927.svd\">Svenska Dagbladet<\/a><br \/>\n<a href=\"http:\/\/sydsvenskan.se\/ekonomi\/article384118\/USA-rantan-sanks-till-en-procent.html\">Sydsvenskan<\/a><\/p>\n<p>Andra bloggar om: <a href=\"http:\/\/bloggar.se\/om\/USA\" rel=\"tag\">USA<\/a>, <a href=\"http:\/\/bloggar.se\/om\/ekonomi\" rel=\"tag\">ekonomi<\/a>, <a href=\"http:\/\/bloggar.se\/om\/r%E4ntor\" rel=\"tag\">r\u00e4ntor<\/a>, <a href=\"http:\/\/bloggar.se\/om\/FED\" rel=\"tag\">FED<\/a>, <a href=\"http:\/\/bloggar.se\/om\/Bernanke\" rel=\"tag\">Bernanke<\/a>, <a href=\"http:\/\/bloggar.se\/om\/Swedbank\" rel=\"tag\">Swedbank<\/a><\/p>\n","protected":false},"excerpt":{"rendered":"<p>Fed s\u00e4nker r\u00e4ntan igen. Kvart \u00f6ver sju p\u00e5 onsdagskv\u00e4llen meddelade den amerikanska centralbanken att man s\u00e4nker styrr\u00e4ntan med en halv procentenhet till 1 procent. Men fr\u00e5gan \u00e4r hur m\u00e5nga g\u00e5nger kan Fed s\u00e4nka r\u00e4ntan? Tidningar skriver: Enligt TT motiverade Fed-chefen Ben Bernanke r\u00e4ntes\u00e4nkningen med att den ekonomiska aktiviteten har bromsat in markant, till stor del [&hellip;]<\/p>\n","protected":false},"author":2,"featured_media":0,"comment_status":"open","ping_status":"open","sticky":false,"template":"","format":"standard","meta":{"_genesis_hide_title":false,"_genesis_hide_breadcrumbs":false,"_genesis_hide_singular_image":false,"_genesis_hide_footer_widgets":false,"_genesis_custom_body_class":"","_genesis_custom_post_class":"","_genesis_layout":"","footnotes":""},"categories":[20],"tags":[],"class_list":{"0":"post-3603","1":"post","2":"type-post","3":"status-publish","4":"format-standard","6":"category-film","7":"entry"},"_links":{"self":[{"href":"https:\/\/kulturbloggen.com\/index.php?rest_route=\/wp\/v2\/posts\/3603","targetHints":{"allow":["GET"]}}],"collection":[{"href":"https:\/\/kulturbloggen.com\/index.php?rest_route=\/wp\/v2\/posts"}],"about":[{"href":"https:\/\/kulturbloggen.com\/index.php?rest_route=\/wp\/v2\/types\/post"}],"author":[{"embeddable":true,"href":"https:\/\/kulturbloggen.com\/index.php?rest_route=\/wp\/v2\/users\/2"}],"replies":[{"embeddable":true,"href":"https:\/\/kulturbloggen.com\/index.php?rest_route=%2Fwp%2Fv2%2Fcomments&post=3603"}],"version-history":[{"count":0,"href":"https:\/\/kulturbloggen.com\/index.php?rest_route=\/wp\/v2\/posts\/3603\/revisions"}],"wp:attachment":[{"href":"https:\/\/kulturbloggen.com\/index.php?rest_route=%2Fwp%2Fv2%2Fmedia&parent=3603"}],"wp:term":[{"taxonomy":"category","embeddable":true,"href":"https:\/\/kulturbloggen.com\/index.php?rest_route=%2Fwp%2Fv2%2Fcategories&post=3603"},{"taxonomy":"post_tag","embeddable":true,"href":"https:\/\/kulturbloggen.com\/index.php?rest_route=%2Fwp%2Fv2%2Ftags&post=3603"}],"curies":[{"name":"wp","href":"https:\/\/api.w.org\/{rel}","templated":true}]}}