{"id":35943,"date":"2011-05-20T10:06:38","date_gmt":"2011-05-20T08:06:38","guid":{"rendered":"http:\/\/kulturbloggen.com\/?p=35943"},"modified":"2011-05-20T10:06:38","modified_gmt":"2011-05-20T08:06:38","slug":"journalister-pa-pressvisning-gapskrattade-nar-varlden-gick-under-i-melancholia","status":"publish","type":"post","link":"https:\/\/kulturbloggen.com\/?p=35943","title":{"rendered":"Journalister p\u00e5 pressvisning gapskrattade n\u00e4r v\u00e4rlden gick under i Melancholia"},"content":{"rendered":"<p><a href=\"http:\/\/kulturbloggen.com\/wp-content\/uploads\/2011\/05\/Melancholia.jpg\"><img loading=\"lazy\" decoding=\"async\" class=\"aligncenter size-medium wp-image-35947\" title=\"Melancholia\" src=\"http:\/\/kulturbloggen.com\/wp-content\/uploads\/2011\/05\/Melancholia-210x300.jpg\" alt=\"\" width=\"210\" height=\"300\" \/><\/a><\/p>\n<p>Journalister p\u00e5 pressvisning gapskrattade n\u00e4r v\u00e4rlden gick under i Melancholia, Ja s\u00e5 var det.<br \/>\nAtt Lars von Triers film Melancholia skildrar m\u00e4nsklighetens underg\u00e5ng, det \u00e4r ingen hemlighet, det \u00e4r ingen spoiler att jag ber\u00e4ttar det.<\/p>\n<p>Jag var p\u00e5 pressvisning f\u00f6r Melancholia som ska ha Sverigepremi\u00e4r 27 maj. Recension kommer om n\u00e5gra dagar. Det \u00e4r en film jag vill fundera p\u00e5 ett par dagar, sm\u00e4lta den.<\/p>\n<p>Lars von Trier vill provocera, det \u00e4r jag i alla fall \u00f6vertygad om. N\u00e4r filmen visades p\u00e5 den fina filmfestivalen i Cannes avslutade von Trier sin presskonferens med <a href=\"http:\/\/www.svd.se\/kultur\/planerad-provokator_6179077.svd\">att prata om nazismens f\u00f6rdelar<\/a>. Det v\u00e4ckte f\u00f6rst\u00e5s enormt ramaski. Dagen efter blev han utkastad fr\u00e5n festivalen.<\/p>\n<p>Jag gissar att han \u00e4r s\u00e5 speedad att han inte riktigt kunde h\u00e5lla balansen. Att provocera \u00e4r att balansera n\u00e4ra ett stup. Ett felsteg och det blir f\u00f6r mycket och f\u00f6r fel. Det beh\u00f6vs modiga m\u00e4nniskor som v\u00e5gar utmana, som v\u00e5gar provocera. Tyv\u00e4rr \u00e4r m\u00e4nskligheten fylld av fantasil\u00f6sa m\u00e4nniskor som tar allt bokstavligt, som inte kan se mellan raderna. Fast \u00e5 andra sidan har ord betydelse. Ord betyder n\u00e5got.<br \/>\nVarf\u00f6r beh\u00f6vde han just sk\u00e4mta om judar och b\u00f6gar, n\u00e4r det \u00e4r tv\u00e5 grupper som farit illa och avr\u00e4ttades i l\u00e5nga rader av nazister?<\/p>\n<p>I pappers-DN l\u00e4ser jag att Stellan Skarsg\u00e5rd sagt att reaktionerna p\u00e5 Lars von Triers uttalanden \u00e4r \u00f6verdrivna. &#8221;Alla vet ju att Lars von Trier inte \u00e4r nazist&#8221;, s\u00e4ger Stellan Skarsg\u00e5rd till DN. I en familj eller i en v\u00e4nkrets kan det vara s\u00e5, n\u00e4r vi k\u00e4nner varandra, d\u00e5 kan s\u00e5dana uttalande s\u00e4kert fungera som provokation och som start f\u00f6r en diskussion. Men i ett s\u00e5 publikt sammanhang som en presskonferens p\u00e5 en av v\u00e4rldens f\u00f6rn\u00e4msta filmfestivaler \u00e4r det inte s\u00e4rskilt smart.<\/p>\n<p>\u00c5 andra sidan gillar jag m\u00e4nniskor som inte g\u00f6r allt korrekt och balanserat. Bakom det balanserade kan d\u00f6ljas b\u00e5de det ena och det andra falska.<\/p>\n<p><a href=\"http:\/\/www.aftonbladet.se\/nojesbladet\/film\/article13053824.ab\">Enligt Aftonbladet<\/a> s\u00e4ger Stellan Skarsg\u00e5rd om bannlysningen av von Trier:<br \/>\n<em>&#8211; Det \u00e4r ov\u00e4rdigt festivalledningen, det visar en brist p\u00e5 ryggrad som inte \u00e4r klokt.<\/em> <\/p>\n<p>Ja det \u00e4r en lite konstig reaktion fr\u00e5n filmfestivalens ledning. Von Trier kan inte heller vinna Guldpalmen. Uppenbarligen fanns det stora chanser f\u00f6r honom att g\u00f6ra det. <\/p>\n<p><a href=\"http:\/\/hakans-blogg.blogspot.com\/2011\/05\/det-konstiga-ar-att-vi-gar-pa-det.html\">H\u00e5kans blogg skriver<\/a>:<\/p>\n<blockquote><p>Det konstiga eller obegripliga \u00e4r inte att filmmakaren\u00a0<a href=\"http:\/\/www.svd.se\/kultur\/von-trier-provocerar-igen_6175717.svd\">Lars von Trier s\u00e4ger provocerande saker<\/a> &#8211;\u00a0om t ex porrfilm, judar och nazism.<br \/>\nDet g\u00f6r han s\u00e5klart f\u00f6r att f\u00e5 uppm\u00e4rksamhet kring sin egen\u00a0person\u00a0i allm\u00e4nhet och sin nya\u00a0film \u201dMelancholia\u201d i synnerhet. Gratis och effektiv reklam.<br \/>\nDet konstiga \u00e4r att vi g\u00e5r p\u00e5 det. G\u00e5ng p\u00e5 g\u00e5ng.<\/p><\/blockquote>\n<p>Jo, H\u00e5kan har en po\u00e4ng. Jag tror att Lars von Trier driver med oss och med medier. Fast han den h\u00e4r g\u00e5ngen gick ett steg f\u00f6r l\u00e5ngt. Vilket han ju sj\u00e4lv erk\u00e4nt. Nu fick han ett h\u00e5rdare straff \u00e4n han r\u00e4knat med, han blev portad fr\u00e5n filmfestivalen och kan inte vinna Guldpalmen f\u00f6r sin film.<\/p>\n<p><a href=\"http:\/\/www.aftonbladet.se\/kultur\/article13053784.ab\">Katrine Kielos i Aftonbladet<\/a> menar att hans beteende och att han s\u00e5 snabbt blir f\u00f6rl\u00e5ten av medier har att g\u00f6ra med skillnader i manligt och kvinnligt och med stereotypa k\u00f6nsroller:<\/p>\n<blockquote><p>\u201d\u00c5h herre Gud\u201d mumlar Kirsten Dunst d\u00e4r hon sitter bredvid von Trier p\u00e5 presskonferensen. Uppstylad till t\u00e4nderna insn\u00f6rd i en designerkl\u00e4nning, hon \u00e4r ocks\u00e5 konstn\u00e4r men skulle aldrig kunna bete sig som von Trier. Hon g\u00f6r vad som f\u00f6rv\u00e4ntas av henne. Det g\u00f6r han ocks\u00e5. Det manliga geniets totala brist p\u00e5 h\u00e4nsyn bekr\u00e4ftar bara hans genialitet i omv\u00e4rldens \u00f6gon. Han sl\u00e5r vilt omkring sig och vad han \u00e4n g\u00f6r m\u00f6ts han av appl\u00e5der och nerv\u00f6sa skratt. Ocks\u00e5 en definition av helvetet.<br \/>\nJag har egentligen inte s\u00e5 mycket att s\u00e4ga, jag m\u00e5ste improvisera lite, s\u00e4ger Lars von Trier.<\/p><\/blockquote>\n<p>Ja, fr\u00e5gan \u00e4r vad som hade h\u00e4nt om en kvinna som var regiss\u00f6r sagt n\u00e5got liknande? Tanken \u00e4r hissnande.<br \/>\nHade hon blivit portad fr\u00e5n mer \u00e4n filmfestivalen? F\u00f6rmodligen. Hon hade nog blivit portad fr\u00e5n alla feministiska n\u00e4tverk och fr\u00e5n de flesta arbetsplatser.<\/p>\n<p>Utspelet av Lars von Trier och filmfestivalens lednings reaktioner p\u00e5 det och alla efterf\u00f6ljande mediereaktioner har flera bottnar, det \u00e4r inte en fr\u00e5ga om svart eller vitt. Alla vet att von Trier inte \u00e4r nazist. Fast \u00e5 andra sidan, ska man verkligen s\u00e4ga vad som helst i vilket sammanhang som helst? \u00c5 andra sidan igen: v\u00e4rlden beh\u00f6ver provoceras och de fisf\u00f6rn\u00e4ma kretsarna i filmfestivalens ledning och filmjournalistikens elit som var p\u00e5 plats, beh\u00f6ver skakas om. Precis som filmen &#8221;Melancholia&#8221; har en m\u00e4ngd bottnar och inte kan tolkas p\u00e5 ett enda s\u00e4tt, \u00e4r von Triers utspel ett sk\u00e5despel med m\u00e5nga bottnar.<\/p>\n<p>N\u00e4r d\u00e5 journalisterna p\u00e5 den svenska pressvisningen gapskrattade n\u00e4r sluttexterna rullade p\u00e5 &#8221;Melancholia&#8221; skedde det i k\u00f6lvattnet p\u00e5 Cannes-skandalen. S\u00e5 fr\u00e5gan \u00e4r d\u00e5: \u00e4r det gapskratta vi borde g\u00f6ra ocks\u00e5 \u00e5t von Triers provokation &#8211; eller borde vi gr\u00e5ta?<\/p>\n<p>Relaterat:<br \/>\n<a href=\"http:\/\/www.dn.se\/kultur-noje\/film-tv\/von-trier-bannlyst-i-cannes\">Dagens Nyheter<\/a> och <a href=\"http:\/\/www.expressen.se\/kultur\/1.2441413\/i-daligt-sallskap\">Expressen<\/a> och <a href=\"http:\/\/svt.se\/2.27170\/1.2430457\/lars_von_trier_bannlyst_fran_cannes\">Kulturnyheterna<\/a>.<\/p>\n<p>L\u00e4s \u00e4ven andra bloggares \u00e5sikter om <a href=\"http:\/\/bloggar.se\/om\/film\" rel=\"tag\">film<\/a>, <a href=\"http:\/\/bloggar.se\/om\/nazism\" rel=\"tag\">nazism<\/a>, <a href=\"http:\/\/bloggar.se\/om\/provokation\" rel=\"tag\">provokation<\/a>, <a href=\"http:\/\/bloggar.se\/om\/Melancholia\" rel=\"tag\">Melancholia<\/a>, <a href=\"http:\/\/bloggar.se\/om\/Lars+von+Trier\" rel=\"tag\">Lars von Trier<\/a>, <a href=\"http:\/\/bloggar.se\/om\/Cannes\" rel=\"tag\">Cannes<\/a><\/p>\n","protected":false},"excerpt":{"rendered":"<p>Journalister p\u00e5 pressvisning gapskrattade n\u00e4r v\u00e4rlden gick under i Melancholia, Ja s\u00e5 var det. Att Lars von Triers film Melancholia skildrar m\u00e4nsklighetens underg\u00e5ng, det \u00e4r ingen hemlighet, det \u00e4r ingen spoiler att jag ber\u00e4ttar det. Jag var p\u00e5 pressvisning f\u00f6r Melancholia som ska ha Sverigepremi\u00e4r 27 maj. Recension kommer om n\u00e5gra dagar. Det \u00e4r en [&hellip;]<\/p>\n","protected":false},"author":2,"featured_media":0,"comment_status":"open","ping_status":"open","sticky":false,"template":"","format":"standard","meta":{"_genesis_hide_title":false,"_genesis_hide_breadcrumbs":false,"_genesis_hide_singular_image":false,"_genesis_hide_footer_widgets":false,"_genesis_custom_body_class":"","_genesis_custom_post_class":"","_genesis_layout":"","footnotes":""},"categories":[50,44],"tags":[929,3226,3598,3938,4542,12286],"class_list":{"0":"post-35943","1":"post","2":"type-post","3":"status-publish","4":"format-standard","6":"category-filmfilm","7":"category-chadie","8":"tag-cannes","9":"tag-lars-von-trier","10":"tag-melancholia","11":"tag-nazism","12":"tag-provokation","13":"tag-film","14":"entry"},"_links":{"self":[{"href":"https:\/\/kulturbloggen.com\/index.php?rest_route=\/wp\/v2\/posts\/35943","targetHints":{"allow":["GET"]}}],"collection":[{"href":"https:\/\/kulturbloggen.com\/index.php?rest_route=\/wp\/v2\/posts"}],"about":[{"href":"https:\/\/kulturbloggen.com\/index.php?rest_route=\/wp\/v2\/types\/post"}],"author":[{"embeddable":true,"href":"https:\/\/kulturbloggen.com\/index.php?rest_route=\/wp\/v2\/users\/2"}],"replies":[{"embeddable":true,"href":"https:\/\/kulturbloggen.com\/index.php?rest_route=%2Fwp%2Fv2%2Fcomments&post=35943"}],"version-history":[{"count":0,"href":"https:\/\/kulturbloggen.com\/index.php?rest_route=\/wp\/v2\/posts\/35943\/revisions"}],"wp:attachment":[{"href":"https:\/\/kulturbloggen.com\/index.php?rest_route=%2Fwp%2Fv2%2Fmedia&parent=35943"}],"wp:term":[{"taxonomy":"category","embeddable":true,"href":"https:\/\/kulturbloggen.com\/index.php?rest_route=%2Fwp%2Fv2%2Fcategories&post=35943"},{"taxonomy":"post_tag","embeddable":true,"href":"https:\/\/kulturbloggen.com\/index.php?rest_route=%2Fwp%2Fv2%2Ftags&post=35943"}],"curies":[{"name":"wp","href":"https:\/\/api.w.org\/{rel}","templated":true}]}}