{"id":35909,"date":"2011-05-19T16:15:36","date_gmt":"2011-05-19T14:15:36","guid":{"rendered":"http:\/\/kulturbloggen.com\/?p=35909"},"modified":"2011-05-19T16:15:36","modified_gmt":"2011-05-19T14:15:36","slug":"mikael-rickfors-idde-schultz-och-sulo-gav-smakprov-pa-gota-kanal-rock-2011","status":"publish","type":"post","link":"https:\/\/kulturbloggen.com\/?p=35909","title":{"rendered":"Mikael Rickfors, Idde Schultz och Sulo gav smakprov p\u00e5 G\u00f6ta kanal rock 2011"},"content":{"rendered":"<p><a href=\"http:\/\/kulturbloggen.com\/wp-content\/uploads\/2011\/05\/SSC_0464.jpg\"><img loading=\"lazy\" decoding=\"async\" class=\"aligncenter size-medium wp-image-35912\" title=\"SSC_0464\" src=\"http:\/\/kulturbloggen.com\/wp-content\/uploads\/2011\/05\/SSC_0464-300x225.jpg\" alt=\"\" width=\"300\" height=\"225\" \/><\/a><\/p>\n<p>G\u00f6ta kanal rock och rederi AB G\u00f6ta kanal (ing\u00e5r i Str\u00f6mma) bj\u00f6d p\u00e5 musik n\u00e4r de presenterade sitt program.<\/p>\n<p>Vi fick lyssna p\u00e5 Idde Schultz, Sulo och Mikael Rickfors som spelade n\u00e5gra l\u00e5tar var. Det var de d\u00e4r l\u00e5tarna alla k\u00e4nner igen. Spelningen var akustisk vi fick en riktigt fin musikstund p\u00e5 bakre d\u00e4cket p\u00e5 m\/s Diana.<\/p>\n<p>En \u00f6veraskning var att Maj Sj\u00f6wall d\u00f6k upp och presenterades. Det var n\u00e4mligen s\u00e5 att hennes och Per Wahl\u00f6\u00f6 f\u00f6rsta bok utspelade sig d\u00e4r. De var p\u00e5 resa med b\u00e5ten och Per Wahl\u00f6\u00f6s intresse f\u00f6r en ung, m\u00f6rk kvinna fick Maj att utse henne till deras f\u00f6rsta mordoffer. Allt ber\u00e4ttat med god humor.<\/p>\n<p>Vi fick ocks\u00e5 prova p\u00e5 en l\u00e4cker lunch med n\u00e4rproducerade r\u00e5varor fr\u00e5n <a href=\"http:\/\/www.vikingbeef.se\/kottbutiken-i-norsholm\/britta-och-lennarts-nara-kott\/\">Britta och Lennarts N\u00e4ra k\u00f6tt i Norsholm<\/a>.<\/p>\n<p><a href=\"http:\/\/www.gotakanalrock.se\/turneplan\">H\u00e4r ser du \u00e5rets turn\u00e9plan<\/a><\/p>\n<p><a href=\"http:\/\/www.gotakanalrock.se\/artister\">\u00c5rets artister<\/a><\/p>\n\n<p><a href=\"http:\/\/intressant.se\/intressant\">Intressant?<\/a> L\u00e4s \u00e4ven andra bloggares \u00e5sikter om <a rel=\"tag\" href=\"http:\/\/bloggar.se\/om\/G%F6ta+kanal+rock+2011\">G\u00f6ta kanal rock 2011<\/a>, <a rel=\"tag\" href=\"http:\/\/bloggar.se\/om\/Sulo\">Sulo<\/a>, <a rel=\"tag\" href=\"http:\/\/bloggar.se\/om\/Idde+Schultz\">Idde Schultz<\/a>, <a rel=\"tag\" href=\"http:\/\/bloggar.se\/om\/Mikael+Rickfors\">Mikael Rickfors<\/a>, <a rel=\"tag\" href=\"http:\/\/bloggar.se\/om\/musik\">musik<\/a>, <a rel=\"tag\" href=\"http:\/\/bloggar.se\/om\/rock\">rock<\/a>, <a rel=\"tag\" href=\"http:\/\/bloggar.se\/om\/konsert\">konsert<\/a><\/p>\n","protected":false},"excerpt":{"rendered":"<p>G\u00f6ta kanal rock och rederi AB G\u00f6ta kanal (ing\u00e5r i Str\u00f6mma) bj\u00f6d p\u00e5 musik n\u00e4r de presenterade sitt program. Vi fick lyssna p\u00e5 Idde Schultz, Sulo och Mikael Rickfors som spelade n\u00e5gra l\u00e5tar var. Det var de d\u00e4r l\u00e5tarna alla k\u00e4nner igen. Spelningen var akustisk vi fick en riktigt fin musikstund p\u00e5 bakre d\u00e4cket p\u00e5 [&hellip;]<\/p>\n","protected":false},"author":13,"featured_media":0,"comment_status":"open","ping_status":"open","sticky":false,"template":"","format":"standard","meta":{"_genesis_hide_title":false,"_genesis_hide_breadcrumbs":false,"_genesis_hide_singular_image":false,"_genesis_hide_footer_widgets":false,"_genesis_custom_body_class":"","_genesis_custom_post_class":"","_genesis_layout":"","footnotes":""},"categories":[7,20],"tags":[2156,2419,3000,3670,12282,4792,5482],"class_list":["post-35909","post","type-post","status-publish","format-standard","category-musik","category-film","tag-gota-kanal-rock-2011","tag-idde-schultz","tag-konsert","tag-mikael-rickfors","tag-musik","tag-rock","tag-sulo","entry"],"_links":{"self":[{"href":"https:\/\/kulturbloggen.com\/index.php?rest_route=\/wp\/v2\/posts\/35909","targetHints":{"allow":["GET"]}}],"collection":[{"href":"https:\/\/kulturbloggen.com\/index.php?rest_route=\/wp\/v2\/posts"}],"about":[{"href":"https:\/\/kulturbloggen.com\/index.php?rest_route=\/wp\/v2\/types\/post"}],"author":[{"embeddable":true,"href":"https:\/\/kulturbloggen.com\/index.php?rest_route=\/wp\/v2\/users\/13"}],"replies":[{"embeddable":true,"href":"https:\/\/kulturbloggen.com\/index.php?rest_route=%2Fwp%2Fv2%2Fcomments&post=35909"}],"version-history":[{"count":0,"href":"https:\/\/kulturbloggen.com\/index.php?rest_route=\/wp\/v2\/posts\/35909\/revisions"}],"wp:attachment":[{"href":"https:\/\/kulturbloggen.com\/index.php?rest_route=%2Fwp%2Fv2%2Fmedia&parent=35909"}],"wp:term":[{"taxonomy":"category","embeddable":true,"href":"https:\/\/kulturbloggen.com\/index.php?rest_route=%2Fwp%2Fv2%2Fcategories&post=35909"},{"taxonomy":"post_tag","embeddable":true,"href":"https:\/\/kulturbloggen.com\/index.php?rest_route=%2Fwp%2Fv2%2Ftags&post=35909"}],"curies":[{"name":"wp","href":"https:\/\/api.w.org\/{rel}","templated":true}]}}