{"id":35868,"date":"2011-05-18T19:18:49","date_gmt":"2011-05-18T17:18:49","guid":{"rendered":"http:\/\/kulturbloggen.com\/?p=35868"},"modified":"2011-05-18T19:18:49","modified_gmt":"2011-05-18T17:18:49","slug":"fran-pressvisning-av-parkteaterns-program-i-sommar-i-stockholm","status":"publish","type":"post","link":"https:\/\/kulturbloggen.com\/?p=35868","title":{"rendered":"Fr\u00e5n pressvisning av Parkteaterns program i sommar i Stockholm"},"content":{"rendered":"<p><a href=\"http:\/\/kulturbloggen.com\/wp-content\/uploads\/2011\/05\/parkteatern.jpg\"><img loading=\"lazy\" decoding=\"async\" src=\"http:\/\/kulturbloggen.com\/wp-content\/uploads\/2011\/05\/parkteatern-300x200.jpg\" alt=\"\" title=\"parkteatern\" width=\"300\" height=\"200\" class=\"aligncenter size-medium wp-image-35869\" \/><\/a><\/p>\n<p>En pj\u00e4s av Brecht, &#8221;Br\u00f6llopet&#8221;, \u00e4r f\u00f6rst ut n\u00e4r Parkteatern i \u00e5r firar 69 \u00e5r. Premi\u00e4ren sker i Vitabergsparken 3 juni.<br \/>\nP\u00e5 onsdagsf\u00f6rmiddagen var press inbjuden till Gal\u00e4rparken p\u00e5 Djurg\u00e5rden f\u00f6r att f\u00e5 smakprov ur sommarens program. Sommarprogrammet best\u00e5r av 108 f\u00f6rest\u00e4llningar och alla tider kan f\u00f6r dem kan du se h\u00e4r, <a href=\"http:\/\/www.stadsteatern.stockholm.se\/index.asp\">p\u00e5 Stadsteaterns hemsida.<\/a><\/p>\n<p>Sommaren med Parkteatern b\u00f6rjar med en teaterf\u00f6rest\u00e4llning och den avslutas ocks\u00e5 med en teaterf\u00f6rest\u00e4llning, den 28 augusti p\u00e5 Vitabergsparken med &#8221;De r\u00f6da skorna&#8221; som blivit utsedd till en av \u00e5rets b\u00e4sta f\u00f6rest\u00e4llningar 2010.<\/p>\n<p>D\u00e4remellan kommer det att spelas musik och teater och dansas b\u00e5de balett och streetdance i ett mycket blandat program. Popaganda, som ligger bakom musikfestivalen p\u00e5 Erikdalsbadet ska samarbete med Parkteatern och arrangerar en endagarsfestival Under Eken i Gal\u00e4rparken den 23 juli.<\/p>\n<p>Andra artister som kommer att upptr\u00e4da hos Parkteatern i sommar \u00e4r Emil Jensen, Frida Hyv\u00f6nen och Jonas Gardell.<\/p>\n<p><a href=\"http:\/\/teatermagasinet.se\/?p=2162\">I Teatermagasinet har jag ber\u00e4ttat om \u00e4nnu fler programpunkter.<\/a><\/p>\n<p>Foto: Calle Andersson<\/p>\n<p>L\u00e4s \u00e4ven andra bloggares \u00e5sikter om <a href=\"http:\/\/bloggar.se\/om\/Parkteatern\" rel=\"tag\">Parkteatern<\/a><\/p>\n","protected":false},"excerpt":{"rendered":"<p>En pj\u00e4s av Brecht, &#8221;Br\u00f6llopet&#8221;, \u00e4r f\u00f6rst ut n\u00e4r Parkteatern i \u00e5r firar 69 \u00e5r. Premi\u00e4ren sker i Vitabergsparken 3 juni. P\u00e5 onsdagsf\u00f6rmiddagen var press inbjuden till Gal\u00e4rparken p\u00e5 Djurg\u00e5rden f\u00f6r att f\u00e5 smakprov ur sommarens program. Sommarprogrammet best\u00e5r av 108 f\u00f6rest\u00e4llningar och alla tider kan f\u00f6r dem kan du se h\u00e4r, p\u00e5 Stadsteaterns hemsida. [&hellip;]<\/p>\n","protected":false},"author":2,"featured_media":0,"comment_status":"open","ping_status":"open","sticky":false,"template":"","format":"standard","meta":{"_genesis_hide_title":false,"_genesis_hide_breadcrumbs":false,"_genesis_hide_singular_image":false,"_genesis_hide_footer_widgets":false,"_genesis_custom_body_class":"","_genesis_custom_post_class":"","_genesis_layout":"","footnotes":""},"categories":[20],"tags":[4262],"class_list":{"0":"post-35868","1":"post","2":"type-post","3":"status-publish","4":"format-standard","6":"category-film","7":"tag-parkteatern","8":"entry"},"_links":{"self":[{"href":"https:\/\/kulturbloggen.com\/index.php?rest_route=\/wp\/v2\/posts\/35868","targetHints":{"allow":["GET"]}}],"collection":[{"href":"https:\/\/kulturbloggen.com\/index.php?rest_route=\/wp\/v2\/posts"}],"about":[{"href":"https:\/\/kulturbloggen.com\/index.php?rest_route=\/wp\/v2\/types\/post"}],"author":[{"embeddable":true,"href":"https:\/\/kulturbloggen.com\/index.php?rest_route=\/wp\/v2\/users\/2"}],"replies":[{"embeddable":true,"href":"https:\/\/kulturbloggen.com\/index.php?rest_route=%2Fwp%2Fv2%2Fcomments&post=35868"}],"version-history":[{"count":0,"href":"https:\/\/kulturbloggen.com\/index.php?rest_route=\/wp\/v2\/posts\/35868\/revisions"}],"wp:attachment":[{"href":"https:\/\/kulturbloggen.com\/index.php?rest_route=%2Fwp%2Fv2%2Fmedia&parent=35868"}],"wp:term":[{"taxonomy":"category","embeddable":true,"href":"https:\/\/kulturbloggen.com\/index.php?rest_route=%2Fwp%2Fv2%2Fcategories&post=35868"},{"taxonomy":"post_tag","embeddable":true,"href":"https:\/\/kulturbloggen.com\/index.php?rest_route=%2Fwp%2Fv2%2Ftags&post=35868"}],"curies":[{"name":"wp","href":"https:\/\/api.w.org\/{rel}","templated":true}]}}