{"id":35625,"date":"2011-05-12T16:01:59","date_gmt":"2011-05-12T14:01:59","guid":{"rendered":"http:\/\/kulturbloggen.com\/?p=35625"},"modified":"2011-05-12T16:01:59","modified_gmt":"2011-05-12T14:01:59","slug":"bilder-fran-festen-till-almstridens-minne","status":"publish","type":"post","link":"https:\/\/kulturbloggen.com\/?p=35625","title":{"rendered":"Bilder fr\u00e5n festen till almstridens minne"},"content":{"rendered":"<p><a href=\"http:\/\/kulturbloggen.com\/wp-content\/uploads\/2011\/05\/almstriden1.jpg\"><img loading=\"lazy\" decoding=\"async\" src=\"http:\/\/kulturbloggen.com\/wp-content\/uploads\/2011\/05\/almstriden1-300x200.jpg\" alt=\"\" title=\"almstriden1\" width=\"300\" height=\"200\" class=\"aligncenter size-medium wp-image-35626\" \/><\/a><\/p>\n<p>Det var fyrtio \u00e5r sedan folket sade nej till att hugga ned almarna i Kungstr\u00e4dg\u00e5rden i Stockholm. Det firades med massor av aktiviteter p\u00e5 Kungsan den 11 maj. Kulturbloggens Calle Andersson har tagit n\u00e5gra bilder fr\u00e5n firandet.<br \/>\n<a href=\"http:\/\/kulturbloggen.com\/wp-content\/uploads\/2011\/05\/almstriden6.jpg\"><img loading=\"lazy\" decoding=\"async\" src=\"http:\/\/kulturbloggen.com\/wp-content\/uploads\/2011\/05\/almstriden6-300x200.jpg\" alt=\"\" title=\"almstriden6\" width=\"300\" height=\"200\" class=\"aligncenter size-medium wp-image-35627\" \/><\/a><br \/>\n<a href=\"http:\/\/kulturbloggen.com\/wp-content\/uploads\/2011\/05\/almstriden5.jpg\"><img loading=\"lazy\" decoding=\"async\" src=\"http:\/\/kulturbloggen.com\/wp-content\/uploads\/2011\/05\/almstriden5-300x200.jpg\" alt=\"\" title=\"almstriden5\" width=\"300\" height=\"200\" class=\"aligncenter size-medium wp-image-35628\" \/><\/a><br \/>\n<a href=\"http:\/\/kulturbloggen.com\/wp-content\/uploads\/2011\/05\/almstriden4.jpg\"><img loading=\"lazy\" decoding=\"async\" src=\"http:\/\/kulturbloggen.com\/wp-content\/uploads\/2011\/05\/almstriden4-300x200.jpg\" alt=\"\" title=\"almstriden4\" width=\"300\" height=\"200\" class=\"aligncenter size-medium wp-image-35629\" \/><\/a><br \/>\n<a href=\"http:\/\/kulturbloggen.com\/wp-content\/uploads\/2011\/05\/almstriden3.jpg\"><img loading=\"lazy\" decoding=\"async\" src=\"http:\/\/kulturbloggen.com\/wp-content\/uploads\/2011\/05\/almstriden3-300x200.jpg\" alt=\"\" title=\"almstriden3\" width=\"300\" height=\"200\" class=\"aligncenter size-medium wp-image-35630\" \/><\/a><br \/>\n<a href=\"http:\/\/kulturbloggen.com\/wp-content\/uploads\/2011\/05\/almstriden2.jpg\"><img loading=\"lazy\" decoding=\"async\" src=\"http:\/\/kulturbloggen.com\/wp-content\/uploads\/2011\/05\/almstriden2-300x200.jpg\" alt=\"\" title=\"almstriden2\" width=\"300\" height=\"200\" class=\"aligncenter size-medium wp-image-35631\" \/><\/a><\/p>\n<p>L\u00e4s \u00e4ven andra bloggares \u00e5sikter om <a href=\"http:\/\/bloggar.se\/om\/Almstriden\" rel=\"tag\">Almstriden<\/a>, <a href=\"http:\/\/bloggar.se\/om\/Kungstr%E4dg%E5rden\" rel=\"tag\">Kungstr\u00e4dg\u00e5rden<\/a><\/p>\n","protected":false},"excerpt":{"rendered":"<p>Det var fyrtio \u00e5r sedan folket sade nej till att hugga ned almarna i Kungstr\u00e4dg\u00e5rden i Stockholm. Det firades med massor av aktiviteter p\u00e5 Kungsan den 11 maj. Kulturbloggens Calle Andersson har tagit n\u00e5gra bilder fr\u00e5n firandet. L\u00e4s \u00e4ven andra bloggares \u00e5sikter om Almstriden, Kungstr\u00e4dg\u00e5rden<\/p>\n","protected":false},"author":13,"featured_media":0,"comment_status":"open","ping_status":"open","sticky":false,"template":"","format":"standard","meta":{"_genesis_hide_title":false,"_genesis_hide_breadcrumbs":false,"_genesis_hide_singular_image":false,"_genesis_hide_footer_widgets":false,"_genesis_custom_body_class":"","_genesis_custom_post_class":"","_genesis_layout":"","footnotes":""},"categories":[62],"tags":[229,3145],"class_list":{"0":"post-35625","1":"post","2":"type-post","3":"status-publish","4":"format-standard","6":"category-medie-och-kulturpolitik","7":"tag-almstriden","8":"tag-kungstradgarden","9":"entry"},"_links":{"self":[{"href":"https:\/\/kulturbloggen.com\/index.php?rest_route=\/wp\/v2\/posts\/35625","targetHints":{"allow":["GET"]}}],"collection":[{"href":"https:\/\/kulturbloggen.com\/index.php?rest_route=\/wp\/v2\/posts"}],"about":[{"href":"https:\/\/kulturbloggen.com\/index.php?rest_route=\/wp\/v2\/types\/post"}],"author":[{"embeddable":true,"href":"https:\/\/kulturbloggen.com\/index.php?rest_route=\/wp\/v2\/users\/13"}],"replies":[{"embeddable":true,"href":"https:\/\/kulturbloggen.com\/index.php?rest_route=%2Fwp%2Fv2%2Fcomments&post=35625"}],"version-history":[{"count":0,"href":"https:\/\/kulturbloggen.com\/index.php?rest_route=\/wp\/v2\/posts\/35625\/revisions"}],"wp:attachment":[{"href":"https:\/\/kulturbloggen.com\/index.php?rest_route=%2Fwp%2Fv2%2Fmedia&parent=35625"}],"wp:term":[{"taxonomy":"category","embeddable":true,"href":"https:\/\/kulturbloggen.com\/index.php?rest_route=%2Fwp%2Fv2%2Fcategories&post=35625"},{"taxonomy":"post_tag","embeddable":true,"href":"https:\/\/kulturbloggen.com\/index.php?rest_route=%2Fwp%2Fv2%2Ftags&post=35625"}],"curies":[{"name":"wp","href":"https:\/\/api.w.org\/{rel}","templated":true}]}}