{"id":35613,"date":"2011-05-12T15:50:51","date_gmt":"2011-05-12T13:50:51","guid":{"rendered":"http:\/\/kulturbloggen.com\/?p=35613"},"modified":"2011-05-12T15:50:51","modified_gmt":"2011-05-12T13:50:51","slug":"agnes-mercedes","status":"publish","type":"post","link":"https:\/\/kulturbloggen.com\/?p=35613","title":{"rendered":"Agnes Mercedes &#8211; intervju och bilder"},"content":{"rendered":"<p><a href=\"http:\/\/kulturbloggen.com\/wp-content\/uploads\/2011\/05\/agnes1.jpg\"><img loading=\"lazy\" decoding=\"async\" src=\"http:\/\/kulturbloggen.com\/wp-content\/uploads\/2011\/05\/agnes1-300x200.jpg\" alt=\"\" title=\"agnes1\" width=\"300\" height=\"200\" class=\"aligncenter size-medium wp-image-35614\" \/><\/a><\/p>\n<p>Agnes Mercedes \u00e4r en mycket intressant musik och artist. Hon gav en konsert p\u00e5 Debaser nu i veckan och Kulturbloggen gick en intervju med henne.<\/p>\n<p><strong>Vad \u00e4r musik f\u00f6r dig?<\/strong><br \/>\nDet \u00e4r helt fantastiskt att det finns s\u00e5 mycket toner och rytmer i tillvaron tycker jag;<br \/>\nMusik kan vara den dans ett g\u00e4ng kockar g\u00f6r p\u00e5 sin restaurang, bland alla vispande och kokande ljud som ramar in deras rytmiska runtfarande i k\u00f6ket..<br \/>\nEller den fina melodin som utspelar sig hemma hos en gammal dam, n\u00e4r hon vaknar upp tidigt och sedan lunkar runt runt i sin morgonrytm bland droppande vattenkannor och prasslande morgontidningar.. Ja, musiken kan ju f\u00f6rmedla k\u00e4nslorna i livet p\u00e5 ett fantastiskt s\u00e4tt, och det \u00e4r jag s\u00e5 himla tacksam f\u00f6r!   <\/p>\n<p><strong>Din musik kr\u00e4ver att man lyssnar och tar sig tid, det \u00e4r inte direkt skvalmusik som passar i hissar. S\u00e5 jag undrar: vad \u00e4r din tanke med att skapa musik?<\/strong><br \/>\nDet \u00e4r inte n\u00e5got jag styrt in p\u00e5 av en s\u00e4rskild anledning, utan snarare n\u00e5got som trycker p\u00e5 inifr\u00e5n! Jag tolkar helt enkelt alla signaler, ledtr\u00e5dar och direktiv jag f\u00e5r och kastar dem ut i verkligheten. Just nu har mitt forskande detektivarbete tagit sig i uttryck p\u00e5 det s\u00e4tt du h\u00f6r p\u00e5 skivan. Detta \u00e4r helt enkelt ett redskap f\u00f6r mig att sortera erfarenheter och upplevelser i livet, rama in k\u00e4rnorna i tillvaron och f\u00e5 en klar syn \u00f6ver de arketyper som finns i v\u00e4rlden. Sedan har jag inget emot att skr\u00e4mma fram v\u00e4sentliga pusselbitar hos dem som tryckt ner viktiga sidor hos sig sj\u00e4lva \u00e4nda ner i skosulorna&#8230;<\/p>\n<p><a href=\"http:\/\/kulturbloggen.com\/wp-content\/uploads\/2011\/05\/agnes2.jpg\"><img loading=\"lazy\" decoding=\"async\" src=\"http:\/\/kulturbloggen.com\/wp-content\/uploads\/2011\/05\/agnes2-300x200.jpg\" alt=\"\" title=\"agnes2\" width=\"300\" height=\"200\" class=\"alignright size-medium wp-image-35615\" \/><\/a>Hur jobbar du n\u00e4r du g\u00f6r din musik?<br \/>\nM\u00e5ste s\u00e4ga att det g\u00e5r v\u00e4ldigt strategiskt och metodiskt till. Under vissa best\u00e4mda tider o.s.v. N\u00e4r jag har ramat in mig sj\u00e4lv,  kan sedan allting h\u00e4nda. Jag styr processen och ser till att den f\u00e5r sitt utrymme, men sj\u00e4lva l\u00e5tarna har sitt eget liv, sina egna karakt\u00e4rer. P\u00e5 ett s\u00e4tt \u00e4r jag underordnad dem, och k\u00e4nner mig egentligen mest som en diktare som l\u00e5ter dem f\u00e5 de utrymme de kr\u00e4ver i verkligheten.<\/p>\n<p><strong>Du ska g\u00f6ra musik till n\u00e5gra dokument\u00e4rer. Vad \u00e4r det f\u00f6r dokument\u00e4rer?<\/strong><br \/>\nVet inte hur mycket jag kan s\u00e4ga om detta i f\u00f6rv\u00e4g, men jag jobbar ju snarare med illustrerande musik som ropar och hoppar och vill f\u00e5 lyssnare att transformeras till en insekt med skarp h\u00f6rsel.. Snarare \u00e4n att ligga i bakgrunden likt en makeup som inte ska synas, vilket man ofta v\u00e4ntas g\u00f6ra som musiker i filmsammanhang. Liselotte Wajstedt \u00e4r en filmskapare som har k\u00e4nsla f\u00f6r detta! Vi har hittat varandra i v\u00e5rat gemensamma intresse, och jobbar i dagsl\u00e4get bl.a med hennes animerade dokument\u00e4r om Kiruna -staden som skall ut och resa till en annan destination&#8230; <\/p>\n<p><strong>Har du n\u00e5gra musikaliska inspirat\u00f6rer?<\/strong><br \/>\nJa, absolut! F\u00f6rst och fr\u00e4mst alla halv-trasiga radioapparater jag hittat p\u00e5 olika uppt\u00e4cktsf\u00e4rder, som spelar flera kanaler samtidigt och g\u00f6r egna remixer till mina frukostmackor p\u00e5 ett alldeles sprakande, magnifikt vis! Egentligen alla ljud som swischar in i \u00f6ronen fr\u00e5n omgivningens symfoni. N\u00e4r det g\u00e4ller artister tycker jag bl.a om en hel del musiker som \u00e4r samtida med mig; Matthew Herbert, Micachu och Nurses t.e.x&#8230; <\/p>\n<p><strong>Du sjunger p\u00e5 ett uppdiktat spr\u00e5k. Hur har du skapat det? \u00c4r det n\u00e5gon mer \u00e4n du som kan f\u00f6rst\u00e5 det spr\u00e5ket?<\/strong><br \/>\nDet \u00e4r samma sak d\u00e4r som n\u00e4r det g\u00e4ller orsaken till mitt skapande; Sprak spr\u00e5ket \u00e4r n\u00e5got som pockar p\u00e5 &#8230; Jag har verkligen f\u00f6rs\u00f6kt skriva texter rakt upp och ner, men n\u00e4r de kommer in i duellen med det melodiska uttrycket finns det ingen annan utv\u00e4g f\u00f6r mig \u00e4n att&#8230; skriva p\u00e5 detta mitt eget spr\u00e5k. Vilket \u00e4r lika organiskt som de flesta andra spr\u00e5k &#8230; Nya ord och uttryck v\u00e4xer fram i takt med att en f\u00f6reteelse kr\u00e4ver en t\u00e4nkv\u00e4rd beskrivning.. Ja, och s\u00e5 sitter jag d\u00e4r med pennan och ser till att det blir verklighet helt enkelt.<br \/>\nM\u00e5nga g\u00e5nger har jag till min f\u00f6rv\u00e5ning uppt\u00e4ckt att publiken faktiskt f\u00f6rst\u00e5r mig b\u00e4ttre p\u00e5 detta s\u00e4tt, \u00e4n mina n\u00e4ra och k\u00e4ra kan g\u00f6ra n\u00e4r jag talar svenska.<\/p>\n<p><strong>Du har bott i vildmarken. Hur?<\/strong><br \/>\nInte permanent, men fr\u00e5n och till med olika grupper av m\u00e4nniskor jag s\u00f6kt upp i alla m\u00f6jliga sammanhang. Ett tag bodde jag i en fantastiskt fin cirkusvagn, fr\u00e5n en romsk gammal cirkus. Men har \u00e4ven huserat i sm\u00e5 jordkojor och direkt under bar himmel, tillsammans med folk och f\u00e4 som r\u00f6r sig i den v\u00e4rlden..   <\/p>\n<p>Har det p\u00e5verkat din musik?<br \/>\nAbsolut, naturen har ju en f\u00f6rm\u00e5ga att v\u00e4gleda, klappa en p\u00e5 huvudet eller skr\u00e4mma, om det beh\u00f6vs! N\u00e4r man kommer n\u00e4ra,  och n\u00e4stintill bos\u00e4tter sig i en vattendroppe p\u00e5 en finfin liten daggk\u00e5pa f\u00e5r man bem\u00f6ta alla dessa sidor med en intimitet som f\u00f6rskr\u00e4cker och v\u00e4cker liv p\u00e5 ett s\u00e4tt som verkligen k\u00e4nns. D\u00e4r har jag f\u00e5tt s\u00e5 klara kartor \u00f6ver hur saker och ting h\u00e4nger ihop,<br \/>\nmen samtidigt skarpa p\u00e5minnelser om att jag \u00e4r just en m\u00e4nniska, med alla de tillg\u00e5ngar och begr\u00e4nsningar det m\u00e5ste inneb\u00e4ra i relation till naturen och alla sm\u00e5 varelser som lever i v\u00e4rlden. Kartor som utg\u00f6r skelettet i mina l\u00e5tar.<\/p>\n<p><strong>Hur viktig \u00e4r naturen f\u00f6r dig och f\u00f6r m\u00e4nskligheten?<\/strong><br \/>\nOm man v\u00e5gar lyssna p\u00e5 naturens spr\u00e5k, \u00e4r det v\u00e4ldigt sv\u00e5rt att v\u00e4rja sig mot svaret..  <\/p>\n<p><strong>Vad g\u00f6r du privat? Lever du p\u00e5 musiken eller har du n\u00e5got annat jobb? Har du familj?<br \/>\nHur gammal \u00e4r du?<\/strong><br \/>\nJag lever p\u00e5 detta ekonomiskt, sedan f\u00e5r jag faktiskt mycket av min mat fr\u00e5n skogen. Finns s\u00e5 mycket delikata n\u00f6tter och r\u00f6tter som jag vill ta vara p\u00e5, f\u00f6rutom de som \u00e4r d\u00f6dligt giftiga f\u00f6rst\u00e5s. Denna st\u00e4ndiga dubbelhet&#8230;<br \/>\nFamiljen= mamma-Susanna Einerstam, pappa-Anton Karis, syskonen Marta och Emerik.   F\u00f6dd 1987, fyllde precis 24. <\/p>\n<p><strong>Jag s\u00e5g p\u00e5 ditt album: Music &#038; Lyrics: Agnes Einerstam Karis \u00c4r Agnes Mercedes ditt artistnamn, i s\u00e5 fall?<br \/>\nVarf\u00f6r har du tagit det namnet, undrar jag, om det \u00e4r s\u00e5.<\/strong><br \/>\nMitt fullst\u00e4ndiga namn som jag \u00e4r d\u00f6pt till \u00e4r Agnes Edda Anna Mercedes Einerstam Karis.<br \/>\nMercedes \u00e4r en del av mig. En del jag varken kan eller vill vara i, hela tiden, men som \u00e4nd\u00e5 \u00e4r otroligt viktig f\u00f6r att jag skall fungera!<br \/>\nAgnes \u00e4r min mer verklighets-baserade och kompromissande del, som har st\u00f6rre utrymme men \u00e4nd\u00e5 hela tiden samarbetar med Mercedes p\u00e5 ett direkt s\u00e4tt. Speciellt d\u00e5 jag skapar och framf\u00f6r min musik.<\/p>\n<p>Foto: Calle Andersson<br \/>\n<a href=\"http:\/\/kulturbloggen.com\/wp-content\/uploads\/2011\/05\/agnes4.jpg\"><img loading=\"lazy\" decoding=\"async\" src=\"http:\/\/kulturbloggen.com\/wp-content\/uploads\/2011\/05\/agnes4-300x200.jpg\" alt=\"\" title=\"agnes4\" width=\"300\" height=\"200\" class=\"aligncenter size-medium wp-image-35618\" \/><\/a><br \/>\n<a href=\"http:\/\/kulturbloggen.com\/wp-content\/uploads\/2011\/05\/agnesmercedes.jpg\"><img loading=\"lazy\" decoding=\"async\" src=\"http:\/\/kulturbloggen.com\/wp-content\/uploads\/2011\/05\/agnesmercedes-300x200.jpg\" alt=\"\" title=\"agnesmercedes\" width=\"300\" height=\"200\" class=\"aligncenter size-medium wp-image-35620\" \/><\/a><br \/>\n<a href=\"http:\/\/kulturbloggen.com\/wp-content\/uploads\/2011\/05\/mercedes.jpg\"><img loading=\"lazy\" decoding=\"async\" src=\"http:\/\/kulturbloggen.com\/wp-content\/uploads\/2011\/05\/mercedes-300x200.jpg\" alt=\"\" title=\"mercedes\" width=\"300\" height=\"200\" class=\"aligncenter size-medium wp-image-35622\" \/><\/a><br \/>\n<a href=\"http:\/\/kulturbloggen.com\/wp-content\/uploads\/2011\/05\/am.jpg\"><img loading=\"lazy\" decoding=\"async\" src=\"http:\/\/kulturbloggen.com\/wp-content\/uploads\/2011\/05\/am-200x300.jpg\" alt=\"\" title=\"am\" width=\"200\" height=\"300\" class=\"aligncenter size-medium wp-image-35623\" \/><\/a><\/p>\n<p>L\u00e4s \u00e4ven andra bloggares \u00e5sikter om <a href=\"http:\/\/bloggar.se\/om\/Agnes+Mercedes\" rel=\"tag\">Agnes Mercedes<\/a>, <a href=\"http:\/\/bloggar.se\/om\/intervju\" rel=\"tag\">intervju<\/a>, <a href=\"http:\/\/bloggar.se\/om\/konstmusik\" rel=\"tag\">konstmusik<\/a><\/p>\n","protected":false},"excerpt":{"rendered":"<p>Agnes Mercedes \u00e4r en mycket intressant musik och artist. Hon gav en konsert p\u00e5 Debaser nu i veckan och Kulturbloggen gick en intervju med henne. Vad \u00e4r musik f\u00f6r dig? Det \u00e4r helt fantastiskt att det finns s\u00e5 mycket toner och rytmer i tillvaron tycker jag; Musik kan vara den dans ett g\u00e4ng kockar g\u00f6r [&hellip;]<\/p>\n","protected":false},"author":2,"featured_media":0,"comment_status":"open","ping_status":"open","sticky":false,"template":"","format":"standard","meta":{"_genesis_hide_title":false,"_genesis_hide_breadcrumbs":false,"_genesis_hide_singular_image":false,"_genesis_hide_footer_widgets":false,"_genesis_custom_body_class":"","_genesis_custom_post_class":"","_genesis_layout":"","footnotes":""},"categories":[5],"tags":[164,12281,3014],"class_list":{"0":"post-35613","1":"post","2":"type-post","3":"status-publish","4":"format-standard","6":"category-intervju","7":"tag-agnes-mercedes","8":"tag-intervju","9":"tag-konstmusik","10":"entry"},"_links":{"self":[{"href":"https:\/\/kulturbloggen.com\/index.php?rest_route=\/wp\/v2\/posts\/35613","targetHints":{"allow":["GET"]}}],"collection":[{"href":"https:\/\/kulturbloggen.com\/index.php?rest_route=\/wp\/v2\/posts"}],"about":[{"href":"https:\/\/kulturbloggen.com\/index.php?rest_route=\/wp\/v2\/types\/post"}],"author":[{"embeddable":true,"href":"https:\/\/kulturbloggen.com\/index.php?rest_route=\/wp\/v2\/users\/2"}],"replies":[{"embeddable":true,"href":"https:\/\/kulturbloggen.com\/index.php?rest_route=%2Fwp%2Fv2%2Fcomments&post=35613"}],"version-history":[{"count":0,"href":"https:\/\/kulturbloggen.com\/index.php?rest_route=\/wp\/v2\/posts\/35613\/revisions"}],"wp:attachment":[{"href":"https:\/\/kulturbloggen.com\/index.php?rest_route=%2Fwp%2Fv2%2Fmedia&parent=35613"}],"wp:term":[{"taxonomy":"category","embeddable":true,"href":"https:\/\/kulturbloggen.com\/index.php?rest_route=%2Fwp%2Fv2%2Fcategories&post=35613"},{"taxonomy":"post_tag","embeddable":true,"href":"https:\/\/kulturbloggen.com\/index.php?rest_route=%2Fwp%2Fv2%2Ftags&post=35613"}],"curies":[{"name":"wp","href":"https:\/\/api.w.org\/{rel}","templated":true}]}}