{"id":35533,"date":"2011-05-11T14:26:01","date_gmt":"2011-05-11T12:26:01","guid":{"rendered":"http:\/\/kulturbloggen.com\/?p=35533"},"modified":"2011-05-11T14:26:01","modified_gmt":"2011-05-11T12:26:01","slug":"nationalteaterns-rockorkester-gor-exklusiv-konsert-pa-sodra-teatern-25-augusti","status":"publish","type":"post","link":"https:\/\/kulturbloggen.com\/?p=35533","title":{"rendered":"Nationalteaterns Rockorkester g\u00f6r exklusiv konsert p\u00e5 S\u00f6dra Teatern 25 augusti"},"content":{"rendered":"<p><a href=\"http:\/\/kulturbloggen.com\/wp-content\/uploads\/2011\/05\/Sk\u00e4rmavbild-2011-05-11-kl.-14.23.59.png\"><img loading=\"lazy\" decoding=\"async\" src=\"http:\/\/kulturbloggen.com\/wp-content\/uploads\/2011\/05\/Sk\u00e4rmavbild-2011-05-11-kl.-14.23.59-300x187.png\" alt=\"\" title=\"Sk\u00e4rmavbild 2011-05-11 kl. 14.23.59\" width=\"300\" height=\"187\" class=\"aligncenter size-medium wp-image-35534\" \/><\/a><br \/>\n<a href=\"http:\/\/www.nationalteatern.nu\/rock\/\">Nationalteaterns Rockorkester<\/a> kommer till Stockholm f\u00f6r en exklusiv konsert den 25 augusti p\u00e5 <a href=\"http:\/\/www.sodrateatern.se\">S\u00f6dra Teaterns scen Terrassen<\/a>. ber\u00e4ttar ett pressmeddelande:<\/p>\n<blockquote><p>Denna orkester \u00e4r fr\u00e5n b\u00f6rjan sprungen ur teatergruppen med samma namn. Med andra ord talar vi om legender och ikoner i svensk musikhistoria. Livet \u00e4r en fest, B\u00e4ngen tr\u00e5lar och Barn av v\u00e5r tid \u00e4r l\u00e5tar som alla svenskar diggat till p\u00e5 fritidsg\u00e5rden, i gillestugan och p\u00e5 v\u00e5ra konserter!<br \/>\nS\u00e5h\u00e4r beskriver de kv\u00e4llen:<br \/>\nVi kan utlova en grym konsert med en rockorkester som \u00e4r \u201dp\u00e5 riktigt\u201d!<br \/>\nBandet best\u00e5r av Ulf Dageby, Nikke Str\u00f6m, H\u00e5kan Nyberg, Mattias Hellberg och H\u00e5kan Svensson.\n<\/p><\/blockquote>\n<p>L\u00e4s \u00e4ven andra bloggares \u00e5sikter om <a href=\"http:\/\/bloggar.se\/om\/Nationalteaterns+Rockorkester\" rel=\"tag\">Nationalteaterns Rockorkester<\/a>, <a href=\"http:\/\/bloggar.se\/om\/S%F6dra+teatern\" rel=\"tag\">S\u00f6dra teatern<\/a><\/p>\n","protected":false},"excerpt":{"rendered":"<p>Nationalteaterns Rockorkester kommer till Stockholm f\u00f6r en exklusiv konsert den 25 augusti p\u00e5 S\u00f6dra Teaterns scen Terrassen. ber\u00e4ttar ett pressmeddelande: Denna orkester \u00e4r fr\u00e5n b\u00f6rjan sprungen ur teatergruppen med samma namn. Med andra ord talar vi om legender och ikoner i svensk musikhistoria. Livet \u00e4r en fest, B\u00e4ngen tr\u00e5lar och Barn av v\u00e5r tid \u00e4r [&hellip;]<\/p>\n","protected":false},"author":13,"featured_media":0,"comment_status":"open","ping_status":"open","sticky":false,"template":"","format":"standard","meta":{"_genesis_hide_title":false,"_genesis_hide_breadcrumbs":false,"_genesis_hide_singular_image":false,"_genesis_hide_footer_widgets":false,"_genesis_custom_body_class":"","_genesis_custom_post_class":"","_genesis_layout":"","footnotes":""},"categories":[7],"tags":[3930,5598],"class_list":{"0":"post-35533","1":"post","2":"type-post","3":"status-publish","4":"format-standard","6":"category-musik","7":"tag-nationalteaterns-rockorkester","8":"tag-sodra-teatern","9":"entry"},"_links":{"self":[{"href":"https:\/\/kulturbloggen.com\/index.php?rest_route=\/wp\/v2\/posts\/35533","targetHints":{"allow":["GET"]}}],"collection":[{"href":"https:\/\/kulturbloggen.com\/index.php?rest_route=\/wp\/v2\/posts"}],"about":[{"href":"https:\/\/kulturbloggen.com\/index.php?rest_route=\/wp\/v2\/types\/post"}],"author":[{"embeddable":true,"href":"https:\/\/kulturbloggen.com\/index.php?rest_route=\/wp\/v2\/users\/13"}],"replies":[{"embeddable":true,"href":"https:\/\/kulturbloggen.com\/index.php?rest_route=%2Fwp%2Fv2%2Fcomments&post=35533"}],"version-history":[{"count":0,"href":"https:\/\/kulturbloggen.com\/index.php?rest_route=\/wp\/v2\/posts\/35533\/revisions"}],"wp:attachment":[{"href":"https:\/\/kulturbloggen.com\/index.php?rest_route=%2Fwp%2Fv2%2Fmedia&parent=35533"}],"wp:term":[{"taxonomy":"category","embeddable":true,"href":"https:\/\/kulturbloggen.com\/index.php?rest_route=%2Fwp%2Fv2%2Fcategories&post=35533"},{"taxonomy":"post_tag","embeddable":true,"href":"https:\/\/kulturbloggen.com\/index.php?rest_route=%2Fwp%2Fv2%2Ftags&post=35533"}],"curies":[{"name":"wp","href":"https:\/\/api.w.org\/{rel}","templated":true}]}}