{"id":35481,"date":"2011-05-10T15:38:08","date_gmt":"2011-05-10T13:38:08","guid":{"rendered":"http:\/\/kulturbloggen.com\/?p=35481"},"modified":"2011-05-10T15:38:08","modified_gmt":"2011-05-10T13:38:08","slug":"nu-ska-vi-fira-minnet-av-kampen-om-almarna-har-ar-programmet","status":"publish","type":"post","link":"https:\/\/kulturbloggen.com\/?p=35481","title":{"rendered":"Nu ska vi fira minnet av kampen om almarna, h\u00e4r \u00e4r programmet"},"content":{"rendered":"<p><a href=\"http:\/\/kulturbloggen.com\/wp-content\/uploads\/2011\/05\/Sk\u00e4rmavbild-2011-05-10-kl.-15.36.47.png\"><img loading=\"lazy\" decoding=\"async\" src=\"http:\/\/kulturbloggen.com\/wp-content\/uploads\/2011\/05\/Sk\u00e4rmavbild-2011-05-10-kl.-15.36.47-300x187.png\" alt=\"\" title=\"Sk\u00e4rmavbild 2011-05-10 kl. 15.36.47\" width=\"300\" height=\"187\" class=\"aligncenter size-medium wp-image-35482\" \/><\/a><\/p>\n<p>1 maj i str\u00e5lande sol, hoppas vi samla vi igen kring almarna i Kungstr\u00e4dg\u00e5rden. De mer \u00e4n 100 \u00e5r gamla tr\u00e4den som Stockholms befolkning s\u00e5 k\u00e4rleksfullt k\u00e4mpade f\u00f6r att r\u00e4dda, f\u00f6r 40 \u00e5r sedan. Det var en tid d\u00e5 Stockholm skulle f\u00f6rnyas, tunnelbanan tr\u00e4nga bort tr\u00e4den och tehuset, d\u00e5 Klarakvarteren bit f\u00f6r bit utsattes f\u00f6r gr\u00e4vskoporna och blev tummelplats f\u00f6r moderna hus i glas och betong. N\u00e4r Almarna skulle r\u00f6na samma utveckling, satte sig milj\u00f6medvetena stockholmare p\u00e5 tv\u00e4ren&#8230;.nu f\u00e5r det vara nog.<\/p>\n<p>Nog blev det, de kom fr\u00e5n alla h\u00e5ll. Anarkister, milj\u00f6aktivister, politiska grupperingar, andra som bara ville vara med. Telefonledningarna i STockholm gick r\u00f6da, flygblad \u00f6verh\u00f6ljde stockholms gator och torg, ja ropen h\u00f6rde \u00e4nda in i salongerna p\u00e5 \u00d6stermalm. Evert o Astrid Taube skrev brev till Stockholms Stad. Vi var d\u00e4r flera tusen av stockholms befolkning i alla \u00e5ldrar, kl\u00e4ngande, h\u00e4ngande och k\u00e4mpande mot polis och ordningsmakt. Vi slogs mot politikerna i Stadshuset och Regeringen som fattat besluten. Vi fick de ditkallade tr\u00e4df\u00e4llarna att backa och g\u00e5 hem. Vi vann en seger \u00f6ver makten och politikens felaktiga beslut.<\/p>\n<p>Det hade aldrig lyckats om inte vi varit vi alla tillsammans i en tid d\u00e5 det fortfarande fanns kamp f\u00f6r gemensamma intressen och solidaritet var ett begrepp som omfamnade m\u00e5nga av oss.<\/p>\n<p>I dag st\u00e5r de d\u00e4r Almarna och skuggar Tehuset, vars verksamhet kunde varit ett minne blott och nu m\u00f6ts vi igen. F\u00f6r att fira vinsten och inte minst f\u00f6r att visa att n\u00e4r folket g\u00e5r samman kan inte ens en riksdag s\u00e4tta sig emot. Jag saknar den inst\u00e4llningen idag. Idag \u00e4r vi oss sj\u00e4lv nog. Milj\u00f6 och gemensamma v\u00e4rden har lite betydelse i ett samh\u00e4lle d\u00e4r alla gjorts till glada konsumenter och pl\u00e5nbokst\u00e4nkare. Jag vet att om Almarna skulle st\u00e5 inf\u00f6r samma situation idag, som d\u00e5, skulle inte m\u00e5nga orka ner och ta n\u00e5gon strid.<\/p>\n<p>Men gl\u00f6m det nu, den 11 maj firar vi med om inte pukor och trumeter s\u00e5 \u00e5tminstone med artister fr\u00e5n d\u00e5 och nu. Pierre Str\u00f6m, Anders Linder, Monica Dominiqe, Roland Von Malmborg, Jan Hammarlund, och naturligtvis Ville och Valle o Viktor.  Nya artister finns med en del f\u00f6dda l\u00e5ngt senare, vad s\u00e4gs om Sanna Carlstedt, Billey Shamrock, Samuel Trygger, Sofie Bj\u00f6rck, Joakim Zvalen o Kompaniet, Taubes\u00e4llskapet mfl mfl..<\/p>\n<p>Sedan kommer tv\u00e5 stora \u00f6verraskningar som bara kan vetas om f\u00f6r den som \u00e4r plats, men en av dem g\u00e5r till en ny almhistoria v\u00e5gar jag lova. Ni som vill veta vad som sker idagens milj\u00f6stockholm, kan lyssna p\u00e5 Slusseng\u00e4nget, Folkkulturcentrum, Framtidens Almar, Demokrati o Aktivism, Privatisering o V\u00e4lf\u00e4rd&#8230;ja \u00e4ven h\u00e4r \u00e4r listan l\u00e5ng.<\/p>\n<p>Almfilmen visas och bildspel med foton fr\u00e5n Almstriden kommer att visas p\u00e5 Bildspel hela kv\u00e4llen. Det blir med andra ord ett jubileum som kommer att tala om sig.<\/p>\n<p><strong>Prelimin\u00e4rt program fr\u00e5n utomhusscenen<\/strong><\/p>\n<p>15.00 Invigning av festen, mjukstart med bakgrunder, dagens program mm<\/p>\n<p>15.15 En potentiell almfr\u00e5ga av idag ger sig tillk\u00e4nna<\/p>\n<p>15.30 Roland von Malmborg sjunger till unikt gatupositiv<\/p>\n<p>15.45 Erik Winquist<\/p>\n<p>16.00 Monica o Carl Axel Dominique<\/p>\n<p>16.15 Taubes\u00e4llskapet tolkar almk\u00e4mpen Evert<\/p>\n<p>16.30 Hotade skolpoliser presenterar sig<\/p>\n<p>16.45 Maria Lindstr\u00f6m<\/p>\n<p>17.00 Alternativ Stad delar ut \u00e5rets Ralph Fidler-pris till f\u00f6rtj\u00e4nta stockholmare<\/p>\n<p>17.15 Jan Hammarlund<\/p>\n<p>17.30 Mathias W\u00e5gh o Arne Johansson om stadskampsveckan och f\u00f6rorternas kamp<\/p>\n<p>17.45 Emmaus ger unik modevisning av \u00e5teranv\u00e4nda kl\u00e4der<\/p>\n<p>18.00 En f\u00f6rsta \u00f6verraskning med \u00f6verraskande g\u00e4ster<\/p>\n<p>18.30 Anders Linder<\/p>\n<p>18.45 Pierre Str\u00f6m<\/p>\n<p>19.00 Karnevalfolket<\/p>\n<p>19.15 Reflexioner \u00f6ver tr\u00e4d i tid och rum<\/p>\n<p>19.30 Billey Shamrock Gleissner<\/p>\n<p>19.45 Singalong med Kulturskolan, fr\u00e5n 70-tal till nu<\/p>\n<p>20.15 Fria Teaterns V\u00e4nf\u00f6rening om den hotade f\u00f6rortskulturen<\/p>\n<p>20.30 Ville Valle Viktor \u00e5teruppst\u00e5r<\/p>\n<p>20.45 &#8212;<\/p>\n<p>21.00 Kv\u00e4llens andra \u00f6verraskning<\/p>\n<p>21.15 Kaya<\/p>\n<p>21.30 Stefan Ringbom<\/p>\n<p>21.45 Joakim Zwalen o Kampaniet<\/p>\n<p>22.00 Soledad<\/p>\n<p>22.15 Ellda med g\u00e4ster<\/p>\n<p>22.30 Sanna Carlstedt<\/p>\n<p>22.45 Samuel Trygger<\/p>\n<p>23.00 Sofia Bj\u00f6rck<\/p>\n<p>23.15 Envoys<\/p>\n<p>23.30 P\u00e5 g\u00e5ng \u00e4r bl a Gudibrallan och Bengt Berger<\/p>\n<p>?<\/p>\n<p><strong>Prelimin\u00e4rt program fr\u00e5n t\u00e4ltscenen:<\/strong><\/p>\n<p>15.15 Trafikkampanjen Kollektivtrafik ist\u00e4llet f\u00f6r motorv\u00e4gar startar<\/p>\n<p>15.45 Ulf Stahre, forskare o f\u00f6rfattare, om almsegerns betydelse<\/p>\n<p>16.00 Mats Edblom, arkitekt, presenterar f\u00f6rslag till Slussens framtid<\/p>\n<p>16.30 Gemensam V\u00e4lf\u00e4rd presenterar sig och kampen mot privatiseringarna<\/p>\n<p>16.45 Torbj\u00f6rn Tenf\u00e4lt, presenterar r\u00f6nen i boken Fr\u00e5n Almstrid till Tr\u00e4ngselskatt<\/p>\n<p>17.00 Jan Wiklund. Om folkr\u00f6relsehistoria utifr\u00e5n boken Demokratins budb\u00e4rare <\/p>\n<p>17.30 &#8212;<\/p>\n<p>17.45 Stadskampsveckan avslutas. Bl a kampen i Husby, Tensta och H\u00f6gdalen<\/p>\n<p>18.00 &#8212;<\/p>\n<p>18.15 Farsor och morsor p\u00e5 stan presenterar sig<\/p>\n<p>18.30 &#8212;<\/p>\n<p>18.45 Folkkulturcentrum presenterar sig<\/p>\n<p>19.00 Bibblans Hj\u00e4ltar, om privatiseringshotet mot biblioteken<\/p>\n<p>19.15 &#8212;<\/p>\n<p>19.30 Slussen, f\u00f6rslaget att rusta upp ist\u00e4llet f\u00f6r att bygga nytt<\/p>\n<p>20.00 &#8212;<\/p>\n<p>20.15 Kringboendes nya strid om Odenplans framtid<\/p>\n<p>20.30 Almfilmen visas<\/p>\n<p>21.30 Tor Edsj\u00f6 om v\u00e4garnas krokiga historia i Stockholm.<\/p>\n<p>21.45 Samuel Jarrick om det f\u00f6rv\u00e4rrade klimathotet<\/p>\n<p>22.15 Brevb\u00e4rare som tvingats g\u00e5 p\u00e5 kn\u00e4na, reser sig<\/p>\n<p>22.30 Almfilmen visas<\/p>\n<p>23.30 Vittnen ber\u00e4ttar: s\u00e5 minns vi almstriden och 70-talet<\/p>\n<p>Ytterligare programpunkter v\u00e4ntas<\/p>\n<p>L\u00e4s \u00e4ven andra bloggares \u00e5sikter om <a href=\"http:\/\/bloggar.se\/om\/almarna\" rel=\"tag\">almarna<\/a>, <a href=\"http:\/\/bloggar.se\/om\/Kungstr%E4dg%E5rden\" rel=\"tag\">Kungstr\u00e4dg\u00e5rden<\/a><\/p>\n","protected":false},"excerpt":{"rendered":"<p>1 maj i str\u00e5lande sol, hoppas vi samla vi igen kring almarna i Kungstr\u00e4dg\u00e5rden. De mer \u00e4n 100 \u00e5r gamla tr\u00e4den som Stockholms befolkning s\u00e5 k\u00e4rleksfullt k\u00e4mpade f\u00f6r att r\u00e4dda, f\u00f6r 40 \u00e5r sedan. Det var en tid d\u00e5 Stockholm skulle f\u00f6rnyas, tunnelbanan tr\u00e4nga bort tr\u00e4den och tehuset, d\u00e5 Klarakvarteren bit f\u00f6r bit utsattes f\u00f6r [&hellip;]<\/p>\n","protected":false},"author":13,"featured_media":0,"comment_status":"open","ping_status":"open","sticky":false,"template":"","format":"standard","meta":{"_genesis_hide_title":false,"_genesis_hide_breadcrumbs":false,"_genesis_hide_singular_image":false,"_genesis_hide_footer_widgets":false,"_genesis_custom_body_class":"","_genesis_custom_post_class":"","_genesis_layout":"","footnotes":""},"categories":[62],"tags":[227,3145],"class_list":{"0":"post-35481","1":"post","2":"type-post","3":"status-publish","4":"format-standard","6":"category-medie-och-kulturpolitik","7":"tag-almarna","8":"tag-kungstradgarden","9":"entry"},"_links":{"self":[{"href":"https:\/\/kulturbloggen.com\/index.php?rest_route=\/wp\/v2\/posts\/35481","targetHints":{"allow":["GET"]}}],"collection":[{"href":"https:\/\/kulturbloggen.com\/index.php?rest_route=\/wp\/v2\/posts"}],"about":[{"href":"https:\/\/kulturbloggen.com\/index.php?rest_route=\/wp\/v2\/types\/post"}],"author":[{"embeddable":true,"href":"https:\/\/kulturbloggen.com\/index.php?rest_route=\/wp\/v2\/users\/13"}],"replies":[{"embeddable":true,"href":"https:\/\/kulturbloggen.com\/index.php?rest_route=%2Fwp%2Fv2%2Fcomments&post=35481"}],"version-history":[{"count":0,"href":"https:\/\/kulturbloggen.com\/index.php?rest_route=\/wp\/v2\/posts\/35481\/revisions"}],"wp:attachment":[{"href":"https:\/\/kulturbloggen.com\/index.php?rest_route=%2Fwp%2Fv2%2Fmedia&parent=35481"}],"wp:term":[{"taxonomy":"category","embeddable":true,"href":"https:\/\/kulturbloggen.com\/index.php?rest_route=%2Fwp%2Fv2%2Fcategories&post=35481"},{"taxonomy":"post_tag","embeddable":true,"href":"https:\/\/kulturbloggen.com\/index.php?rest_route=%2Fwp%2Fv2%2Ftags&post=35481"}],"curies":[{"name":"wp","href":"https:\/\/api.w.org\/{rel}","templated":true}]}}