{"id":35204,"date":"2011-05-05T18:28:19","date_gmt":"2011-05-05T16:28:19","guid":{"rendered":"http:\/\/kulturbloggen.com\/?p=35204"},"modified":"2011-05-05T18:28:19","modified_gmt":"2011-05-05T16:28:19","slug":"thorsten-flinck-och-konsten-att-gora-teater-av-bilreklam","status":"publish","type":"post","link":"https:\/\/kulturbloggen.com\/?p=35204","title":{"rendered":"Thorsten Flinck och konsten att g\u00f6ra teater av bilreklam"},"content":{"rendered":"<p><a href=\"http:\/\/kulturbloggen.com\/wp-content\/uploads\/2011\/05\/Sk\u00e4rmavbild-2011-05-05-kl.-21.26.46.png\"><img loading=\"lazy\" decoding=\"async\" src=\"http:\/\/kulturbloggen.com\/wp-content\/uploads\/2011\/05\/Sk\u00e4rmavbild-2011-05-05-kl.-21.26.46-300x187.png\" alt=\"\" title=\"Sk\u00e4rmavbild 2011-05-05 kl. 21.26.46\" width=\"300\" height=\"187\" class=\"aligncenter size-medium wp-image-35211\" \/><\/a><\/p>\n<p>Vad har Thorsten Flinck inte gjort? Han \u00e4r sk\u00e5despelare, regiss\u00f6r, har levt som heml\u00f6s, har gjort samh\u00e4llsproblem och i veckan sl\u00e4ppt en proggskiva. <a href=\"http:\/\/www.dn.se\/kultur-noje\/musik\/progg-nar-thorsten-flinck-sjalv-far-valja\">Dagens Nyheter ber\u00e4tta5<\/a>:<\/p>\n<blockquote><p>P\u00e5 onsdag \u00e4r det dags igen. D\u00e5 sl\u00e4pps albumet \u201dThorsten Flinck och Revolutionsorkestern\u201d.<\/p>\n<p>Alla \u00e4r p\u00e5 plats, bara huvudpersonen Thorsten Flinck saknas p\u00e5 hans egen presskonferens. Efter en kvart dyker han upp helt kl\u00e4dd i svart. Han urs\u00e4ktar sig med att han fyllt 50 f\u00f6r n\u00e5gra veckor sedan, och att han och bandet firade lite i efterhand under \u201dstort alkoholintag\u201d.<\/p><\/blockquote>\n<p>Tja, Thorsten Flinck g\u00f6r alltid saker p\u00e5 sitt s\u00e4tt. <a href=\"http:\/\/www.resume.se\/nyheter\/2011\/04\/04\/thorsten-flinck-gor-reklam\/\">Via Resum\u00e9<\/a> har det g\u00e5tt rykten om att han skulle spela in reklamfilm. Och \u00e4r det v\u00e4l bekr\u00e4ftat, f\u00f6r nu har reklamfilmen f\u00f6r en bil sl\u00e4ppts. Plus ett filmklipp som visar hur Flinck blir riktigt arg p\u00e5 inspelningschefen. <\/p>\n<p><script type=\"text\/javascript\" src=\"http:\/\/videos.video-loader.com\/playerjs\/Avforing_6993.js?w=400&#038;h=350&#038;pID=45611&#038;bgc=ffffff&#038;cw=623751&#038;skinName=light&#038;wmode=window&#038;hideChrome=0\"><\/script><\/p>\n<p><script type=\"text\/javascript\" src=\"http:\/\/videos.video-loader.com\/playerjs\/Krig_6995.js?w=400&#038;h=350&#038;pID=45611&#038;bgc=ffffff&#038;cw=623865&#038;skinName=light&#038;wmode=window&#038;hideChrome=0\"><\/script><\/p>\n<p>Relaterat: <a href=\"http:\/\/teatermagasinet.se\/?p=1976\">Teatermagasinet<\/a><\/p>\n<p>L\u00e4s \u00e4ven andra bloggares \u00e5sikter om <a href=\"http:\/\/bloggar.se\/om\/Thorsten+Flinck\" rel=\"tag\">Thorsten Flinck<\/a>, <a href=\"http:\/\/bloggar.se\/om\/bilreklam\" rel=\"tag\">bilreklam<\/a><\/p>\n","protected":false},"excerpt":{"rendered":"<p>Vad har Thorsten Flinck inte gjort? Han \u00e4r sk\u00e5despelare, regiss\u00f6r, har levt som heml\u00f6s, har gjort samh\u00e4llsproblem och i veckan sl\u00e4ppt en proggskiva. Dagens Nyheter ber\u00e4tta5: P\u00e5 onsdag \u00e4r det dags igen. D\u00e5 sl\u00e4pps albumet \u201dThorsten Flinck och Revolutionsorkestern\u201d. Alla \u00e4r p\u00e5 plats, bara huvudpersonen Thorsten Flinck saknas p\u00e5 hans egen presskonferens. Efter en kvart [&hellip;]<\/p>\n","protected":false},"author":13,"featured_media":0,"comment_status":"open","ping_status":"open","sticky":false,"template":"","format":"standard","meta":{"_genesis_hide_title":false,"_genesis_hide_breadcrumbs":false,"_genesis_hide_singular_image":false,"_genesis_hide_footer_widgets":false,"_genesis_custom_body_class":"","_genesis_custom_post_class":"","_genesis_layout":"","footnotes":""},"categories":[20],"tags":[654,5843],"class_list":{"0":"post-35204","1":"post","2":"type-post","3":"status-publish","4":"format-standard","6":"category-film","7":"tag-bilreklam","8":"tag-thorsten-flinck","9":"entry"},"_links":{"self":[{"href":"https:\/\/kulturbloggen.com\/index.php?rest_route=\/wp\/v2\/posts\/35204","targetHints":{"allow":["GET"]}}],"collection":[{"href":"https:\/\/kulturbloggen.com\/index.php?rest_route=\/wp\/v2\/posts"}],"about":[{"href":"https:\/\/kulturbloggen.com\/index.php?rest_route=\/wp\/v2\/types\/post"}],"author":[{"embeddable":true,"href":"https:\/\/kulturbloggen.com\/index.php?rest_route=\/wp\/v2\/users\/13"}],"replies":[{"embeddable":true,"href":"https:\/\/kulturbloggen.com\/index.php?rest_route=%2Fwp%2Fv2%2Fcomments&post=35204"}],"version-history":[{"count":0,"href":"https:\/\/kulturbloggen.com\/index.php?rest_route=\/wp\/v2\/posts\/35204\/revisions"}],"wp:attachment":[{"href":"https:\/\/kulturbloggen.com\/index.php?rest_route=%2Fwp%2Fv2%2Fmedia&parent=35204"}],"wp:term":[{"taxonomy":"category","embeddable":true,"href":"https:\/\/kulturbloggen.com\/index.php?rest_route=%2Fwp%2Fv2%2Fcategories&post=35204"},{"taxonomy":"post_tag","embeddable":true,"href":"https:\/\/kulturbloggen.com\/index.php?rest_route=%2Fwp%2Fv2%2Ftags&post=35204"}],"curies":[{"name":"wp","href":"https:\/\/api.w.org\/{rel}","templated":true}]}}