{"id":35156,"date":"2011-05-05T11:26:16","date_gmt":"2011-05-05T09:26:16","guid":{"rendered":"http:\/\/kulturbloggen.com\/?p=35156"},"modified":"2011-05-05T11:26:16","modified_gmt":"2011-05-05T09:26:16","slug":"recension-av-film-for-barn-taran-och-den-magiska-kitteln","status":"publish","type":"post","link":"https:\/\/kulturbloggen.com\/?p=35156","title":{"rendered":"Recension av film f\u00f6r barn: Taran och den magiska kitteln"},"content":{"rendered":"<p><a href=\"http:\/\/kulturbloggen.com\/wp-content\/uploads\/2011\/05\/taranochdenmagiska.jpg\"><img loading=\"lazy\" decoding=\"async\" src=\"http:\/\/kulturbloggen.com\/wp-content\/uploads\/2011\/05\/taranochdenmagiska-300x266.jpg\" alt=\"\" title=\"taranochdenmagiska\" width=\"300\" height=\"266\" class=\"aligncenter size-medium wp-image-35157\" \/><\/a><\/p>\n<p>Film: Taran och den magiska kitteln<br \/>\nBetyg: 4<br \/>\nDvd-release: 6 april 2011<\/p>\n<p>Mest k\u00e4nd f\u00f6r den \u00e4ldre publiken \u00e4r kanske Disneys tecknade klassiker \u201dTaran och den magiska cirkeln\u201d f\u00f6r att det \u00e4r en av f\u00e5 Disneyfilmer som faktiskt visar blod. S\u00e4rskilt skr\u00e4mmande verkar den tecknade filmen, som nu kommit i specialutg\u00e5va p\u00e5 dvd, inte vara f\u00f6r den yngre publiken. S\u00e5 v\u00e4l 12-\u00e5ringen som 8-\u00e5ringen tycker att 7-\u00e5rsgr\u00e4nsen som filmen hade p\u00e5 bio \u00e4r v\u00e4l str\u00e4ng.<\/p>\n<p>\u201dTaran och den magiska cirkeln\u201d bygger p\u00e5 Lloyd Alexanders tv\u00e5 inledande b\u00f6cker i serien Kr\u00f6nikan om landet Prydain. Filmen visar hur den uppenbart ondskefulla kungen \u2013 f\u00f6rsedd med horn \u2013 \u00e4r besatt av att komma \u00f6ver den magiska kitteln f\u00f6r att ytterligare \u00f6ka sin makt. <\/p>\n<p>Den unge pojken Taran tar upp kampen med hj\u00e4lp av ett magiskt sv\u00e4rd, en sagolikt vacker prinsessa, ett sn\u00e4llt litet hundlikt troll och en gris. <\/p>\n<p>Filmen \u00e4r med Disneys egna baksides ord p\u00e5 dvd:n en blandning av fantasi, magi och humor. Det skulle ha kunnat bli en l\u00e4skig soppa av historien om kitteln men det fungerar fint och \u00e4r, s\u00e5 klart, proffsigt gjort och ber\u00f6r ocks\u00e5 p\u00e5 ett djupare plan allm\u00e4ngiltiga fr\u00e5gor f\u00f6r m\u00e4nniskor i den verkliga v\u00e4rlden i alla tider.<\/p>\n<p>Familjens 8-\u00e5ring tyckte att det var en toppenfilm \u201dden var 5\u201d. Mest sp\u00e4nnande var det n\u00e4r Taran hittade sv\u00e4rdet. \u201dFilmen var inte ot\u00e4ck men den var lite blodig\u201d tyckte han och l\u00e4t mest f\u00f6rv\u00e5nad \u00f6ver detta ov\u00e4ntade blod.<\/p>\n<p>Storebror tyckte att barn som var yngre \u00e4n 7 \u00e5r kanske inte skulle se filmen \u00e4nd\u00e5, trots att den inte var ot\u00e4ck utan f\u00f6r att den skulle vara obegriplig f\u00f6r dem \u201ddet handlar om d\u00f6d och s\u00e5\u201d.<\/p>\n<p>B\u00e5da i den lilla barnpanelen tyckte ocks\u00e5 att filmen var mycket bra tecknad, fast 12-\u00e5ringen p\u00e5pekade flera g\u00e5nger att det m\u00e4rktes att filmen var gammal. Det betyder dock inte att den var d\u00e5ligt animerad enligt honom, tv\u00e4rtom att det var \u201dintressant att se en film fr\u00e5n f\u00f6rr, hur de tecknade d\u00e5\u201d. Vilket allts\u00e5 var i mitten av 1980-talet.<\/p>\n<p>Med dvd:n f\u00f6ljer bonusmaterial, bland annat en bortklippt scen, en kortfilm och spel. Men b\u00e5da pojkarna tyckte att den riktiga filmen var det enda verkligt intressanta.<\/p>\n<p><strong>Lilly Hallberg<\/strong><\/p>\n<p>Orginaltitel: The Black Cauldron<br \/>\nWalt Disney 1985<br \/>\nSpeltid: 77 minuter<br \/>\n(\u00c5ldergr\u00e4ns 7 \u00e5r)<\/p>\n<p>L\u00e4s \u00e4ven andra bloggares \u00e5sikter om <a href=\"http:\/\/bloggar.se\/om\/film\" rel=\"tag\">film<\/a>, <a href=\"http:\/\/bloggar.se\/om\/Disney\" rel=\"tag\">Disney<\/a>, <a href=\"http:\/\/bloggar.se\/om\/Taran\" rel=\"tag\">Taran<\/a>, <a href=\"http:\/\/bloggar.se\/om\/barnfilm\" rel=\"tag\">barnfilm<\/a>, <a href=\"http:\/\/bloggar.se\/om\/recension\" rel=\"tag\">recension<\/a><\/p>\n","protected":false},"excerpt":{"rendered":"<p>Film: Taran och den magiska kitteln Betyg: 4 Dvd-release: 6 april 2011 Mest k\u00e4nd f\u00f6r den \u00e4ldre publiken \u00e4r kanske Disneys tecknade klassiker \u201dTaran och den magiska cirkeln\u201d f\u00f6r att det \u00e4r en av f\u00e5 Disneyfilmer som faktiskt visar blod. S\u00e4rskilt skr\u00e4mmande verkar den tecknade filmen, som nu kommit i specialutg\u00e5va p\u00e5 dvd, inte vara [&hellip;]<\/p>\n","protected":false},"author":13,"featured_media":0,"comment_status":"open","ping_status":"open","sticky":false,"template":"","format":"standard","meta":{"_genesis_hide_title":false,"_genesis_hide_breadcrumbs":false,"_genesis_hide_singular_image":false,"_genesis_hide_footer_widgets":false,"_genesis_custom_body_class":"","_genesis_custom_post_class":"","_genesis_layout":"","footnotes":""},"categories":[51,16],"tags":[537,1303,12285,12286,5632],"class_list":{"0":"post-35156","1":"post","2":"type-post","3":"status-publish","4":"format-standard","6":"category-filmer","7":"category-recension","8":"tag-barnfilm","9":"tag-disney","10":"tag-recension","11":"tag-film","12":"tag-taran","13":"entry"},"_links":{"self":[{"href":"https:\/\/kulturbloggen.com\/index.php?rest_route=\/wp\/v2\/posts\/35156","targetHints":{"allow":["GET"]}}],"collection":[{"href":"https:\/\/kulturbloggen.com\/index.php?rest_route=\/wp\/v2\/posts"}],"about":[{"href":"https:\/\/kulturbloggen.com\/index.php?rest_route=\/wp\/v2\/types\/post"}],"author":[{"embeddable":true,"href":"https:\/\/kulturbloggen.com\/index.php?rest_route=\/wp\/v2\/users\/13"}],"replies":[{"embeddable":true,"href":"https:\/\/kulturbloggen.com\/index.php?rest_route=%2Fwp%2Fv2%2Fcomments&post=35156"}],"version-history":[{"count":0,"href":"https:\/\/kulturbloggen.com\/index.php?rest_route=\/wp\/v2\/posts\/35156\/revisions"}],"wp:attachment":[{"href":"https:\/\/kulturbloggen.com\/index.php?rest_route=%2Fwp%2Fv2%2Fmedia&parent=35156"}],"wp:term":[{"taxonomy":"category","embeddable":true,"href":"https:\/\/kulturbloggen.com\/index.php?rest_route=%2Fwp%2Fv2%2Fcategories&post=35156"},{"taxonomy":"post_tag","embeddable":true,"href":"https:\/\/kulturbloggen.com\/index.php?rest_route=%2Fwp%2Fv2%2Ftags&post=35156"}],"curies":[{"name":"wp","href":"https:\/\/api.w.org\/{rel}","templated":true}]}}