{"id":35083,"date":"2011-05-04T08:23:51","date_gmt":"2011-05-04T06:23:51","guid":{"rendered":"http:\/\/kulturbloggen.com\/?p=35083"},"modified":"2011-05-04T08:23:51","modified_gmt":"2011-05-04T06:23:51","slug":"sufjan-stevens-pa-cirkus-fargsprakande-och-ovantat-funkigt","status":"publish","type":"post","link":"https:\/\/kulturbloggen.com\/?p=35083","title":{"rendered":"Sufjan Stevens p\u00e5 Cirkus &#8211; f\u00e4rgsprakande och ov\u00e4ntat funkigt"},"content":{"rendered":"<p><a href=\"http:\/\/kulturbloggen.com\/wp-content\/uploads\/2011\/05\/sufjan.jpg\"><img loading=\"lazy\" decoding=\"async\" src=\"http:\/\/kulturbloggen.com\/wp-content\/uploads\/2011\/05\/sufjan-300x166.jpg\" alt=\"\" title=\"sufjan\" width=\"300\" height=\"166\" class=\"aligncenter size-medium wp-image-35087\" \/><\/a><br \/>\nSufjan Stevens &#8211; \u00e5h vad jag hade l\u00e4ngtat och sett fram emot hans spelning p\u00e5 Cirkus. S\u00e5 satt jag d\u00e4r, p\u00e5 utsatt tid b\u00f6rjade han. Vackert, mjukt med en stj\u00e4rnhimmel som passerade p\u00e5 v\u00e4ggen bakom honom. Men sen brakade det loss, Sufjan och hans niomannaband och tv\u00e5 dansare blev \u00e4nglar med stora vita vingar i rymddr\u00e4kter.<\/p>\n<p>Sufjan Stevens bj\u00f6d p\u00e5 en f\u00e4rgsprakande popfunk-resa fr\u00e5n rymden. Hans konsert var mycket mer \u00e4n musiken. Stora bilder p\u00e5 v\u00e4ggen bakom och ibland dessutom applicerade p\u00e5 en genomskinlig duk framf\u00f6r Suftan och hans musiker tillf\u00f6r f\u00f6rdjupar och f\u00f6rst\u00e4rker det Sufjans musik f\u00f6rmedlar.<\/p>\n<p>Sufjan Stevens hade med sig ett stort band, med trumpeter, keyboard, gitarrer, trummor, bas och tv\u00e5 dansare. Konserten och musiken blev med st\u00f6d av bl\u00e5sinstrumenten mycket funkigare \u00e4n jag h\u00f6rt honom tidigare, kanske ocks\u00e5 lite r\u00e5are, som den apokalyptiska k\u00e4rlekss\u00e5ngen.<\/p>\n<p>Skickligt balanserade han programmen mellan r\u00e5are, fartfyllda, rytmiska, dansanta l\u00e5tar och mjuka s\u00e5nger d\u00e4r han ibland satt helt ensam med en akustisk gitarr och sj\u00f6ng med sin v\u00e4na ljusa st\u00e4mma.<\/p>\n<p>Temat f\u00f6r kv\u00e4llen var rymden och k\u00e4rlek, med ett stark kryddning av apokalypsen. Han ber\u00e4ttade om en man han k\u00e4nt fr\u00e5n Louisiana som bodde med sin fru och tolv barn i ett hus han byggt sj\u00e4lv. Mannen var svart och m\u00e5lade mycket i en naivistisk stil med mycket rymdskepp och rymdvarelser, kryddat av religion. Mannen gick mer och mer in i sin v\u00e4rld och de varelser han tyckte sig ha kontakt med &#8211; och blev isolerad och ensam. Det visade sig s\u00e5 sm\u00e5ningom att mannen f\u00e5tt shizofreni. Han v\u00e4grade ta medicin f\u00f6r det. Sufjan Stevens ber\u00e4ttade att mannen nu var d\u00f6d. Hans bilder lever dock och de var grunden f\u00f6r de rymdtema som bar Sufjan Stevens konsert.<\/p>\n<p>Sufjan Stevens visade ocks\u00e5 hur han leker med musik n\u00e4r han utforskar musikens spr\u00e5k och m\u00f6jligheter. Han spelade n\u00e5gra l\u00e5tar som han skapat tillsammans med r\u00f6rliga bilder.<br \/>\n&#8211; S\u00e5ngerna \u00e4r inte till f\u00f6r att ber\u00e4tta n\u00e5gon historia utan bara f\u00f6r att utforska hur bilder, form, r\u00f6relser och musik kan h\u00f6ra ihop, ber\u00e4ttade han.<\/p>\n<p>St\u00e5platserna ganska tr\u00e5ngt men sittplatser inte helt uts\u00e5lt. De som inte tagit sig dit missade n\u00e5got storslaget. D\u00e4r jag satt p\u00e5 sittplatser satt vi och halvdansade i stolarna till de rytmiska snabbare l\u00e5tarna och vi satt och bara nj\u00f6t av det finst\u00e4mda i de vackra s\u00e5ngerna. N\u00e4sta g\u00e5ng Sufjan Stevens kommer till Sverige t\u00e4nker jag absolut se till att uppleva den konserten. <\/p>\n<p><iframe loading=\"lazy\" width=\"640\" height=\"390\" src=\"http:\/\/www.youtube.com\/embed\/hCqAT_UacHs\" frameborder=\"0\" allowfullscreen><\/iframe><\/p>\n<p><iframe loading=\"lazy\" width=\"640\" height=\"390\" src=\"http:\/\/www.youtube.com\/embed\/vF7F8UbFSyM\" frameborder=\"0\" allowfullscreen><\/iframe><\/p>\n<p><iframe loading=\"lazy\" width=\"640\" height=\"390\" src=\"http:\/\/www.youtube.com\/embed\/S-rmDFPqUJ0\" frameborder=\"0\" allowfullscreen><\/iframe><\/p>\n<p>L\u00e4s \u00e4ven andra bloggares \u00e5sikter om <a href=\"http:\/\/bloggar.se\/om\/Sufjan+Stevens\" rel=\"tag\">Sufjan Stevens<\/a>, <a href=\"http:\/\/bloggar.se\/om\/konsert\" rel=\"tag\">konsert<\/a>, <a href=\"http:\/\/bloggar.se\/om\/Cirkus\" rel=\"tag\">Cirkus<\/a>, <a href=\"http:\/\/bloggar.se\/om\/musik\" rel=\"tag\">musik<\/a>, <a href=\"http:\/\/bloggar.se\/om\/funk\" rel=\"tag\">funk<\/a>, <a href=\"http:\/\/bloggar.se\/om\/indie\" rel=\"tag\">indie<\/a>, <a href=\"http:\/\/bloggar.se\/om\/popmusik\" rel=\"tag\">popmusik<\/a>, <a href=\"http:\/\/bloggar.se\/om\/rymden\" rel=\"tag\">rymden<\/a><\/p>\n","protected":false},"excerpt":{"rendered":"<p>Sufjan Stevens &#8211; \u00e5h vad jag hade l\u00e4ngtat och sett fram emot hans spelning p\u00e5 Cirkus. S\u00e5 satt jag d\u00e4r, p\u00e5 utsatt tid b\u00f6rjade han. Vackert, mjukt med en stj\u00e4rnhimmel som passerade p\u00e5 v\u00e4ggen bakom honom. Men sen brakade det loss, Sufjan och hans niomannaband och tv\u00e5 dansare blev \u00e4nglar med stora vita vingar i [&hellip;]<\/p>\n","protected":false},"author":2,"featured_media":0,"comment_status":"open","ping_status":"open","sticky":false,"template":"","format":"standard","meta":{"_genesis_hide_title":false,"_genesis_hide_breadcrumbs":false,"_genesis_hide_singular_image":false,"_genesis_hide_footer_widgets":false,"_genesis_custom_body_class":"","_genesis_custom_post_class":"","_genesis_layout":"","footnotes":""},"categories":[16],"tags":[1007,1900,2467,3000,12282,4436,4866,5479],"class_list":{"0":"post-35083","1":"post","2":"type-post","3":"status-publish","4":"format-standard","6":"category-recension","7":"tag-cirkus","8":"tag-funk","9":"tag-indie","10":"tag-konsert","11":"tag-musik","12":"tag-popmusik","13":"tag-rymden","14":"tag-sufjan-stevens","15":"entry"},"_links":{"self":[{"href":"https:\/\/kulturbloggen.com\/index.php?rest_route=\/wp\/v2\/posts\/35083","targetHints":{"allow":["GET"]}}],"collection":[{"href":"https:\/\/kulturbloggen.com\/index.php?rest_route=\/wp\/v2\/posts"}],"about":[{"href":"https:\/\/kulturbloggen.com\/index.php?rest_route=\/wp\/v2\/types\/post"}],"author":[{"embeddable":true,"href":"https:\/\/kulturbloggen.com\/index.php?rest_route=\/wp\/v2\/users\/2"}],"replies":[{"embeddable":true,"href":"https:\/\/kulturbloggen.com\/index.php?rest_route=%2Fwp%2Fv2%2Fcomments&post=35083"}],"version-history":[{"count":0,"href":"https:\/\/kulturbloggen.com\/index.php?rest_route=\/wp\/v2\/posts\/35083\/revisions"}],"wp:attachment":[{"href":"https:\/\/kulturbloggen.com\/index.php?rest_route=%2Fwp%2Fv2%2Fmedia&parent=35083"}],"wp:term":[{"taxonomy":"category","embeddable":true,"href":"https:\/\/kulturbloggen.com\/index.php?rest_route=%2Fwp%2Fv2%2Fcategories&post=35083"},{"taxonomy":"post_tag","embeddable":true,"href":"https:\/\/kulturbloggen.com\/index.php?rest_route=%2Fwp%2Fv2%2Ftags&post=35083"}],"curies":[{"name":"wp","href":"https:\/\/api.w.org\/{rel}","templated":true}]}}