{"id":35079,"date":"2011-05-04T07:42:18","date_gmt":"2011-05-04T05:42:18","guid":{"rendered":"http:\/\/kulturbloggen.com\/?p=35079"},"modified":"2011-05-04T07:42:18","modified_gmt":"2011-05-04T05:42:18","slug":"stor-underhallning-med-raphael-saadiq-pa-gota-kallare","status":"publish","type":"post","link":"https:\/\/kulturbloggen.com\/?p=35079","title":{"rendered":"Stor underh\u00e5llning med Raphael Saadiq p\u00e5 G\u00f6ta K\u00e4llare"},"content":{"rendered":"<p><a href=\"http:\/\/kulturbloggen.com\/wp-content\/uploads\/2011\/05\/raphael.jpg\"><img loading=\"lazy\" decoding=\"async\" src=\"http:\/\/kulturbloggen.com\/wp-content\/uploads\/2011\/05\/raphael.jpg\" alt=\"\" title=\"raphael\" width=\"200\" height=\"139\" class=\"aligncenter size-full wp-image-35080\" \/><\/a><\/p>\n<p>Det spelas klassisk soul n\u00e4r ett n\u00e4rmast fullpackat G\u00f6ta K\u00e4llare v\u00e4rme upp inf\u00f6r Raphael Saadiq, en av f\u00e5 stora yngre soulstj\u00e4rnor. Det \u00e4r en utm\u00e4rkt uppv\u00e4rmning, f\u00f6r n\u00e4r Saadiq kliver p\u00e5 g\u00f6r han det med en pondus som inte st\u00e5r l\u00e5ngt bakom legenderna vi h\u00f6rde tidigare p\u00e5 kv\u00e4llen.<\/p>\n<p>Till en b\u00f6rjan befarar man att det rockiga soundet som dominerar nya skivan Stone Rollin&#8217; ska ta \u00f6ver lokalen, s\u00e4ttningen grunder lite f\u00f6r det. Det \u00e4r tre gitarrer, trummor, bas och klaviatur. Men f\u00f6r det mesta \u00e4r sv\u00e4nget st\u00f6rre \u00e4n trycket och balansen h\u00e5lls.<\/p>\n<p>Men visst \u00e4r det rockfokus, Saadiq framst\u00e5r ena stunden, i Heartattack, som arvtagaren till Prince med gitarren och viljan att sjunga ut sitt hj\u00e4rta, i andra stunden, i Radio, som Little Richard med attacken och charmen. Ena foten st\u00e5r konserten igenom i denna svarta soulrock, den andra st\u00e5r i publikfl\u00f6rtande soulfunkutflykter i Stevie Wonders anda. J\u00e4mf\u00f6relserna kian vara tunga f\u00f6r vem som helst, men ikv\u00e4ll b\u00e4r Saadiq och hans band upp det. Det \u00e4r en lysande konsert, fr\u00e5n f\u00f6rsta stund har han publiken i sin hand. Det klappas, dansas och sjungs med en h\u00e4rligt utlevande Saadiq som lekledare.<\/p>\n<p>Visst f\u00f6rlorar konserten lite fart vid n\u00e5gra tillf\u00e4llen d\u00e5 bandet g\u00f6r n\u00e5gra potpurrin, men kanske \u00e4r det n\u00f6dv\u00e4ndigt f\u00f6r att tisdagskv\u00e4llen ska orka. En annan anm\u00e4rkning \u00e4r att ljudet \u00e4r lite skarpt och alltf\u00f6r<br \/>\ndiskantstarkt. M\u00e5nga s\u00f6ker sig l\u00e4ngre bak i lokalen. Men det \u00e4r bara anm\u00e4rkningar som inte ska ta ifr\u00e5n Saadiq titeln som en av de b\u00e4ttre underh\u00e5llarna i musikv\u00e4rlden idag. Det syns att han \u00e4lskar det han g\u00f6r,<br \/>\noch k\u00e4rleken spiller \u00f6ver p\u00e5 publiken som \u00e4lskar tillbaka.<\/p>\n<p>N\u00e4r publiken efter cirka en timma befarar att konserten \u00e4r slut efter en fenomenal Good Man blir appl\u00e5derna n\u00e4rmast stormande f\u00f6r att f\u00e5 ha kvar bandet p\u00e5 scen. Men ist\u00e4llet g\u00e5r l\u00e5ten \u00f6ver i en n\u00e4rmast lika fenomenal Don&#8217;t Mess With My Man.<\/p>\n<p>I det stora hela en str\u00e5lande konsert, \u00e4ven om vi f\u00e5r en del on\u00f6diga utsv\u00e4vningar i form av vokala och musikaliska uppvisningar. Man hade vunnit p\u00e5 att h\u00e5lla liv i det r\u00f6j och sv\u00e4ng man pumpade upp. Ju l\u00e4ngre<br \/>\nkonserten gick blev det ocks\u00e5 mer ofokuserat. Men efter extranumren Over You och Go To Hell g\u00e5r man \u00e4nd\u00e5 hem lycklig.<\/p>\n<p>L\u00e4s \u00e4ven andra bloggares \u00e5sikter om <a href=\"http:\/\/bloggar.se\/om\/Raphael+Saadiq\" rel=\"tag\">Raphael Saadiq<\/a>, <a href=\"http:\/\/bloggar.se\/om\/G%F6ta+K%E4llare\" rel=\"tag\">G\u00f6ta K\u00e4llare<\/a>, <a href=\"http:\/\/bloggar.se\/om\/soul\" rel=\"tag\">soul<\/a>, <a href=\"http:\/\/bloggar.se\/om\/musik\" rel=\"tag\">musik<\/a>, <a href=\"http:\/\/bloggar.se\/om\/konsert\" rel=\"tag\">konsert<\/a>, <a href=\"http:\/\/bloggar.se\/om\/recension\" rel=\"tag\">recension<\/a><\/p>\n","protected":false},"excerpt":{"rendered":"<p>Det spelas klassisk soul n\u00e4r ett n\u00e4rmast fullpackat G\u00f6ta K\u00e4llare v\u00e4rme upp inf\u00f6r Raphael Saadiq, en av f\u00e5 stora yngre soulstj\u00e4rnor. Det \u00e4r en utm\u00e4rkt uppv\u00e4rmning, f\u00f6r n\u00e4r Saadiq kliver p\u00e5 g\u00f6r han det med en pondus som inte st\u00e5r l\u00e5ngt bakom legenderna vi h\u00f6rde tidigare p\u00e5 kv\u00e4llen. Till en b\u00f6rjan befarar man att det [&hellip;]<\/p>\n","protected":false},"author":13,"featured_media":0,"comment_status":"open","ping_status":"open","sticky":false,"template":"","format":"standard","meta":{"_genesis_hide_title":false,"_genesis_hide_breadcrumbs":false,"_genesis_hide_singular_image":false,"_genesis_hide_footer_widgets":false,"_genesis_custom_body_class":"","_genesis_custom_post_class":"","_genesis_layout":"","footnotes":""},"categories":[20],"tags":[2157,3000,12282,4644,12285,24],"class_list":{"0":"post-35079","1":"post","2":"type-post","3":"status-publish","4":"format-standard","6":"category-film","7":"tag-gota-kallare","8":"tag-konsert","9":"tag-musik","10":"tag-raphael-saadiq","11":"tag-recension","12":"tag-soul-musik","13":"entry"},"_links":{"self":[{"href":"https:\/\/kulturbloggen.com\/index.php?rest_route=\/wp\/v2\/posts\/35079","targetHints":{"allow":["GET"]}}],"collection":[{"href":"https:\/\/kulturbloggen.com\/index.php?rest_route=\/wp\/v2\/posts"}],"about":[{"href":"https:\/\/kulturbloggen.com\/index.php?rest_route=\/wp\/v2\/types\/post"}],"author":[{"embeddable":true,"href":"https:\/\/kulturbloggen.com\/index.php?rest_route=\/wp\/v2\/users\/13"}],"replies":[{"embeddable":true,"href":"https:\/\/kulturbloggen.com\/index.php?rest_route=%2Fwp%2Fv2%2Fcomments&post=35079"}],"version-history":[{"count":0,"href":"https:\/\/kulturbloggen.com\/index.php?rest_route=\/wp\/v2\/posts\/35079\/revisions"}],"wp:attachment":[{"href":"https:\/\/kulturbloggen.com\/index.php?rest_route=%2Fwp%2Fv2%2Fmedia&parent=35079"}],"wp:term":[{"taxonomy":"category","embeddable":true,"href":"https:\/\/kulturbloggen.com\/index.php?rest_route=%2Fwp%2Fv2%2Fcategories&post=35079"},{"taxonomy":"post_tag","embeddable":true,"href":"https:\/\/kulturbloggen.com\/index.php?rest_route=%2Fwp%2Fv2%2Ftags&post=35079"}],"curies":[{"name":"wp","href":"https:\/\/api.w.org\/{rel}","templated":true}]}}