{"id":3507,"date":"2008-10-29T10:24:28","date_gmt":"2008-10-29T09:24:28","guid":{"rendered":"http:\/\/kulturbloggen.com\/?p=3507"},"modified":"2008-10-29T10:24:28","modified_gmt":"2008-10-29T09:24:28","slug":"maradona-blir-forbundskapten-for-argentina-en-liten-notis-i-dn","status":"publish","type":"post","link":"https:\/\/kulturbloggen.com\/?p=3507","title":{"rendered":"Maradona blir f\u00f6rbundskapten f\u00f6r Argentina &#8211; en liten notis i DN"},"content":{"rendered":"<p><a href=\"http:\/\/sodergren.com\/kulturbloggen\/wp-content\/uploads\/2008\/10\/maradona125.jpg\"><img loading=\"lazy\" decoding=\"async\" src=\"http:\/\/sodergren.com\/kulturbloggen\/wp-content\/uploads\/2008\/10\/maradona125.jpg\" alt=\"\" title=\"maradona125\" width=\"125\" height=\"250\" class=\"alignright size-full wp-image-3521\" \/><\/a><br \/>\nMaradona blir f\u00f6rbundskapten f\u00f6r Argentina. Ute i v\u00e4rlden \u00e4r denna nyhet stort uppslagen.<\/p>\n<p>I morgontidningen vi har uppslagen vid frukostbordet (den heter Dagens Nyheter och jag pratar pappersupplaga) \u00e4r det en liten notis.<\/p>\n<p>Det m\u00e5 vara s\u00e5 att svenska tidningar ska rapportera om svenska saker, men har de inte n\u00e5got missat hur stort det h\u00e4r \u00e4r f\u00f6r fotbollsintresserade v\u00e4rlden \u00f6ver?<\/p>\n<p>Det \u00e4r det d\u00e4r dilemmat med papparstidningar, att de inte f\u00e5r plats med s\u00e4rskilt mycket.<\/p>\n<p><a href=\"http:\/\/www.aftonbladet.se\/sportbladet\/fotboll\/internationell\/article3647307.ab\">Aftonbladet<\/a> sl\u00e5r inte p\u00e5 stort men rankar nyheten n\u00e5got st\u00f6rre:<\/p>\n<blockquote><p>Sensationen ser ut att bli verklighet. Diego Armando Maradona har f\u00e5tt fr\u00e5gan om han ville bli ny f\u00f6rbundskapten f\u00f6r Argentina.<br \/>\n\u2013 Vi m\u00e5ste forts\u00e4tta prata, s\u00e4ger Maradona.<\/p><\/blockquote>\n<p>De stora fotbollsnationerna v\u00e5gar s\u00e5dant: de v\u00e5gar de sina stora fotbollsspelare f\u00f6rtroende n\u00e4r de inte l\u00e4ngre spelar i lag. Som Tyskland som hade Klinsman som f\u00f6rbundskapten.<\/p>\n<p>I Sverige envisas vi med att ha v\u00e4ldigt gamla m\u00e4n som f\u00f6rbundskaptener &#8211; och m\u00e4n som inte spelat i landslaget.<\/p>\n<p>Relaterat:<br \/>\n<a href=\"http:\/\/www.dn.se\/DNet\/jsp\/polopoly.jsp?d=647&#038;a=845396\">Dagens Nyheter<\/a><br \/>\n<a href=\"http:\/\/www.svd.se\/sportspel\/nyheter\/artikel_1959827.svd\">Svenska Dagbladet<\/a><\/p>\n<p>Andra bloggar om: <a href=\"http:\/\/bloggar.se\/om\/fotboll\" rel=\"tag\">fotboll<\/a>, <a href=\"http:\/\/bloggar.se\/om\/Argentina\" rel=\"tag\">Argentina<\/a>, <a href=\"http:\/\/bloggar.se\/om\/Maradona\" rel=\"tag\">Maradona<\/a><\/p>\n","protected":false},"excerpt":{"rendered":"<p>Maradona blir f\u00f6rbundskapten f\u00f6r Argentina. Ute i v\u00e4rlden \u00e4r denna nyhet stort uppslagen. I morgontidningen vi har uppslagen vid frukostbordet (den heter Dagens Nyheter och jag pratar pappersupplaga) \u00e4r det en liten notis. Det m\u00e5 vara s\u00e5 att svenska tidningar ska rapportera om svenska saker, men har de inte n\u00e5got missat hur stort det h\u00e4r [&hellip;]<\/p>\n","protected":false},"author":2,"featured_media":0,"comment_status":"open","ping_status":"open","sticky":false,"template":"","format":"standard","meta":{"_genesis_hide_title":false,"_genesis_hide_breadcrumbs":false,"_genesis_hide_singular_image":false,"_genesis_hide_footer_widgets":false,"_genesis_custom_body_class":"","_genesis_custom_post_class":"","_genesis_layout":"","footnotes":""},"categories":[20],"tags":[396,12292],"class_list":{"0":"post-3507","1":"post","2":"type-post","3":"status-publish","4":"format-standard","6":"category-film","7":"tag-argentina","8":"tag-fotboll-sport-nyheter","9":"entry"},"_links":{"self":[{"href":"https:\/\/kulturbloggen.com\/index.php?rest_route=\/wp\/v2\/posts\/3507","targetHints":{"allow":["GET"]}}],"collection":[{"href":"https:\/\/kulturbloggen.com\/index.php?rest_route=\/wp\/v2\/posts"}],"about":[{"href":"https:\/\/kulturbloggen.com\/index.php?rest_route=\/wp\/v2\/types\/post"}],"author":[{"embeddable":true,"href":"https:\/\/kulturbloggen.com\/index.php?rest_route=\/wp\/v2\/users\/2"}],"replies":[{"embeddable":true,"href":"https:\/\/kulturbloggen.com\/index.php?rest_route=%2Fwp%2Fv2%2Fcomments&post=3507"}],"version-history":[{"count":0,"href":"https:\/\/kulturbloggen.com\/index.php?rest_route=\/wp\/v2\/posts\/3507\/revisions"}],"wp:attachment":[{"href":"https:\/\/kulturbloggen.com\/index.php?rest_route=%2Fwp%2Fv2%2Fmedia&parent=3507"}],"wp:term":[{"taxonomy":"category","embeddable":true,"href":"https:\/\/kulturbloggen.com\/index.php?rest_route=%2Fwp%2Fv2%2Fcategories&post=3507"},{"taxonomy":"post_tag","embeddable":true,"href":"https:\/\/kulturbloggen.com\/index.php?rest_route=%2Fwp%2Fv2%2Ftags&post=3507"}],"curies":[{"name":"wp","href":"https:\/\/api.w.org\/{rel}","templated":true}]}}