{"id":35038,"date":"2011-05-03T11:46:35","date_gmt":"2011-05-03T09:46:35","guid":{"rendered":"http:\/\/kulturbloggen.com\/?p=35038"},"modified":"2011-05-03T11:46:35","modified_gmt":"2011-05-03T09:46:35","slug":"sverigepremiar-for-den-senaste-sasongen-av-south-park-8-maj-vagar-jag-tro-pa-pressmeddelandet","status":"publish","type":"post","link":"https:\/\/kulturbloggen.com\/?p=35038","title":{"rendered":"Sverigepremi\u00e4r f\u00f6r den senaste s\u00e4songen av South Park 8 maj, v\u00e5gar jag tro p\u00e5 pressmeddelandet?"},"content":{"rendered":"<p><a href=\"http:\/\/kulturbloggen.com\/wp-content\/uploads\/2011\/05\/southpark_senaste.jpg\"><img loading=\"lazy\" decoding=\"async\" src=\"http:\/\/kulturbloggen.com\/wp-content\/uploads\/2011\/05\/southpark_senaste-300x231.jpg\" alt=\"\" title=\"southpark_senaste\" width=\"300\" height=\"231\" class=\"aligncenter size-medium wp-image-35040\" \/><\/a><br \/>\nSenast jag fick ett pressmeddelande fr\u00e5n Comedy Central var det bluff. Det var deras aprilsk\u00e4mt om att en serie med South Park med riktiga sk\u00e5despelare spelats in. S\u00e5 det \u00e4r med viss tvekan jag nu f\u00f6r vidare vad de s\u00e4ger i sitt pressmeddelande. Riktigt litar jag inte p\u00e5 dem. Det \u00e4r intressant att se hur snart ett f\u00f6rtroende kan raseras. Comedy Central ber\u00e4ttar att det \u00e4r Sverigepremi\u00e4r 8 maj f\u00f6r den senaste s\u00e4songen av South Park..<\/p>\n<p>Det \u00e4r endast en och en halv vecka efter v\u00e4rldspremi\u00e4ren i USA. Kanalen kommer att visa samtliga avsnitt av den nya s\u00e4songen med endast en veckas f\u00f6rdr\u00f6jning fr\u00e5n att det s\u00e4nds i USA.<\/p>\n<p>Comedy Central ber\u00e4ttar att I premi\u00e4ravsnittet f\u00f6renas en av v\u00e4rldens popul\u00e4raste teknikprylar med en av vad recensenter de \u00e4ckligaste filmer som n\u00e5gonsin gjorts.<\/p>\n<p>Lite mer om f\u00f6rsta avsnittet, fr\u00e5n pressmeddelandet:<br \/>\nPremi\u00e4ravsnittet f\u00f6r South Park s\u00e4song 15 heter The HUMANCENTiPAD och driver hejdl\u00f6st med varum\u00e4rket Apple och grundare Steve Jobs. Apples senaste produkt kopplar ordagrant ihop f\u00f6retagets popul\u00e4ra iPad med anv\u00e4ndarna till maskinen The HUMANCENTiPAD. Skapelsen \u00e4r lika delar produkt och experiment, och Kyle Broflovski \u00e4r en av tre personer som tvingas delta i experimentet d\u00e5 han skrev under p\u00e5 Apples senaste iTunes-uppdatering utan att ha l\u00e4st igenom hela avtalet.<\/p>\n<p><a href=\"http:\/\/kulturbloggen.com\/wp-content\/uploads\/2011\/05\/soutpark2.jpg\"><img loading=\"lazy\" decoding=\"async\" src=\"http:\/\/kulturbloggen.com\/wp-content\/uploads\/2011\/05\/soutpark2-300x231.jpg\" alt=\"\" title=\"soutpark2\" width=\"300\" height=\"231\" class=\"alignright size-medium wp-image-35041\" \/><\/a>Samtidigt \u00e4r Cartman p\u00e5 krigstigen d\u00e5 hans mamma v\u00e4grar att ge honom en iPad, och han anklagar sin henne f\u00f6r att ha antastat honom sexuellt.<\/p>\n<p>Premi\u00e4ravsnittet har inspirerats av filmen The Human Centipede fr\u00e5n 2009, d\u00e4r en galen l\u00e4kare syr ihop tre m\u00e4nniskor i varandra f\u00f6r att efterlikna en tusenfoting. Filmen blev omskriven som en av de \u00e4ckligaste n\u00e5gonsin f\u00f6r det absurt grova inneh\u00e5llet. <\/p>\n<p>L\u00e4s \u00e4ven andra bloggares \u00e5sikter om <a href=\"http:\/\/bloggar.se\/om\/South+Park\" rel=\"tag\">South Park<\/a>, <a href=\"http:\/\/bloggar.se\/om\/Sverigepremi%E4r\" rel=\"tag\">Sverigepremi\u00e4r<\/a>, <a href=\"http:\/\/bloggar.se\/om\/tv\" rel=\"tag\">tv<\/a><\/p>\n","protected":false},"excerpt":{"rendered":"<p>Senast jag fick ett pressmeddelande fr\u00e5n Comedy Central var det bluff. Det var deras aprilsk\u00e4mt om att en serie med South Park med riktiga sk\u00e5despelare spelats in. S\u00e5 det \u00e4r med viss tvekan jag nu f\u00f6r vidare vad de s\u00e4ger i sitt pressmeddelande. Riktigt litar jag inte p\u00e5 dem. Det \u00e4r intressant att se hur [&hellip;]<\/p>\n","protected":false},"author":13,"featured_media":0,"comment_status":"open","ping_status":"open","sticky":false,"template":"","format":"standard","meta":{"_genesis_hide_title":false,"_genesis_hide_breadcrumbs":false,"_genesis_hide_singular_image":false,"_genesis_hide_footer_widgets":false,"_genesis_custom_body_class":"","_genesis_custom_post_class":"","_genesis_layout":"","footnotes":""},"categories":[20],"tags":[5290,5536,6012],"class_list":{"0":"post-35038","1":"post","2":"type-post","3":"status-publish","4":"format-standard","6":"category-film","7":"tag-south-park","8":"tag-sverigepremiar","9":"tag-tv","10":"entry"},"_links":{"self":[{"href":"https:\/\/kulturbloggen.com\/index.php?rest_route=\/wp\/v2\/posts\/35038","targetHints":{"allow":["GET"]}}],"collection":[{"href":"https:\/\/kulturbloggen.com\/index.php?rest_route=\/wp\/v2\/posts"}],"about":[{"href":"https:\/\/kulturbloggen.com\/index.php?rest_route=\/wp\/v2\/types\/post"}],"author":[{"embeddable":true,"href":"https:\/\/kulturbloggen.com\/index.php?rest_route=\/wp\/v2\/users\/13"}],"replies":[{"embeddable":true,"href":"https:\/\/kulturbloggen.com\/index.php?rest_route=%2Fwp%2Fv2%2Fcomments&post=35038"}],"version-history":[{"count":0,"href":"https:\/\/kulturbloggen.com\/index.php?rest_route=\/wp\/v2\/posts\/35038\/revisions"}],"wp:attachment":[{"href":"https:\/\/kulturbloggen.com\/index.php?rest_route=%2Fwp%2Fv2%2Fmedia&parent=35038"}],"wp:term":[{"taxonomy":"category","embeddable":true,"href":"https:\/\/kulturbloggen.com\/index.php?rest_route=%2Fwp%2Fv2%2Fcategories&post=35038"},{"taxonomy":"post_tag","embeddable":true,"href":"https:\/\/kulturbloggen.com\/index.php?rest_route=%2Fwp%2Fv2%2Ftags&post=35038"}],"curies":[{"name":"wp","href":"https:\/\/api.w.org\/{rel}","templated":true}]}}