{"id":34745,"date":"2011-04-27T23:48:05","date_gmt":"2011-04-27T21:48:05","guid":{"rendered":"http:\/\/kulturbloggen.com\/?p=34745"},"modified":"2011-04-27T23:48:05","modified_gmt":"2011-04-27T21:48:05","slug":"apple-sager-att-de-inte-alls-sparar-din-iphone","status":"publish","type":"post","link":"https:\/\/kulturbloggen.com\/?p=34745","title":{"rendered":"Apple s\u00e4ger att de inte alls sp\u00e5rar din Iphone"},"content":{"rendered":"<p><a href=\"http:\/\/kulturbloggen.com\/wp-content\/uploads\/2010\/01\/stevejobs.png\"><img loading=\"lazy\" decoding=\"async\" class=\"aligncenter size-full wp-image-17026\" title=\"stevejobs\" src=\"http:\/\/kulturbloggen.com\/wp-content\/uploads\/2010\/01\/stevejobs.png\" alt=\"\" width=\"238\" height=\"252\" \/><\/a><\/p>\n<p>Efter att forskare hittat en fil i Iphone d\u00e4r positionsdata sparas har det varit tyst fr\u00e5n Apple. Nu s\u00e4ger de att det inte \u00e4r fr\u00e5ga om sp\u00e5rning utan data om vilka master och n\u00e4tverk telefonen varit i n\u00e4rheten av. Vilket l\u00e5ter som samma sak i mina \u00f6ron. Apple s\u00e4ger ocks\u00e5 att det \u00e4r en bugg att data sparats n\u00e5gon l\u00e4ngre tid och en uppdatering kall fixa detta.<\/p>\n<p>En liknande fil skall ha hittats i Windows Phone 7 och Android.<\/p>\n<p>Dessa data sparas i en okrypterad fil och \u00f6verf\u00f6rs till din dator n\u00e4r du sykroniserar din telefon. Det h\u00e4r betyder att vems om helst som har tillg\u00e5ng till din telefon kan f\u00e5 veta exakt hur du r\u00f6rt dig.<\/p>\n<p>Ingen vet om telefontillverkarna alls anv\u00e4nder informationen i den h\u00e4r filen eller om den s\u00e4nds fr\u00e5n telefonen.<\/p>\n<p>Att spara den h\u00e4r typen av data \u00e4r inget brott mot anv\u00e4ndaravtalet, det st\u00e5r klart och tydligt att Apple har r\u00e4tt at spara den h\u00e4r typen av information. Eftersom det visat sig att Android och Windows har samma funktion s\u00e4ger det v\u00e4l oss att det \u00e4r viktigt att l\u00e4sa avtalet s\u00e5 att man \u00e5tmistone vet vad man kan f\u00f6rv\u00e4nta sig. Det kan h\u00e4nda att den h\u00e4r filen \u00e4r viktig f\u00f6r telefonens funktion men det g\u00f6r mig fundersam att tillverkarna inte tycker det \u00e4r viktigt att ber\u00e4tta att den finns. Det finns ju personer som har skyddad identitet och f\u00f6r dem \u00e4r det h\u00e4r ett klart hot mot deras trygghet.<\/p>\n<p><a href=\"http:\/\/www.metro.se\/teknik\/apple-vi-sparar-inte-din-iphone\/EVHkdA!tPrumAw1Tn8Ks\/\">Metro Teknik<\/a><\/p>\n<p><a href=\"http:\/\/www.guardian.co.uk\/technology\/2011\/apr\/20\/iphone-tracking-prompts-privacy-fears\">Guardian<\/a><\/p>\n<p><a href=\"http:\/\/intressant.se\/intressant\">Intressant?<\/a> L\u00e4s \u00e4ven andra bloggares \u00e5sikter om <a rel=\"tag\" href=\"http:\/\/bloggar.se\/om\/Apple\">Apple<\/a>, <a rel=\"tag\" href=\"http:\/\/bloggar.se\/om\/Iphone\">Iphone<\/a>, <a rel=\"tag\" href=\"http:\/\/bloggar.se\/om\/Android\">Android<\/a>, <a rel=\"tag\" href=\"http:\/\/bloggar.se\/om\/s%E4kerhet\">s\u00e4kerhet<\/a><\/p>\n","protected":false},"excerpt":{"rendered":"<p>Efter att forskare hittat en fil i Iphone d\u00e4r positionsdata sparas har det varit tyst fr\u00e5n Apple. Nu s\u00e4ger de att det inte \u00e4r fr\u00e5ga om sp\u00e5rning utan data om vilka master och n\u00e4tverk telefonen varit i n\u00e4rheten av. Vilket l\u00e5ter som samma sak i mina \u00f6ron. Apple s\u00e4ger ocks\u00e5 att det \u00e4r en bugg [&hellip;]<\/p>\n","protected":false},"author":13,"featured_media":0,"comment_status":"open","ping_status":"open","sticky":false,"template":"","format":"standard","meta":{"_genesis_hide_title":false,"_genesis_hide_breadcrumbs":false,"_genesis_hide_singular_image":false,"_genesis_hide_footer_widgets":false,"_genesis_custom_body_class":"","_genesis_custom_post_class":"","_genesis_layout":"","footnotes":""},"categories":[20],"tags":[274,362,2540,5580],"class_list":{"0":"post-34745","1":"post","2":"type-post","3":"status-publish","4":"format-standard","6":"category-film","7":"tag-android","8":"tag-apple","9":"tag-iphone","10":"tag-sakerhet","11":"entry"},"_links":{"self":[{"href":"https:\/\/kulturbloggen.com\/index.php?rest_route=\/wp\/v2\/posts\/34745","targetHints":{"allow":["GET"]}}],"collection":[{"href":"https:\/\/kulturbloggen.com\/index.php?rest_route=\/wp\/v2\/posts"}],"about":[{"href":"https:\/\/kulturbloggen.com\/index.php?rest_route=\/wp\/v2\/types\/post"}],"author":[{"embeddable":true,"href":"https:\/\/kulturbloggen.com\/index.php?rest_route=\/wp\/v2\/users\/13"}],"replies":[{"embeddable":true,"href":"https:\/\/kulturbloggen.com\/index.php?rest_route=%2Fwp%2Fv2%2Fcomments&post=34745"}],"version-history":[{"count":0,"href":"https:\/\/kulturbloggen.com\/index.php?rest_route=\/wp\/v2\/posts\/34745\/revisions"}],"wp:attachment":[{"href":"https:\/\/kulturbloggen.com\/index.php?rest_route=%2Fwp%2Fv2%2Fmedia&parent=34745"}],"wp:term":[{"taxonomy":"category","embeddable":true,"href":"https:\/\/kulturbloggen.com\/index.php?rest_route=%2Fwp%2Fv2%2Fcategories&post=34745"},{"taxonomy":"post_tag","embeddable":true,"href":"https:\/\/kulturbloggen.com\/index.php?rest_route=%2Fwp%2Fv2%2Ftags&post=34745"}],"curies":[{"name":"wp","href":"https:\/\/api.w.org\/{rel}","templated":true}]}}