{"id":34574,"date":"2011-04-27T16:30:23","date_gmt":"2011-04-27T14:30:23","guid":{"rendered":"http:\/\/kulturbloggen.com\/?p=34574"},"modified":"2011-04-27T16:30:23","modified_gmt":"2011-04-27T14:30:23","slug":"nu-slapps-arets-mest-hajpade-skiva-%e2%80%93-kulturbloggen-har-lyssnat-pa-satan-i-gatan-av-veronica-maggio","status":"publish","type":"post","link":"https:\/\/kulturbloggen.com\/?p=34574","title":{"rendered":"Nu \u00e4r \u00e5rets mest hajpade skiva h\u00e4r \u2013 Kulturbloggen har lyssnat p\u00e5 Satan i gatan av Veronica Maggio"},"content":{"rendered":"<p><a href=\"http:\/\/kulturbloggen.com\/wp-content\/uploads\/2011\/04\/satanigatan.jpg\"><img loading=\"lazy\" decoding=\"async\" src=\"http:\/\/kulturbloggen.com\/wp-content\/uploads\/2011\/04\/satanigatan-300x300.jpg\" alt=\"\" title=\"satanigatan\" width=\"300\" height=\"300\" class=\"aligncenter size-medium wp-image-34575\" \/><\/a><\/p>\n<p><em>Artist: Veronica Maggio<br \/>\nTitel: Satan i gatan<br \/>\nBetyg: 3<br \/>\nReleasedatum: 27 april 2011<\/em><\/p>\n<p>Ska 2011, fem \u00e5r efter genombrottssingeln <em>Dumpa mig<\/em>, bli Veronica Maggios \u00e5r? <\/p>\n<p>Kommersiellt sett \u00e4r det nog ingen tvekan om det f\u00f6r \u00f6ppningssp\u00e5ret <em>Satan i gatan<\/em> tar vid d\u00e4r Oskar Linnros och Daniel Adams-Ray avrundade pop\u00e5ret 2010 och den andra l\u00e5ten, <em>V\u00e4lkommen in<\/em>, \u00e4r faktiskt rent av en fruktansv\u00e4rt bra popl\u00e5t. <\/p>\n<p>Och <em>Jag kommer<\/em> har v\u00e4l knappast kunnat undg\u00e5 n\u00e5gon&#8230;<\/p>\n<p>D\u00e4refter fastnar dock skivan i ett m\u00f6nster vilket jag till en b\u00f6rjan hade sv\u00e5rt f\u00f6r men efter ytterligare ett par lyssningar l\u00e4rde mig att acceptera och n\u00e4stan se en r\u00f6d tr\u00e5d i.<\/p>\n<p>Jag gr\u00e4mer mig dock lite \u00f6ver att vissa l\u00e5tar, exempelvis <em>Sju sorger<\/em> och <em>Finns det en s\u00e5 finns det flera<\/em>, k\u00e4nns som embryot till n\u00e5got som skulle kunna ha blivit storslaget.<\/p>\n<p>\u00d6verlag \u00e4r <em>Satan i gatan<\/em> en f\u00f6rv\u00e5nansv\u00e4rt tr\u00e4ffs\u00e4ker popskiva, det \u00e4r ingen tvekan om att vissa l\u00e5tar kommer spelas s\u00f6nder p\u00e5 radion i sommar.<\/p>\n<p>Dessutom tycker jag att Christian Walz gjort ett bra jobb som producent &#8211; jag misst\u00e4nker att det \u00e4r han som ligger bakom de stundtals superelektroniska syntarna som helt klart bidrar till skivans estetik.<\/p>\n<p>B\u00e4sta sp\u00e5r:<em> Jag kommer<\/em><\/p>\n<p>Vad v\u00e5ra v\u00e4nner p\u00e5 Popdr\u00f6mmen har skrivit om skivan kan du l\u00e4sa <a href=\"http:\/\/werun.nyheter24.se\/popdrommen\/2011\/04\/26\/veronica-maggio-satan-i-gatan-track-by-track\/\">h\u00e4r<\/a>.<\/p>\n","protected":false},"excerpt":{"rendered":"<p>Artist: Veronica Maggio Titel: Satan i gatan Betyg: 3 Releasedatum: 27 april 2011 Ska 2011, fem \u00e5r efter genombrottssingeln Dumpa mig, bli Veronica Maggios \u00e5r? Kommersiellt sett \u00e4r det nog ingen tvekan om det f\u00f6r \u00f6ppningssp\u00e5ret Satan i gatan tar vid d\u00e4r Oskar Linnros och Daniel Adams-Ray avrundade pop\u00e5ret 2010 och den andra l\u00e5ten, V\u00e4lkommen [&hellip;]<\/p>\n","protected":false},"author":3,"featured_media":0,"comment_status":"open","ping_status":"open","sticky":false,"template":"","format":"standard","meta":{"_genesis_hide_title":false,"_genesis_hide_breadcrumbs":false,"_genesis_hide_singular_image":false,"_genesis_hide_footer_widgets":false,"_genesis_custom_body_class":"","_genesis_custom_post_class":"","_genesis_layout":"","footnotes":""},"categories":[7,16,22],"tags":[4942,6216],"class_list":{"0":"post-34574","1":"post","2":"type-post","3":"status-publish","4":"format-standard","6":"category-musik","7":"category-recension","8":"category-skivor","9":"tag-satan-i-gatan","10":"tag-veronica-maggio","11":"entry"},"_links":{"self":[{"href":"https:\/\/kulturbloggen.com\/index.php?rest_route=\/wp\/v2\/posts\/34574","targetHints":{"allow":["GET"]}}],"collection":[{"href":"https:\/\/kulturbloggen.com\/index.php?rest_route=\/wp\/v2\/posts"}],"about":[{"href":"https:\/\/kulturbloggen.com\/index.php?rest_route=\/wp\/v2\/types\/post"}],"author":[{"embeddable":true,"href":"https:\/\/kulturbloggen.com\/index.php?rest_route=\/wp\/v2\/users\/3"}],"replies":[{"embeddable":true,"href":"https:\/\/kulturbloggen.com\/index.php?rest_route=%2Fwp%2Fv2%2Fcomments&post=34574"}],"version-history":[{"count":0,"href":"https:\/\/kulturbloggen.com\/index.php?rest_route=\/wp\/v2\/posts\/34574\/revisions"}],"wp:attachment":[{"href":"https:\/\/kulturbloggen.com\/index.php?rest_route=%2Fwp%2Fv2%2Fmedia&parent=34574"}],"wp:term":[{"taxonomy":"category","embeddable":true,"href":"https:\/\/kulturbloggen.com\/index.php?rest_route=%2Fwp%2Fv2%2Fcategories&post=34574"},{"taxonomy":"post_tag","embeddable":true,"href":"https:\/\/kulturbloggen.com\/index.php?rest_route=%2Fwp%2Fv2%2Ftags&post=34574"}],"curies":[{"name":"wp","href":"https:\/\/api.w.org\/{rel}","templated":true}]}}