{"id":34451,"date":"2011-04-25T08:46:15","date_gmt":"2011-04-25T06:46:15","guid":{"rendered":"http:\/\/kulturbloggen.com\/?p=34451"},"modified":"2011-04-25T08:46:15","modified_gmt":"2011-04-25T06:46:15","slug":"wikileaks-150-oskyldiga-fick-sitta-i-aratal-i-guantanamo","status":"publish","type":"post","link":"https:\/\/kulturbloggen.com\/?p=34451","title":{"rendered":"Wikileaks: 150 oskyldiga fick sitta i \u00e5ratal i Guantanamo"},"content":{"rendered":"<p><a href=\"http:\/\/kulturbloggen.com\/wp-content\/uploads\/2011\/04\/Sk\u00e4rmavbild-2011-04-25-kl.-08.38.03.png\"><img loading=\"lazy\" decoding=\"async\" src=\"http:\/\/kulturbloggen.com\/wp-content\/uploads\/2011\/04\/Sk\u00e4rmavbild-2011-04-25-kl.-08.38.03-300x187.png\" alt=\"\" title=\"Sk\u00e4rmavbild 2011-04-25 kl. 08.38.03\" width=\"300\" height=\"187\" class=\"aligncenter size-medium wp-image-34453\" \/><\/a><br \/>\nUSA frigav dussintals &#8221;h\u00f6griskf\u00e5ngar&#8221; fr\u00e5n Guantanamobasen p\u00e5 Kuba, men l\u00e4t \u00f6ver 150 oskyldiga sitta kvar i \u00e5ratal.<br \/>\nDet visar dokument om samtliga 779 m\u00e4n som passerat genom det amerikanska f\u00e5ngl\u00e4gret sedan 2002. Handlingarna har l\u00e4ckts till Wikileaks, som gjort dem tillg\u00e4ngliga f\u00f6r en utvald grupp medier i USA och Europa, bland andra New York Times.<br \/>\n<a href=\"http:\/\/www.dn.se\/nyheter\/wikileaks\/oskyldiga-holls-kvar-pa-guantanamo\">K\u00e4lla DN.<\/a><\/p>\n<p>Enligt rapporten  klassas bara 220 av de 779 som farliga extremister av amerikanska milit\u00e4ra analytiker. 380 ska ha varit &#8221;vanliga&#8221; soldater eller medlemmar av talibanr\u00f6relsen.<br \/>\n150 ska ha varit helt oskyldiga. Enligt amerikanarna sj\u00e4lva. <\/p>\n<p>V\u00e4rlden beh\u00f6ver i allra h\u00f6gsta grad lagar som g\u00f6r det till\u00e5tet f\u00f6r anst\u00e4llda att l\u00e4cka till medier. I det h\u00e4r fallet m\u00e5ste Wikileaks r\u00e4knas in under begreppet medier. Begreppet medier m\u00e5ste vidgas och omfattas av mer \u00e4n traditionella medier.<\/p>\n<p><a href=\"http:\/\/wikileaks.ch\/gitmo\/\">H\u00e4r kan du l\u00e4sa Wikileaks filer om Guatanamo.<\/a><\/p>\n<p>L\u00e4s \u00e4ven andra bloggares \u00e5sikter om <a href=\"http:\/\/bloggar.se\/om\/Guantanamo\" rel=\"tag\">Guantanamo<\/a>, <a href=\"http:\/\/bloggar.se\/om\/wikileaks\" rel=\"tag\">wikileaks<\/a>, <a href=\"http:\/\/bloggar.se\/om\/medier\" rel=\"tag\">medier<\/a><\/p>\n","protected":false},"excerpt":{"rendered":"<p>USA frigav dussintals &#8221;h\u00f6griskf\u00e5ngar&#8221; fr\u00e5n Guantanamobasen p\u00e5 Kuba, men l\u00e4t \u00f6ver 150 oskyldiga sitta kvar i \u00e5ratal. Det visar dokument om samtliga 779 m\u00e4n som passerat genom det amerikanska f\u00e5ngl\u00e4gret sedan 2002. Handlingarna har l\u00e4ckts till Wikileaks, som gjort dem tillg\u00e4ngliga f\u00f6r en utvald grupp medier i USA och Europa, bland andra New York Times. [&hellip;]<\/p>\n","protected":false},"author":13,"featured_media":0,"comment_status":"open","ping_status":"open","sticky":false,"template":"","format":"standard","meta":{"_genesis_hide_title":false,"_genesis_hide_breadcrumbs":false,"_genesis_hide_singular_image":false,"_genesis_hide_footer_widgets":false,"_genesis_custom_body_class":"","_genesis_custom_post_class":"","_genesis_layout":"","footnotes":""},"categories":[62],"tags":[2114,3582,6400],"class_list":{"0":"post-34451","1":"post","2":"type-post","3":"status-publish","4":"format-standard","6":"category-medie-och-kulturpolitik","7":"tag-guantanamo","8":"tag-medier","9":"tag-wikileaks","10":"entry"},"_links":{"self":[{"href":"https:\/\/kulturbloggen.com\/index.php?rest_route=\/wp\/v2\/posts\/34451","targetHints":{"allow":["GET"]}}],"collection":[{"href":"https:\/\/kulturbloggen.com\/index.php?rest_route=\/wp\/v2\/posts"}],"about":[{"href":"https:\/\/kulturbloggen.com\/index.php?rest_route=\/wp\/v2\/types\/post"}],"author":[{"embeddable":true,"href":"https:\/\/kulturbloggen.com\/index.php?rest_route=\/wp\/v2\/users\/13"}],"replies":[{"embeddable":true,"href":"https:\/\/kulturbloggen.com\/index.php?rest_route=%2Fwp%2Fv2%2Fcomments&post=34451"}],"version-history":[{"count":0,"href":"https:\/\/kulturbloggen.com\/index.php?rest_route=\/wp\/v2\/posts\/34451\/revisions"}],"wp:attachment":[{"href":"https:\/\/kulturbloggen.com\/index.php?rest_route=%2Fwp%2Fv2%2Fmedia&parent=34451"}],"wp:term":[{"taxonomy":"category","embeddable":true,"href":"https:\/\/kulturbloggen.com\/index.php?rest_route=%2Fwp%2Fv2%2Fcategories&post=34451"},{"taxonomy":"post_tag","embeddable":true,"href":"https:\/\/kulturbloggen.com\/index.php?rest_route=%2Fwp%2Fv2%2Ftags&post=34451"}],"curies":[{"name":"wp","href":"https:\/\/api.w.org\/{rel}","templated":true}]}}