{"id":34447,"date":"2011-04-24T18:29:21","date_gmt":"2011-04-24T16:29:21","guid":{"rendered":"http:\/\/kulturbloggen.com\/?p=34447"},"modified":"2011-04-24T18:29:21","modified_gmt":"2011-04-24T16:29:21","slug":"annandag-pask-ar-dagen-for-paskuppror-mot-utforsakringarna","status":"publish","type":"post","link":"https:\/\/kulturbloggen.com\/?p=34447","title":{"rendered":"Annandag p\u00e5sk \u00e4r dagen f\u00f6r p\u00e5skuppror mot utf\u00f6rs\u00e4kringarna"},"content":{"rendered":"<p><a href=\"http:\/\/kulturbloggen.com\/wp-content\/uploads\/2011\/04\/paskuppror.jpg\"><img loading=\"lazy\" decoding=\"async\" src=\"http:\/\/kulturbloggen.com\/wp-content\/uploads\/2011\/04\/paskuppror.jpg\" alt=\"\" title=\"paskuppror\" width=\"130\" height=\"124\" class=\"aligncenter size-full wp-image-34448\" \/><\/a><\/p>\n<p>Runt om i landet ska det bli manifestationer p\u00e5 annandagen, det \u00e4r dags f\u00f6r P\u00e5skupprop mot utf\u00f6rs\u00e4kringarna.<br \/>\n <a href=\"http:\/\/www.facebook.com\/event.php?eid=174260622617617\">P\u00e5skupproret har mer info i Facebook.<\/a><\/p>\n<p>En av de fr\u00e4msta sk\u00e4len till att det h\u00e4r upproret beh\u00f6vs \u00e4r att regeln om utf\u00f6rs\u00e4kringar av sv\u00e5rt sjuka bygger p\u00e5 den falska uppfattningen att m\u00e4nniskor som blir sv\u00e5rt sjuka och l\u00e4nge \u00e4r det medvetet.<br \/>\nEtt samh\u00e4lle d\u00e4r vi inte \u00e4r solidariska med de sv\u00e5rt sjuka, ett s\u00e5dant samh\u00e4lle kommer att falla ihop.<\/p>\n<p><a href=\"http:\/\/www.aftonbladet.se\/nyheter\/article12928214.ab\">Aftonbladet ber\u00e4ttar om p\u00e5skupproret:<\/a><\/p>\n<p>Kritiken mot regeringens f\u00f6r\u00e4ndringar i sjukf\u00f6rs\u00e4kringen har varit h\u00e5rd.<br \/>\nOch i morgon sker stora protester i det s\u00e5 kallade p\u00e5skuppropet i 29 svenska st\u00e4der.<br \/>\n\u2013 Det \u00e4r ett s\u00e4tt att f\u00e5 en vanligtvis tyst minoritet att synas och h\u00f6ras, s\u00e4ger cancerdrabbade stj\u00e4rnkr\u00f6garen Erik Videg\u00e5rd, som \u00e4r en av p\u00e5skuppropets talare.<br \/>\nDet \u00e4r Sveriges kristna r\u00e5d som samlat till protester mot f\u00f6r\u00e4ndringarna i sjukf\u00f6rs\u00e4kringen och valt att kalla det f\u00f6r p\u00e5skuppropet.<br \/>\nN\u00e5gra demonstrationer h\u00f6lls redan i dag, bland annat i Eskilstuna. Men det \u00e4r p\u00e5 annandagen som de flesta protesterna h\u00e5lls.<\/p>\n<p>L\u00e4s \u00e4ven andra bloggares \u00e5sikter om <a href=\"http:\/\/bloggar.se\/om\/p%E5skuppror\" rel=\"tag\">p\u00e5skuppror<\/a>, <a href=\"http:\/\/bloggar.se\/om\/utf%F6rs%E4kringar\" rel=\"tag\">utf\u00f6rs\u00e4kringar<\/a>, <a href=\"http:\/\/bloggar.se\/om\/samh%E4lle\" rel=\"tag\">samh\u00e4lle<\/a>, <a href=\"http:\/\/bloggar.se\/om\/solidaritet\" rel=\"tag\">solidaritet<\/a><\/p>\n","protected":false},"excerpt":{"rendered":"<p>Runt om i landet ska det bli manifestationer p\u00e5 annandagen, det \u00e4r dags f\u00f6r P\u00e5skupprop mot utf\u00f6rs\u00e4kringarna. P\u00e5skupproret har mer info i Facebook. En av de fr\u00e4msta sk\u00e4len till att det h\u00e4r upproret beh\u00f6vs \u00e4r att regeln om utf\u00f6rs\u00e4kringar av sv\u00e5rt sjuka bygger p\u00e5 den falska uppfattningen att m\u00e4nniskor som blir sv\u00e5rt sjuka och l\u00e4nge [&hellip;]<\/p>\n","protected":false},"author":2,"featured_media":0,"comment_status":"open","ping_status":"open","sticky":false,"template":"","format":"standard","meta":{"_genesis_hide_title":false,"_genesis_hide_breadcrumbs":false,"_genesis_hide_singular_image":false,"_genesis_hide_footer_widgets":false,"_genesis_custom_body_class":"","_genesis_custom_post_class":"","_genesis_layout":"","footnotes":""},"categories":[44],"tags":[4602,4917,5247,6137],"class_list":{"0":"post-34447","1":"post","2":"type-post","3":"status-publish","4":"format-standard","6":"category-chadie","7":"tag-paskuppror","8":"tag-samhalle","9":"tag-solidaritet","10":"tag-utforsakringar","11":"entry"},"_links":{"self":[{"href":"https:\/\/kulturbloggen.com\/index.php?rest_route=\/wp\/v2\/posts\/34447","targetHints":{"allow":["GET"]}}],"collection":[{"href":"https:\/\/kulturbloggen.com\/index.php?rest_route=\/wp\/v2\/posts"}],"about":[{"href":"https:\/\/kulturbloggen.com\/index.php?rest_route=\/wp\/v2\/types\/post"}],"author":[{"embeddable":true,"href":"https:\/\/kulturbloggen.com\/index.php?rest_route=\/wp\/v2\/users\/2"}],"replies":[{"embeddable":true,"href":"https:\/\/kulturbloggen.com\/index.php?rest_route=%2Fwp%2Fv2%2Fcomments&post=34447"}],"version-history":[{"count":0,"href":"https:\/\/kulturbloggen.com\/index.php?rest_route=\/wp\/v2\/posts\/34447\/revisions"}],"wp:attachment":[{"href":"https:\/\/kulturbloggen.com\/index.php?rest_route=%2Fwp%2Fv2%2Fmedia&parent=34447"}],"wp:term":[{"taxonomy":"category","embeddable":true,"href":"https:\/\/kulturbloggen.com\/index.php?rest_route=%2Fwp%2Fv2%2Fcategories&post=34447"},{"taxonomy":"post_tag","embeddable":true,"href":"https:\/\/kulturbloggen.com\/index.php?rest_route=%2Fwp%2Fv2%2Ftags&post=34447"}],"curies":[{"name":"wp","href":"https:\/\/api.w.org\/{rel}","templated":true}]}}