{"id":34133,"date":"2011-04-19T07:12:00","date_gmt":"2011-04-19T05:12:00","guid":{"rendered":"http:\/\/kulturbloggen.com\/?p=34133"},"modified":"2011-04-19T07:12:00","modified_gmt":"2011-04-19T05:12:00","slug":"40-ar-efter-striden-om-almarna-nu-ska-det-firas-med-ett-jatteparty","status":"publish","type":"post","link":"https:\/\/kulturbloggen.com\/?p=34133","title":{"rendered":"40 \u00e5r efter striden om Almarna &#8211; nu ska det firas med ett j\u00e4tteparty"},"content":{"rendered":"<p><a href=\"http:\/\/kulturbloggen.com\/wp-content\/uploads\/2011\/04\/Sk\u00e4rmavbild-2011-04-19-kl.-07.09.13.png\"><img loading=\"lazy\" decoding=\"async\" src=\"http:\/\/kulturbloggen.com\/wp-content\/uploads\/2011\/04\/Sk\u00e4rmavbild-2011-04-19-kl.-07.09.13-300x187.png\" alt=\"\" title=\"Sk\u00e4rmavbild 2011-04-19 kl. 07.09.13\" width=\"300\" height=\"187\" class=\"aligncenter size-medium wp-image-34134\" \/><\/a><\/p>\n<p>Jag kl\u00e4ttrade upp en bit i almen, kramade grenen. Det var innan jag blev h\u00f6jdr\u00e4dd. Nedanf\u00f6r stod tr\u00e4df\u00e4llarna. Motors\u00e5garna skar in i tr\u00e4dens stammar. Vi kunde h\u00f6ra skriken fr\u00e5n Almarna &#8230; R\u00e4dda oss &#8230;<br \/>\nVi vill inte d\u00f6! <\/p>\n<p>Nu g\u00e5r jag 40 \u00e5r senare i samma Kungstr\u00e4dg\u00e5rd. Den 11 maj skall vi fira Almarnas \u00f6verlevnad. Inte med t\u00e5rta men v\u00e4l med ett j\u00e4tteparty till deras \u00e4ra. Men ocks\u00e5 till alla de m\u00e4nniskor som fanns med oss i striden. Visste ni att minst 40.000 skrev under listorna mot att Almarna skulle s\u00e5gas ner! <\/p>\n<p>En av dagens jubileumsakt\u00f6rer har listorna kvar hemma p\u00e5 vinden. Skrivet p\u00e5 tidningspapper som n\u00e5got pappersbruk donerade till oss. Jag minns tanterna fr\u00e5n \u00d6stermalm som kom ner p\u00e5 natten med br\u00f6d, ost och annat f\u00f6r att vi skulle kunna \u00e4ta utan att l\u00e4mna omr\u00e5det. Vi f\u00f6ddes som i ett flyktingl\u00e4ger, tror jag. Vi hade allt, mat, support, k\u00e4rlek och gemenskap.<\/p>\n<p>Jag minns en ung kille han var runt 14 d\u00e5. Han var anarkist. Hade l\u00e4st allt fr\u00e5n Marx till Alexandra Kollonta,  Bakunin.  Skolan var hans minsta bekymmer, f\u00f6r honom var kampen det viktigaste och jag tror att i Almstriden fick han ut en m\u00e4ngd av sin ungdomliga energi. Fick h\u00f6ra flera \u00e5r senare att han tillh\u00f6rde g\u00e4nget kring dem som skulle kidnappa Anna Greta Leijon. Efter ett l\u00e4ngre f\u00e4ngelsestraff och n\u00e5gra \u00e5r i frihet dog han av en \u00f6verdos. Det gjorde mig ont, f\u00f6r jag minns honom s\u00e5 vital och framtidsinriktad och oerh\u00f6rt beg\u00e5vad. Livet blir inte alltid vad vi t\u00e4nkt och trott.<\/p>\n<p>Nu tr\u00e4ffas vi delar av gamla g\u00e4nget. G\u00f6ran Fohlin, Per Janse, Tomas Beer, Peo Thisner, Nisse Carl\u00e9n (anarkosyndikalisten), Ingrid Eriksson, Inger Thunvall med flera &#8230;.<\/p>\n<p>Det s\u00e4ndes en vind av 70-tal. Vi pratade i munnen, tappade m\u00f6tesordningen, \u00e5terfann oss som skamsna skolbarn under ordf\u00f6randes f\u00f6rs\u00f6k att h\u00e5lla ordning p\u00e5 oss. Vi pratade om artister, Ulf Lundell, Evert Taube som skrev en dikt till Almarna och Astrid som sk\u00e4nkte ett antal littografier signerade till Almgruppen.<\/p>\n<p>Jag minns hur operak\u00f6ren i en mellanakt pl\u00f6tsligt st\u00e5r p\u00e5 balkongen till Operan och sjunger L\u00e5t Almarna leva&#8230; det var s\u00e5 vackert s\u00e5 otroligt magiskt. I denna majnatt sj\u00f6ng medel- och borgarklassens h\u00f6gsta kulturhus, f\u00f6r oss och almarna.<\/p>\n<p>\u00c5tskilliga av Stockholms musikaliska v\u00e4rld med samvete och socialt engagemang, demokratins f\u00f6rsvarare var d\u00e4r.  Sk\u00e5despelare, konstn\u00e4rer, f\u00f6rfattare, politiskt vilda, studenter, skolbarn. Alla slogs vi f\u00f6r en och samma sak &#8211; almarna. idag med lite distans tror jag att vi slogs f\u00f6r demokratin och r\u00e4tten att utf\u00f6ra civil olydnad. Det var aldrig n\u00e5gon som ville skada eller g\u00f6ra illa. Vi ville bara s\u00e5 g\u00e4rna att Teatlys Tehus och Almarna skulle vara kvar f\u00f6r evigt. Tehuset var en borg. En plats f\u00f6r te och varma sm\u00f6rg\u00e5sar. Utbudet var inte s\u00e5 stort, men vi kunde dricka te till inte en allt f\u00f6r stor kostnad. D\u00e4r satt vi under tr\u00e4den och diskuterade v\u00e4rldens problem, musik och kultur. <\/p>\n<p>Tiden var s\u00e5 h\u00e4rlig och befriande. Vi slogs f\u00f6r r\u00e4tten till det som politiker och beslutsfattare beskrev som det nya Stockholm. L\u00e5t g\u00e5 f\u00f6r det nya Stockholm, men inte just d\u00e4r. Bland 100 \u00e5riga almar. Tehuset och inte minst kampen f\u00f6r att milj\u00f6n m\u00e5ste f\u00e5 sitt utrymme ocks\u00e5 i det moderna Stockholm.<\/p>\n<p>Jag gl\u00f6mmer aldrig Hasse. Arkitektstuderande, hur han lugnt och sansat i TV f\u00f6rklarade bit f\u00f6r bit varf\u00f6r Almarna skulle vara kvar. Fakta mot dem som trodde de hade fakta, politikerna. Hjalmar Mehr skall senare ha sagt att han tyckte att den komersiella utbyggnaden av Hamngatan gick f\u00f6r l\u00e5ngt. Tacka oss Hjalmar i din grav f\u00f6r att vi stred f\u00f6r Almarna, i annat fall hade Kungstr\u00e4dg\u00e5rden sett annorlunda ut idag.<\/p>\n<p>Men jag tror att den st\u00f6rsta betydelsen rent symboliskt var folkets demokrati som segrade \u00f6ver makten. Det visar att n\u00e4r folket g\u00e5r ihop m\u00e5ste makten ge sig.  Det finns idag ingen j\u00e4mf\u00f6relse med almkampen. Jag var med i Aspudden i arbetet f\u00f6r att bevara Aspuddsbadet. Vi var som mest kanske 100 m\u00e4nniskor, alla ville strida, men det hade beh\u00f6vts fler. Nattvakter, murar mot \u00f6verheten. Men vi tvingades ge upp. Vi gav upp. Vi s\u00e5g gr\u00e4vskoporna rulla ner f\u00f6r gatan mot badet, b\u00f6rja sl\u00e5 s\u00f6nder v\u00e4ggarna. Aspuddsbornas dem som stred f\u00f6r badhuset, r\u00f6ster tystnade i mullret fr\u00e5n gr\u00e4vskoporna. Vi kunde bara st\u00e5 bakom gruppen av poliser, vakter och myndigheter som best\u00e4mt att badhuset skulle rivas.<\/p>\n<p>Kulturborgarr\u00e5det i Stockholm v\u00e4grade kommunicera med oss, hon bloggade.  Madeleine Sj\u00f6stedt ans\u00e5g aldrig att diskussion med ockuppanterna  var n\u00e5got viktigt. Rivningen av Aspuddsbadet, f\u00f6rorternas grupper som stred f\u00f6r sina allhus. Samtliga fick ge sig. Men det var n\u00e5got annat ocks\u00e5. Demokratins r\u00f6st r\u00e4knas inte bland de borgliga politikerna lika lite som de r\u00e4knades f\u00f6r 40 \u00e5r sedan av socialdemokraterna i Stockholm. Det fanns en skillnad vi vann, de dygnen fanns hela Stockholm p\u00e5 plats. I Aspudden och f\u00f6rorterna var det n\u00e5gra f\u00e5 f\u00f6rk\u00e4mpar som stod f\u00f6r kampen. Nog har den politiska dialogen l\u00e4rt sig lite under alla \u00e5r. Nu \u00e4r det bostadsr\u00e4tts\u00e4gare och nyrika som \u00e4r r\u00f6sterna till makten.<\/p>\n<p>Den 11 maj skall vi fira. Fira med allt vad det inneb\u00e4r av musik, debatter, engagemang. Vi skall visa att det finns lite kvar av det som pr\u00e4glade 70-talet. Det \u00e4r en kulturh\u00e4ndelse av stora m\u00e5tt, jag hoppas ni kommer, b\u00e5de unga och gamla. Ni som var d\u00e4r d\u00e5 och ni som tror p\u00e5 att det finns inspiration att h\u00e4mta hos almarna.<\/p>\n<p>F\u00f6lj f\u00f6rberedelserna inf\u00f6r <a href=\"http:\/\/www.facebook.com\/event.php?eid=208546639170526\">Almfesten p\u00e5 Facebook<\/a> och <a href=\"http:\/\/www.alternativstad.nu\/Dokument\/almjubileum2011.html\">Alternativ Stads hemsida<\/a>. Vi ses i Kungstr\u00e4dg\u00e5rden. Ett utf\u00f6rligt program hoppas vi kan rymmas p\u00e5 Kulturbloggen om n\u00e5gon vecka.<\/p>\n<p><em>Den 11 maj planeras festligheter i Kungsan med anledning av att det d\u00e5 \u00e4r exakt 40 \u00e5r sedan det senaste tillf\u00e4llet folket besegrat statsapparaten med v\u00e5ld i Sverige.<\/em><\/p>\n<p>L\u00e4s \u00e4ven andra bloggares \u00e5sikter om <a href=\"http:\/\/bloggar.se\/om\/almarna\" rel=\"tag\">almarna<\/a>, <a href=\"http:\/\/bloggar.se\/om\/almstriden\" rel=\"tag\">almstriden<\/a>, <a href=\"http:\/\/bloggar.se\/om\/Kungstr%E4dg%E5rden\" rel=\"tag\">Kungstr\u00e4dg\u00e5rden<\/a>, <a href=\"http:\/\/bloggar.se\/om\/politik\" rel=\"tag\">politik<\/a><\/p>\n","protected":false},"excerpt":{"rendered":"<p>Jag kl\u00e4ttrade upp en bit i almen, kramade grenen. Det var innan jag blev h\u00f6jdr\u00e4dd. Nedanf\u00f6r stod tr\u00e4df\u00e4llarna. Motors\u00e5garna skar in i tr\u00e4dens stammar. Vi kunde h\u00f6ra skriken fr\u00e5n Almarna &#8230; R\u00e4dda oss &#8230; Vi vill inte d\u00f6! Nu g\u00e5r jag 40 \u00e5r senare i samma Kungstr\u00e4dg\u00e5rd. Den 11 maj skall vi fira Almarnas \u00f6verlevnad. [&hellip;]<\/p>\n","protected":false},"author":13,"featured_media":0,"comment_status":"open","ping_status":"open","sticky":false,"template":"","format":"standard","meta":{"_genesis_hide_title":false,"_genesis_hide_breadcrumbs":false,"_genesis_hide_singular_image":false,"_genesis_hide_footer_widgets":false,"_genesis_custom_body_class":"","_genesis_custom_post_class":"","_genesis_layout":"","footnotes":""},"categories":[62],"tags":[227,229,3145,12284],"class_list":{"0":"post-34133","1":"post","2":"type-post","3":"status-publish","4":"format-standard","6":"category-medie-och-kulturpolitik","7":"tag-almarna","8":"tag-almstriden","9":"tag-kungstradgarden","10":"tag-politik","11":"entry"},"_links":{"self":[{"href":"https:\/\/kulturbloggen.com\/index.php?rest_route=\/wp\/v2\/posts\/34133","targetHints":{"allow":["GET"]}}],"collection":[{"href":"https:\/\/kulturbloggen.com\/index.php?rest_route=\/wp\/v2\/posts"}],"about":[{"href":"https:\/\/kulturbloggen.com\/index.php?rest_route=\/wp\/v2\/types\/post"}],"author":[{"embeddable":true,"href":"https:\/\/kulturbloggen.com\/index.php?rest_route=\/wp\/v2\/users\/13"}],"replies":[{"embeddable":true,"href":"https:\/\/kulturbloggen.com\/index.php?rest_route=%2Fwp%2Fv2%2Fcomments&post=34133"}],"version-history":[{"count":0,"href":"https:\/\/kulturbloggen.com\/index.php?rest_route=\/wp\/v2\/posts\/34133\/revisions"}],"wp:attachment":[{"href":"https:\/\/kulturbloggen.com\/index.php?rest_route=%2Fwp%2Fv2%2Fmedia&parent=34133"}],"wp:term":[{"taxonomy":"category","embeddable":true,"href":"https:\/\/kulturbloggen.com\/index.php?rest_route=%2Fwp%2Fv2%2Fcategories&post=34133"},{"taxonomy":"post_tag","embeddable":true,"href":"https:\/\/kulturbloggen.com\/index.php?rest_route=%2Fwp%2Fv2%2Ftags&post=34133"}],"curies":[{"name":"wp","href":"https:\/\/api.w.org\/{rel}","templated":true}]}}