{"id":3405,"date":"2008-10-27T00:02:08","date_gmt":"2008-10-26T23:02:08","guid":{"rendered":"http:\/\/kulturbloggen.com\/?p=3405"},"modified":"2008-10-27T00:02:08","modified_gmt":"2008-10-26T23:02:08","slug":"vinter-ar-den-normala-tiden-for-sverige-haha-jaja","status":"publish","type":"post","link":"https:\/\/kulturbloggen.com\/?p=3405","title":{"rendered":"Vinter \u00e4r den normala tiden f\u00f6r Sverige, h\u00e5h\u00e5 jaja"},"content":{"rendered":"<p><a href=\"http:\/\/sodergren.com\/kulturbloggen\/wp-content\/uploads\/2008\/10\/vinter125.jpg\"><img loading=\"lazy\" decoding=\"async\" src=\"http:\/\/sodergren.com\/kulturbloggen\/wp-content\/uploads\/2008\/10\/vinter125.jpg\" alt=\"\" title=\"vinter125\" width=\"125\" height=\"250\" class=\"alignright size-full wp-image-3407\" \/><\/a>D\u00e5 har vi v\u00e4nt tiden tillbaka till det som anses vara normaltiden, vintertiden. T\u00e4nk att jag \u00e4r s\u00e5 gammal att n\u00e4r jag var liten hade vi inte den h\u00e4r uppdelningen av vintertid och sommartid. Den uppdelningen har funnits i 28 \u00e5r nu.<\/p>\n<p><a href=\"http:\/\/www.dn.se\/DNet\/jsp\/polopoly.jsp?a=844206\">Dagens Nyheter<\/a> ber\u00e4ttar att det funnits f\u00f6rs\u00f6k tidigare med att genomf\u00f6ra sommartid\/vintertid:<\/p>\n<blockquote><p>Men inf\u00f6randet av sommartid har inte g\u00e5tt helt sm\u00e4rtfritt f\u00f6rbi. Redan sommaren 1916 gjordes ett f\u00f6rs\u00f6k som var f\u00f6ga popul\u00e4rt. Men debatten har varit i g\u00e5ng efter att det inf\u00f6rdes igen 1980. Lantbrukare har bland annat varit uppr\u00f6rda \u00f6ver att mj\u00f6lkningen av kor har kommit ur fas.<\/p><\/blockquote>\n<p>F\u00f6r den som arbetat natt just den natten d\u00e5 tiden vrids tillbaka \u00e4r det alltid lite sm\u00e5trist, en timme extra arbetstid, utan ers\u00e4ttning. Jag har jobbat natt s\u00e5, b\u00e5de i mitt f\u00f6rsta yrke inom sjukv\u00e5rd och mitt andra yrke, som journalist p\u00e5 TT, Tidningarnas Telegrambyr\u00e5.<\/p>\n<p>Jo, det k\u00e4ndes i morse att det var vintertid. Det var frost p\u00e5 marken och kyla i luften.<\/p>\n<p>Och det \u00e4r v\u00e4l d\u00e4rf\u00f6r vintertiden kallas normaltid. Kyla \u00e4r v\u00e4l normaltillst\u00e5ndet i det h\u00e4r landet.<\/p>\n<p><a href=\"http:\/\/finnjonna.blogspot.com\/2008\/10\/dagen-gr-mot-sitt-slut.html\">Finnjobba<\/a> och <a href=\"http:\/\/www.blackwater.se\/?p=2324\">Blackwater<\/a> har ocks\u00e5 filosoferat kring tiden och vintertiden.<\/p>\n<p>Andra bloggar om: <a href=\"http:\/\/bloggar.se\/om\/v%E4der\" rel=\"tag\">v\u00e4der<\/a>, <a href=\"http:\/\/bloggar.se\/om\/klimat\" rel=\"tag\">klimat<\/a>, <a href=\"http:\/\/bloggar.se\/om\/vinter\" rel=\"tag\">vinter<\/a>, <a href=\"http:\/\/bloggar.se\/om\/tiden\" rel=\"tag\">tiden<\/a>, <a href=\"http:\/\/bloggar.se\/om\/vintertid\" rel=\"tag\">vintertid<\/a>, <a href=\"http:\/\/bloggar.se\/om\/normaltid\" rel=\"tag\">normaltid<\/a>, <a href=\"http:\/\/bloggar.se\/om\/klocka\" rel=\"tag\">klocka<\/a>, <a href=\"http:\/\/bloggar.se\/om\/kyla\" rel=\"tag\">kyla<\/a>, <a href=\"http:\/\/bloggar.se\/om\/m%F6rker\" rel=\"tag\">m\u00f6rker<\/a><\/p>\n","protected":false},"excerpt":{"rendered":"<p>D\u00e5 har vi v\u00e4nt tiden tillbaka till det som anses vara normaltiden, vintertiden. T\u00e4nk att jag \u00e4r s\u00e5 gammal att n\u00e4r jag var liten hade vi inte den h\u00e4r uppdelningen av vintertid och sommartid. Den uppdelningen har funnits i 28 \u00e5r nu. Dagens Nyheter ber\u00e4ttar att det funnits f\u00f6rs\u00f6k tidigare med att genomf\u00f6ra sommartid\/vintertid: Men [&hellip;]<\/p>\n","protected":false},"author":2,"featured_media":0,"comment_status":"open","ping_status":"open","sticky":false,"template":"","format":"standard","meta":{"_genesis_hide_title":false,"_genesis_hide_breadcrumbs":false,"_genesis_hide_singular_image":false,"_genesis_hide_footer_widgets":false,"_genesis_custom_body_class":"","_genesis_custom_post_class":"","_genesis_layout":"","footnotes":""},"categories":[20],"tags":[2952,6302,6255],"class_list":{"0":"post-3405","1":"post","2":"type-post","3":"status-publish","4":"format-standard","6":"category-film","7":"tag-klimat","8":"tag-vader","9":"tag-vinter","10":"entry"},"_links":{"self":[{"href":"https:\/\/kulturbloggen.com\/index.php?rest_route=\/wp\/v2\/posts\/3405","targetHints":{"allow":["GET"]}}],"collection":[{"href":"https:\/\/kulturbloggen.com\/index.php?rest_route=\/wp\/v2\/posts"}],"about":[{"href":"https:\/\/kulturbloggen.com\/index.php?rest_route=\/wp\/v2\/types\/post"}],"author":[{"embeddable":true,"href":"https:\/\/kulturbloggen.com\/index.php?rest_route=\/wp\/v2\/users\/2"}],"replies":[{"embeddable":true,"href":"https:\/\/kulturbloggen.com\/index.php?rest_route=%2Fwp%2Fv2%2Fcomments&post=3405"}],"version-history":[{"count":0,"href":"https:\/\/kulturbloggen.com\/index.php?rest_route=\/wp\/v2\/posts\/3405\/revisions"}],"wp:attachment":[{"href":"https:\/\/kulturbloggen.com\/index.php?rest_route=%2Fwp%2Fv2%2Fmedia&parent=3405"}],"wp:term":[{"taxonomy":"category","embeddable":true,"href":"https:\/\/kulturbloggen.com\/index.php?rest_route=%2Fwp%2Fv2%2Fcategories&post=3405"},{"taxonomy":"post_tag","embeddable":true,"href":"https:\/\/kulturbloggen.com\/index.php?rest_route=%2Fwp%2Fv2%2Ftags&post=3405"}],"curies":[{"name":"wp","href":"https:\/\/api.w.org\/{rel}","templated":true}]}}