{"id":340,"date":"2008-07-05T19:02:16","date_gmt":"2008-07-05T19:02:16","guid":{"rendered":"http:\/\/kulturbloggen.com\/?p=340"},"modified":"2008-07-05T19:02:16","modified_gmt":"2008-07-05T19:02:16","slug":"ovader-pa-gang-hoppas-goteborgarna-och-ullevi-klarar-springsteenkonserten-fore-osregnet","status":"publish","type":"post","link":"https:\/\/kulturbloggen.com\/?p=340","title":{"rendered":"Ov\u00e4der p\u00e5 g\u00e5ng, hoppas g\u00f6teborgarna och Ullevi klarar Springsteenkonserten f\u00f6re \u00f6sregnet"},"content":{"rendered":"<p>Tusentals blixtar och regn och ov\u00e4der p\u00e5 g\u00e5ng \u00f6ver Sverige. Och samtidigt samlar tusentals personer p\u00e5 Ullevi f\u00f6r att se <a href=\"http:\/\/www.aftonbladet.se\/nojesliv\/festivalsommar2008\/article2841042.ab\">Bruce Springsteens andra konsert<\/a>.<\/p>\n<p>Relaterat:<br \/>\n<a href=\"http:\/\/www.aftonbladet.se\/nyheter\/article2841423.ab\">Aftonbladet om v\u00e4dret:<\/a><\/p>\n<blockquote><p>Regntunga skyar regerar.<br \/>\nIdag drog tunga m\u00f6rka moln in \u00f6ver G\u00f6taland med \u00e5ska och br\u00e4nder p\u00e5 flera h\u00e5ll i V\u00e4rmland.<br \/>\nNya \u00e5skskurar v\u00e4ntas under natten och det blir en hel del regn i b\u00e5de norr och s\u00f6der.<\/p><\/blockquote>\n<p>H\u00e4r i Stockholm har det bl\u00e5st upp och m\u00f6rka moln har samlats p\u00e5 himlen. Ov\u00e4dret verkar komma lite snabbare \u00e4n vad som var f\u00f6rutsp\u00e5tt (det skulle komma s\u00f6ndag eftermiddag). Vi f\u00e5r hoppas f\u00f6r alla deras skull som \u00e4r p\u00e5 Springsteens andra konsert att regnet inte anl\u00e4nder till G\u00f6teborg f\u00f6rr\u00e4n sent i natt. Typ.<\/p>\n<p>H\u00e4r \u00e4r GP TV:s inspelning av Radio Nowhere med The Boss fr\u00e5n g\u00e5rdagens spelning.<\/p>\n<p>Att ov\u00e4dret \u00e4r p\u00e5 g\u00e5ng \u00e4r v\u00e4l inte s\u00e4rskilt \u00f6verraskande f\u00f6r mig. P\u00e5 m\u00e5ndag g\u00e5r jag p\u00e5 n\u00e5gra dagars ledigt efter att ha jobbat fem dagar i streck. Det \u00e4r v\u00e4l s\u00e5dant livet \u00e4r ibland, eller?<br \/>\nOch om ni undrar: p\u00e5 fredag b\u00f6rjar n\u00e4sta arbetspass s\u00e5 d\u00e5 blir det str\u00e5lande sommar igen. Eller vad tror ni?<\/p>\n<p><embed src=\"http:\/\/www.youtube.com\/v\/lPkQyd2SJfA&#038;hl=en&#038;fs=1\" type=\"application\/x-shockwave-flash\" allowfullscreen=\"true\" width=\"425\" height=\"344\"><\/embed><\/p>\n<p>Andra bloggar om: <a href=\"http:\/\/bloggar.se\/om\/v%E4der\" rel=\"tag\">v\u00e4der<\/a>, <a href=\"http:\/\/bloggar.se\/om\/Bruce+Springsteen\" rel=\"tag\">Bruce Springsteen<\/a>, <a href=\"http:\/\/bloggar.se\/om\/blixtar\" rel=\"tag\">blixtar<\/a>, <a href=\"http:\/\/bloggar.se\/om\/Ullevi\" rel=\"tag\">Ullevi<\/a> Andra bloggar om: <a href=\"http:\/\/bloggar.se\/om\/video\" rel=\"tag\">video<\/a>, <a href=\"http:\/\/bloggar.se\/om\/konserter\" rel=\"tag\">konserter<\/a><\/p>\n","protected":false},"excerpt":{"rendered":"<p>Tusentals blixtar och regn och ov\u00e4der p\u00e5 g\u00e5ng \u00f6ver Sverige. Och samtidigt samlar tusentals personer p\u00e5 Ullevi f\u00f6r att se Bruce Springsteens andra konsert. Relaterat: Aftonbladet om v\u00e4dret: Regntunga skyar regerar. Idag drog tunga m\u00f6rka moln in \u00f6ver G\u00f6taland med \u00e5ska och br\u00e4nder p\u00e5 flera h\u00e5ll i V\u00e4rmland. Nya \u00e5skskurar v\u00e4ntas under natten och det [&hellip;]<\/p>\n","protected":false},"author":2,"featured_media":0,"comment_status":"open","ping_status":"open","sticky":false,"template":"","format":"standard","meta":{"_genesis_hide_title":false,"_genesis_hide_breadcrumbs":false,"_genesis_hide_singular_image":false,"_genesis_hide_footer_widgets":false,"_genesis_custom_body_class":"","_genesis_custom_post_class":"","_genesis_layout":"","footnotes":""},"categories":[20],"tags":[3004,6302,6230],"class_list":{"0":"post-340","1":"post","2":"type-post","3":"status-publish","4":"format-standard","6":"category-film","7":"tag-konserter","8":"tag-vader","9":"tag-video","10":"entry"},"_links":{"self":[{"href":"https:\/\/kulturbloggen.com\/index.php?rest_route=\/wp\/v2\/posts\/340","targetHints":{"allow":["GET"]}}],"collection":[{"href":"https:\/\/kulturbloggen.com\/index.php?rest_route=\/wp\/v2\/posts"}],"about":[{"href":"https:\/\/kulturbloggen.com\/index.php?rest_route=\/wp\/v2\/types\/post"}],"author":[{"embeddable":true,"href":"https:\/\/kulturbloggen.com\/index.php?rest_route=\/wp\/v2\/users\/2"}],"replies":[{"embeddable":true,"href":"https:\/\/kulturbloggen.com\/index.php?rest_route=%2Fwp%2Fv2%2Fcomments&post=340"}],"version-history":[{"count":0,"href":"https:\/\/kulturbloggen.com\/index.php?rest_route=\/wp\/v2\/posts\/340\/revisions"}],"wp:attachment":[{"href":"https:\/\/kulturbloggen.com\/index.php?rest_route=%2Fwp%2Fv2%2Fmedia&parent=340"}],"wp:term":[{"taxonomy":"category","embeddable":true,"href":"https:\/\/kulturbloggen.com\/index.php?rest_route=%2Fwp%2Fv2%2Fcategories&post=340"},{"taxonomy":"post_tag","embeddable":true,"href":"https:\/\/kulturbloggen.com\/index.php?rest_route=%2Fwp%2Fv2%2Ftags&post=340"}],"curies":[{"name":"wp","href":"https:\/\/api.w.org\/{rel}","templated":true}]}}