{"id":33981,"date":"2011-04-16T11:25:58","date_gmt":"2011-04-16T09:25:58","guid":{"rendered":"http:\/\/kulturbloggen.com\/?p=33981"},"modified":"2011-04-16T11:25:58","modified_gmt":"2011-04-16T09:25:58","slug":"fran-urpremiaren-av-brev-fran-eric-ericson-pa-unga-dramaten","status":"publish","type":"post","link":"https:\/\/kulturbloggen.com\/?p=33981","title":{"rendered":"Fr\u00e5n urpremi\u00e4ren av Brev fr\u00e5n Eric Ericson p\u00e5 Unga Dramaten"},"content":{"rendered":"<figure id=\"attachment_33983\" aria-describedby=\"caption-attachment-33983\" style=\"width: 358px\" class=\"wp-caption aligncenter\"><a href=\"http:\/\/kulturbloggen.com\/wp-content\/uploads\/2011\/04\/Brev-EE_press_11.jpg\"><img loading=\"lazy\" decoding=\"async\" class=\"size-full wp-image-33983\" title=\"Brev EE_press_11\" src=\"http:\/\/kulturbloggen.com\/wp-content\/uploads\/2011\/04\/Brev-EE_press_11.jpg\" alt=\"\" width=\"358\" height=\"239\" \/><\/a><figcaption id=\"caption-attachment-33983\" class=\"wp-caption-text\">Filip Alexanderson, Th\u00e9r\u00e8se Brunnander, Sanna Sundqvist. Foto: Roger Stenber. <\/figcaption><\/figure>\n<p>Brev fr\u00e5n Eric Ericsson \u00e4r en dramatisering av Eric Ericsons bok\u00a0Brev till Clara och Tyra och bygger p\u00e5 n\u00e5gra av de hundratals galna brev som han skickat till de tv\u00e5 systrarna Clara och Tyra von Zweigbergk genom \u00e5ren.\u00a0 Pj\u00e4sen hade premi\u00e4r p\u00e5 Unga Dramaten\/Elverket den 15 april och \u00e4r fr\u00e5n 15 \u00e5r. P\u00e5 scenen gestaltas breven av Filip Alexanderson, Th\u00e9r\u00e8se Brunnander och Sanna Sundqvist. De tre agerar b\u00e5de avs\u00e4ndare och mottagare av Eric Ericsons brev.<\/p>\n<p>P\u00e5 scenen, som \u00e4r belamrad av prylar, kommer ett oavbrutet fl\u00f6de av tankar fr\u00e5n Eric Ericsons v\u00e4rld.\u00a0 Sk\u00e5despelarna fyller v\u00e4ggarna med bilder och text och ofta h\u00e4nder det n\u00e5got p\u00e5 flera st\u00e4llen samtidigt. Mest dr\u00e5pliga \u00e4r nyhetsbreven fr\u00e5n Coop N\u00e4ra som dimper ned genom brevinkastet med j\u00e4mna mellanrum. Vi k\u00e4nner igen den skenbart personliga tonen som anv\u00e4nds av livsmedelsaff\u00e4rerna f\u00f6r att skapa lojala kunder. Men personalchefen G\u00f6ran p\u00e5 Coop n\u00e4ra g\u00e5r l\u00e4ngre \u00e4n andra n\u00e4r han bland annat \u00a0inbjuder till obligatorisk tipspromenad i n\u00e4romr\u00e5det och kallar konsumenten till ett personligt samtal med personalen eftersom \u201dcharken upplever dig som kall\u201d.<\/p>\n<p>Den r\u00f6da tr\u00e5den i f\u00f6rest\u00e4llningen \u00e4r medborgarens f\u00f6rh\u00e5llande till samh\u00e4llet. Det handlar om auktoriteter som Stockholms Lokaltrafik och Haningehem, om hur v\u00e5rt m\u00e4nniskov\u00e4rde som kommer att ligga till grund f\u00f6r v\u00e5r pension ska r\u00e4knas ut, om fax som skickats ut f\u00f6r att skapa arbetstillf\u00e4llen, om medborgarnas lojalitet . \u201dDet handlar om samh\u00e4llet som skydd \u2013 och som f\u00e4ngelse. V\u00e5r r\u00e4dsla f\u00f6r samh\u00e4llet. Den tunna gr\u00e4nsen mellan erbjudande och krav\u201d, skriver regiss\u00f6ren Ellen Lamm i programmet.<\/p>\n<p>L\u00e4s mer i <a href=\"http:\/\/teatermagasinet.se\/?p=1622\" target=\"_blank\">Teatermagasinet<\/a>s recension och p\u00e5 <a href=\"http:\/\/www.dramaten.se\/Dramaten\/Forestallningar\/Brev-fran-Eric-Ericson\/\" target=\"_blank\">Dramatens hemsida<\/a>.<\/p>\n<figure id=\"attachment_33985\" aria-describedby=\"caption-attachment-33985\" style=\"width: 300px\" class=\"wp-caption aligncenter\"><a href=\"http:\/\/kulturbloggen.com\/wp-content\/uploads\/2011\/04\/Eric_Ericson_press_11.jpg\"><img loading=\"lazy\" decoding=\"async\" class=\"size-medium wp-image-33985 \" title=\"Eric Ericson  Ellen Lamm\" src=\"http:\/\/kulturbloggen.com\/wp-content\/uploads\/2011\/04\/Eric_Ericson_press_11-300x200.jpg\" alt=\"\" width=\"300\" height=\"200\" \/><\/a><figcaption id=\"caption-attachment-33985\" class=\"wp-caption-text\">Eric Ericson och och regiss\u00f6ren Ellen Lamm. Foto: Roger Stenberg.<\/figcaption><\/figure>\n<p>L\u00e4s mer om <a href=\"http:\/\/sv.wikipedia.org\/wiki\/Eric_Ericson_(f%C3%B6rfattare)\" target=\"_blank\">Eric Ericson<\/a> p\u00e5 Wikipedis, samt om hans <a href=\"http:\/\/www.brevtillsamhallet.se\" target=\"_blank\">Brev till samh\u00e4llet<\/a>, <a href=\"http:\/\/www.brevtillutlandet.se\/\">Brev till utlandet<\/a>.<\/p>\n<p>L\u00e4s \u00e4ven andra bloggares \u00e5sikter om <a rel=\"tag\" href=\"http:\/\/bloggar.se\/om\/Eric+Ericson\">Eric Ericson<\/a>, <a rel=\"tag\" href=\"http:\/\/bloggar.se\/om\/Unga+Dramaten\">Unga Dramaten<\/a>, <a rel=\"tag\" href=\"http:\/\/bloggar.se\/om\/Ellen+Lamm\">Ellen Lamm<\/a><\/p>\n","protected":false},"excerpt":{"rendered":"<p>Brev fr\u00e5n Eric Ericsson \u00e4r en dramatisering av Eric Ericsons bok\u00a0Brev till Clara och Tyra och bygger p\u00e5 n\u00e5gra av de hundratals galna brev som han skickat till de tv\u00e5 systrarna Clara och Tyra von Zweigbergk genom \u00e5ren.\u00a0 Pj\u00e4sen hade premi\u00e4r p\u00e5 Unga Dramaten\/Elverket den 15 april och \u00e4r fr\u00e5n 15 \u00e5r. P\u00e5 scenen gestaltas [&hellip;]<\/p>\n","protected":false},"author":13,"featured_media":0,"comment_status":"open","ping_status":"open","sticky":false,"template":"","format":"standard","meta":{"_genesis_hide_title":false,"_genesis_hide_breadcrumbs":false,"_genesis_hide_singular_image":false,"_genesis_hide_footer_widgets":false,"_genesis_custom_body_class":"","_genesis_custom_post_class":"","_genesis_layout":"","footnotes":""},"categories":[20,30],"tags":[1490,1549,6088],"class_list":["post-33981","post","type-post","status-publish","format-standard","category-film","category-teater","tag-ellen-lamm","tag-eric-ericson","tag-unga-dramaten","entry"],"_links":{"self":[{"href":"https:\/\/kulturbloggen.com\/index.php?rest_route=\/wp\/v2\/posts\/33981","targetHints":{"allow":["GET"]}}],"collection":[{"href":"https:\/\/kulturbloggen.com\/index.php?rest_route=\/wp\/v2\/posts"}],"about":[{"href":"https:\/\/kulturbloggen.com\/index.php?rest_route=\/wp\/v2\/types\/post"}],"author":[{"embeddable":true,"href":"https:\/\/kulturbloggen.com\/index.php?rest_route=\/wp\/v2\/users\/13"}],"replies":[{"embeddable":true,"href":"https:\/\/kulturbloggen.com\/index.php?rest_route=%2Fwp%2Fv2%2Fcomments&post=33981"}],"version-history":[{"count":0,"href":"https:\/\/kulturbloggen.com\/index.php?rest_route=\/wp\/v2\/posts\/33981\/revisions"}],"wp:attachment":[{"href":"https:\/\/kulturbloggen.com\/index.php?rest_route=%2Fwp%2Fv2%2Fmedia&parent=33981"}],"wp:term":[{"taxonomy":"category","embeddable":true,"href":"https:\/\/kulturbloggen.com\/index.php?rest_route=%2Fwp%2Fv2%2Fcategories&post=33981"},{"taxonomy":"post_tag","embeddable":true,"href":"https:\/\/kulturbloggen.com\/index.php?rest_route=%2Fwp%2Fv2%2Ftags&post=33981"}],"curies":[{"name":"wp","href":"https:\/\/api.w.org\/{rel}","templated":true}]}}