{"id":33927,"date":"2011-04-14T23:46:52","date_gmt":"2011-04-14T21:46:52","guid":{"rendered":"http:\/\/kulturbloggen.com\/?p=33927"},"modified":"2011-04-14T23:46:52","modified_gmt":"2011-04-14T21:46:52","slug":"fran-nypremiaren-av-savannah-bay-pa-teaterverket","status":"publish","type":"post","link":"https:\/\/kulturbloggen.com\/?p=33927","title":{"rendered":"Fr\u00e5n nypremi\u00e4ren av Savannah Bay p\u00e5 Teaterverket"},"content":{"rendered":"<figure id=\"attachment_33929\" aria-describedby=\"caption-attachment-33929\" style=\"width: 300px\" class=\"wp-caption aligncenter\"><a href=\"http:\/\/kulturbloggen.com\/wp-content\/uploads\/2011\/04\/savannah_press011.jpg\"><img loading=\"lazy\" decoding=\"async\" class=\"size-medium wp-image-33929\" title=\"savannah_press011\" src=\"http:\/\/kulturbloggen.com\/wp-content\/uploads\/2011\/04\/savannah_press011-300x200.jpg\" alt=\"\" width=\"300\" height=\"200\" \/><\/a><figcaption id=\"caption-attachment-33929\" class=\"wp-caption-text\">Britt Louise Tillbom och Anna Wadstr\u00f6m. Foto: Martin Eklund. <\/figcaption><\/figure>\n<p>Marguerite Duras Savannah Bay har haft nypremi\u00e4r p\u00e5 lilla Teaterverket, som ligger v\u00e4gg i v\u00e4gg med Odenteatern. Pj\u00e4sen spelades i mars och den 14-17 april ges fyra extraf\u00f6rest\u00e4llningar.  <\/p>\n<p>Savannah Bay \u00e4ger rum i gr\u00e4nslandet mellan verkliga minnen, fantasi och dikt. Den gamla sk\u00e5despelerskan Madeleine f\u00e5r bes\u00f6k av en ung sl\u00e4kting. Den unga kvinnan, som tycks vara den \u00e4ldre kvinnans dotterdotter, f\u00f6rs\u00f6ker hj\u00e4lpa henne att f\u00e5nga sina minnen i flykten och bena ut vad som har h\u00e4nt och vem som har upplevt det.  Fram v\u00e4xer en v\u00e4v av glimtar fr\u00e5n Madeleines eget liv, av en ung kvinna som kan vara hennes dotter, av Madeleines roller p\u00e5 scen och film. Pj\u00e4sen handlar, i likhet med m\u00e5nga andra av Marguerite Duras verk, om \u00f6gonblicklig och f\u00f6rg\u00f6rande k\u00e4rlek och om d\u00f6den. <\/p>\n<p>Britt Louise Tillbom g\u00f6r ett insiktsfullt portr\u00e4tt av den \u00e4ldre kvinnan och av de minnen som hon \u00f6msom v\u00e4rnar om och \u00f6msom vill f\u00f6rtr\u00e4nga. Anna Wadstr\u00f6m som den unga kvinnan \u00e4r \u00e5 ena sidan Madeleines kontrast i sitt sanningss\u00f6kande och \u00e5 andra sidan hennes spegelbild n\u00e4r de v\u00e4xlar om i rollen som den \u00e4lskande kvinnan.  <\/p>\n<p>Savannah Bay \u00e4r en vacker pj\u00e4s med en poetisk dialog. Det vi f\u00e5r med oss \u00e4r en tankest\u00e4llare om vad v\u00e5rt minne egentligen \u00e4r och om att n\u00e4r det g\u00e4ller minnen kan man egentligen aldrig ha fel. <\/p>\n<p>L\u00e4s mer om Savannah Bay i <a href=\"http:\/\/teatermagasinet.se\/?p=1596\" target=\"_blank\">Teatermagasinet<\/a> och p\u00e5 <a href=\"http:\/\/teaterverket.se\/aktuella-produktioner\/savannah-bay\/\" target=\"_blank\">Teaterverkets hemsida<\/a>.  <\/p>\n<p>L\u00e4s \u00e4ven andra bloggares \u00e5sikter om <a rel=\"tag\" href=\"http:\/\/bloggar.se\/om\/Marguerite+Duras\">Marguerite Duras<\/a><\/p>\n","protected":false},"excerpt":{"rendered":"<p>Marguerite Duras Savannah Bay har haft nypremi\u00e4r p\u00e5 lilla Teaterverket, som ligger v\u00e4gg i v\u00e4gg med Odenteatern. Pj\u00e4sen spelades i mars och den 14-17 april ges fyra extraf\u00f6rest\u00e4llningar. Savannah Bay \u00e4ger rum i gr\u00e4nslandet mellan verkliga minnen, fantasi och dikt. Den gamla sk\u00e5despelerskan Madeleine f\u00e5r bes\u00f6k av en ung sl\u00e4kting. Den unga kvinnan, som tycks [&hellip;]<\/p>\n","protected":false},"author":13,"featured_media":0,"comment_status":"open","ping_status":"open","sticky":false,"template":"","format":"standard","meta":{"_genesis_hide_title":false,"_genesis_hide_breadcrumbs":false,"_genesis_hide_singular_image":false,"_genesis_hide_footer_widgets":false,"_genesis_custom_body_class":"","_genesis_custom_post_class":"","_genesis_layout":"","footnotes":""},"categories":[16,30,31],"tags":[3535,5660],"class_list":{"0":"post-33927","1":"post","2":"type-post","3":"status-publish","4":"format-standard","6":"category-recension","7":"category-teater","8":"category-teaterrecension","9":"tag-maruertite-duras","10":"tag-teaterverket","11":"entry"},"_links":{"self":[{"href":"https:\/\/kulturbloggen.com\/index.php?rest_route=\/wp\/v2\/posts\/33927","targetHints":{"allow":["GET"]}}],"collection":[{"href":"https:\/\/kulturbloggen.com\/index.php?rest_route=\/wp\/v2\/posts"}],"about":[{"href":"https:\/\/kulturbloggen.com\/index.php?rest_route=\/wp\/v2\/types\/post"}],"author":[{"embeddable":true,"href":"https:\/\/kulturbloggen.com\/index.php?rest_route=\/wp\/v2\/users\/13"}],"replies":[{"embeddable":true,"href":"https:\/\/kulturbloggen.com\/index.php?rest_route=%2Fwp%2Fv2%2Fcomments&post=33927"}],"version-history":[{"count":0,"href":"https:\/\/kulturbloggen.com\/index.php?rest_route=\/wp\/v2\/posts\/33927\/revisions"}],"wp:attachment":[{"href":"https:\/\/kulturbloggen.com\/index.php?rest_route=%2Fwp%2Fv2%2Fmedia&parent=33927"}],"wp:term":[{"taxonomy":"category","embeddable":true,"href":"https:\/\/kulturbloggen.com\/index.php?rest_route=%2Fwp%2Fv2%2Fcategories&post=33927"},{"taxonomy":"post_tag","embeddable":true,"href":"https:\/\/kulturbloggen.com\/index.php?rest_route=%2Fwp%2Fv2%2Ftags&post=33927"}],"curies":[{"name":"wp","href":"https:\/\/api.w.org\/{rel}","templated":true}]}}